{"id":222,"date":"2013-12-22T18:28:50","date_gmt":"2013-12-22T18:28:50","guid":{"rendered":"http:\/\/blogs.hoy.es\/escuela-de-padres\/?p=222"},"modified":"2013-12-22T18:28:50","modified_gmt":"2013-12-22T18:28:50","slug":"somos-los-padres-unos-incompetentes","status":"publish","type":"post","link":"https:\/\/blogs.hoy.es\/escuela-de-padres\/2013\/12\/22\/somos-los-padres-unos-incompetentes\/","title":{"rendered":"\u00bfSomos los padres unos incompetentes?"},"content":{"rendered":"<div id=\"attachment_224\" style=\"width: 610px\" class=\"wp-caption aligncenter\"><a href=\"\/escuela-de-padres\/wp-content\/uploads\/sites\/67\/2013\/12\/PADREINCOMPETENTE.jpg\"><img aria-describedby=\"caption-attachment-224\" loading=\"lazy\" class=\"size-full wp-image-224\" src=\"\/escuela-de-padres\/wp-content\/uploads\/sites\/67\/2013\/12\/PADREINCOMPETENTE.jpg\" alt=\"Padre e hijo desayunando juntos. \" width=\"600\" height=\"400\" srcset=\"https:\/\/static-blogs.hoy.es\/wp-content\/uploads\/sites\/67\/2013\/12\/PADREINCOMPETENTE.jpg 600w, https:\/\/static-blogs.hoy.es\/wp-content\/uploads\/sites\/67\/2013\/12\/PADREINCOMPETENTE-300x200.jpg 300w\" sizes=\"(max-width: 600px) 100vw, 600px\" \/><\/a><p id=\"caption-attachment-224\" class=\"wp-caption-text\">Padre e hijo desayunando juntos.<\/p><\/div>\n<p>A menudo leo en la prensa o por televisi\u00f3n o escucho a amigos, compa\u00f1eros de trabajo que una buena parte de <strong><em>los problemas que presentan los ni\u00f1os y j\u00f3venes hoy en d\u00eda es por culpa de los padres que no saben educar.<\/em><\/strong>\u00a0 Esta especie de \u201cmantra&#8221;, de tanto repetirla, ha ido calando hasta en los propios padres<\/p>\n<p>Los padres en estos \u00faltimos a\u00f1os<strong> son los m\u00e1s preocupados y ocupados por la educaci\u00f3n<\/strong> de sus hijos,<strong> los que m\u00e1s tiempo dedican a educar<\/strong>,\u00a0 los que disponen de la <strong>mayor acceso a la\u00a0 formaci\u00f3n<\/strong> para poder realizar esta tarea de educar y, <strong>sin embargo, son los padres que se sienten m\u00e1s insatisfechos<\/strong> por la tarea de educar, y adem\u00e1s son los padres m\u00e1s criticados.<br \/>\n<object id=\"flashObj\" width=\"640\" height=\"360\" classid=\"clsid:d27cdb6e-ae6d-11cf-96b8-444553540000\" codebase=\"http:\/\/download.macromedia.com\/pub\/shockwave\/cabs\/flash\/swflash.cab#version=6,0,40,0\"><param name=\"flashVars\" value=\"@videoPlayer=2953397107001&#038;playerID=309010012001&#038;playerKey=AQ~~,AAAAE_Nrnlk~,nvezczbcIbFKkdWFPX_8YwXJCUFbI5Xb&#038;domain=embed&#038;dynamicStreaming=true\" \/><param name=\"base\" value=\"http:\/\/admin.brightcove.com\" \/><param name=\"seamlesstabbing\" value=\"false\" \/><param name=\"allowFullScreen\" value=\"true\" \/><param name=\"swLiveConnect\" value=\"true\" \/><param name=\"allowScriptAccess\" value=\"always\" \/><param name=\"src\" value=\"http:\/\/c.brightcove.com\/services\/viewer\/federated_f9?isVid=1&#038;isUI=1\" \/><param name=\"flashvars\" value=\"@videoPlayer=2953397107001&#038;playerID=309010012001&#038;playerKey=AQ~~,AAAAE_Nrnlk~,nvezczbcIbFKkdWFPX_8YwXJCUFbI5Xb&#038;domain=embed&#038;dynamicStreaming=true\" \/><param name=\"allowfullscreen\" value=\"true\" \/><param name=\"allowscriptaccess\" value=\"always\" \/><param name=\"swliveconnect\" value=\"true\" \/><param name=\"pluginspage\" value=\"http:\/\/www.macromedia.com\/shockwave\/download\/index.cgi?P1_Prod_Version=ShockwaveFlash\" \/><embed id=\"flashObj\" width=\"640\" height=\"360\" type=\"application\/x-shockwave-flash\" src=\"\/\/c.brightcove.com\/services\/viewer\/federated_f9?isVid=1&#038;isUI=1\" flashVars=\"@videoPlayer=2953397107001&#038;playerID=309010012001&#038;playerKey=AQ~~,AAAAE_Nrnlk~,nvezczbcIbFKkdWFPX_8YwXJCUFbI5Xb&#038;domain=embed&#038;dynamicStreaming=true\" base=\"http:\/\/admin.brightcove.com\" seamlesstabbing=\"false\" allowFullScreen=\"true\" swLiveConnect=\"true\" allowScriptAccess=\"always\" flashvars=\"@videoPlayer=2953397107001&#038;playerID=309010012001&#038;playerKey=AQ~~,AAAAE_Nrnlk~,nvezczbcIbFKkdWFPX_8YwXJCUFbI5Xb&#038;domain=embed&#038;dynamicStreaming=true\" allowfullscreen=\"true\" allowscriptaccess=\"always\" swliveconnect=\"true\" pluginspage=\"http:\/\/www.macromedia.com\/shockwave\/download\/index.cgi?P1_Prod_Version=ShockwaveFlash\" \/><\/object><br \/>\n<em><strong>\u00bfSon los padres unos incompetentes?<\/strong><\/em>, pues en mi opini\u00f3n esto <span style=\"text-decoration: underline;\"><strong>no es verdad,<\/strong><\/span> y en m\u00e1s de treinta a\u00f1os de trabajo con padres y madres, he tenido la oportunidad, casi cotidiana, de hablar con padres y madres que educan, padres y madres entregados a la tarea de educar,\u00a0 que saben perfectamente qu\u00e9 y c\u00f3mo educar.<\/p>\n<p>Entonces <span style=\"text-decoration: underline;\"><strong>\u00bfpor qu\u00e9 esta sensaci\u00f3n de incompetencia?<\/strong><\/span> Pues creo que el problema reside en que los padres nos empe\u00f1amos en v<strong>incular la tarea de educar con lo que los hijos hacen (resultados) y no con lo que hacemos los padres (educar).<\/strong> De tal manera que, si los hijos lo \u201chacen bien\u201d, es porque est\u00e1n bien educados; y si \u201cobran mal\u201d, es porque algo hemos hecho mal. Y a esto le a\u00f1adimos que<strong> todos somos unos expertos en educar&#8230; a los hijos de los dem\u00e1s.<\/strong><\/p>\n<p>Hace un a\u00f1o que comenc\u00e9 esta aventura de escribir un <a href=\"https:\/\/blogs.hoy.es\/escuela-de-padres\/\" target=\"_blank\">blog para padres<\/a>, un blog que tiene un t\u00edtulo enga\u00f1oso \u201cescuela de padres\u201d porque realmente este blog no es una escuela de padres, sino <strong>un espejo donde podemos mirarnos, no para aprender algo que no sabemos, sino para reflexionar sobre lo que somos, sobre lo que hacemos, lo que sentimos mientras educamos para motivarnos\u00a0 con la tarea de ejercer de padres. <\/strong><\/p>\n<p style=\"padding-left: 30px;\">Un a\u00f1o en el que hemos compartido nuestro inter\u00e9s, aprecio y ganas por la tarea de educar, por eso recordar que somos competentes.<\/p>\n<p>\u00a0\u00a0\u00a0\u00a0\u00a0\u00a0\u00a0\u00a0\u00a0\u00a0\u00a0\u00a0 Que somos padres competentes educando a nuestros hijos, pero no olvidemos que\u00a0 <strong>nuestros hijos est\u00e1n \u201cen construcci\u00f3n\u201d<\/strong>, est\u00e1n aprendiendo a ser ellos mismos, y<strong> cuando uno est\u00e1 aprendiendo es muy f\u00e1cil equivocarse.<\/strong><\/p>\n<p>Que sabemos que ejercer de padres conlleva las competencias de hablar, guiar y poner l\u00edmites, y por ello sabemos que<strong> los conflictos con los hijos son inevitables, y no nos dan miedo porque los padres sabemos a d\u00f3nde queremos llegar.<\/strong><\/p>\n<p>Que ejercer de padres es una tarea que est\u00e1 <strong>rodeada de una importante carga emocional<\/strong>, y mientras educamos, ense\u00f1amos tambi\u00e9n a nuestros hijos a que las emociones est\u00e1n presentes en todas y cada una de las actividades de la vida.<\/p>\n<p><span style=\"text-decoration: underline;\"><strong>Las emociones no pueden guiar nuestras vidas<\/strong><\/span>, las emociones acompa\u00f1an nuestros actos y por eso cuando educamos hay que tener mucho cuidado para no caer en la tentaci\u00f3n de dejarse llevar por las emociones. No somos esclavos de lo que sentimos.<\/p>\n<p>Que somos competentes porque<strong> frente a la incertidumbre de lo que puede pasar ma\u00f1ana, est\u00e1 la certeza de lo que hacemos aqu\u00ed y ahora: educar.\u00a0 Educamos hoy para que el ma\u00f1ana sea menos incierto.<\/strong><\/p>\n<p>Que <strong>no vivimos en el para\u00edso ni en el mejor de los mundos posibles,<\/strong> y que <strong>educar es tambi\u00e9n abrir los ojos<\/strong> ante estos peligros y ense\u00f1ar a los hijos modos de afrontarlos. <strong>Ense\u00f1ar es nuestra tarea, actuar la de nuestros hijos.<\/strong><\/p>\n<p>Que los padres sabemos que el tiempo discurre muy r\u00e1pido mientras que\u00a0 nuestros hijos sienten que va muy despacio. El \u00fanico tiempo que existe de verdad es el presente as\u00ed que, eduquemos con la vista en el futuro, pero con acciones en el presente.<\/p>\n<p>Muchas gracias a todos los lectores del <a href=\"http:\/\/www.hoy.es\/\" target=\"_blank\">HOY.es<\/a> que este a\u00f1o, con sus mas de cien mil lecturas de los diferentes posts que configuran el blog,\u00a0 me han demostrado lo que para m\u00ed es una certeza:<strong> los padres son competentes para educar a sus hijos.<\/strong><\/p>\n<p>As\u00ed que, <strong>\u00e1nimo un d\u00eda m\u00e1s<\/strong>, la tarea contin\u00faa y no se os olvide la tarea que propuse en el <a href=\"https:\/\/blogs.hoy.es\/escuela-de-padres\/2012\/12\/21\/si-podemos-ser-buenos-padres\/\" target=\"_blank\">primer pos<\/a>t, <strong>decir a los hijos te quiero, esa es la poderosa raz\u00f3n por la que educamos y seguimos educando.<\/strong><\/p>\n<p><strong><span style=\"text-decoration: underline;\">\u00a1Feliz Navidad!<\/span><br \/>\n<\/strong><\/p>\n<p><strong>\u00a0<\/strong><\/p>\n<!-- AddThis Advanced Settings generic via filter on the_content --><!-- AddThis Share Buttons generic via filter on the_content -->","protected":false},"excerpt":{"rendered":"<p>A menudo leo en la prensa o por televisi\u00f3n o escucho a amigos, compa\u00f1eros de trabajo que una buena parte de los problemas que presentan los ni\u00f1os y j\u00f3venes hoy en d\u00eda es por culpa de los padres que no saben educar.\u00a0 Esta especie de \u201cmantra&#8221;, de tanto repetirla, ha ido calando hasta en los [&hellip;]<!-- AddThis Advanced Settings generic via filter on get_the_excerpt --><!-- AddThis Share Buttons generic via filter on get_the_excerpt --><\/p>\n","protected":false},"author":74,"featured_media":0,"comment_status":"open","ping_status":"closed","sticky":false,"template":"","format":"standard","meta":[],"categories":[2,4,5,6],"tags":[140,202,312,321,322,348,350,362,379,442,479,483,565,590,668,670,715,723,757,791],"_links":{"self":[{"href":"https:\/\/blogs.hoy.es\/escuela-de-padres\/wp-json\/wp\/v2\/posts\/222"}],"collection":[{"href":"https:\/\/blogs.hoy.es\/escuela-de-padres\/wp-json\/wp\/v2\/posts"}],"about":[{"href":"https:\/\/blogs.hoy.es\/escuela-de-padres\/wp-json\/wp\/v2\/types\/post"}],"author":[{"embeddable":true,"href":"https:\/\/blogs.hoy.es\/escuela-de-padres\/wp-json\/wp\/v2\/users\/74"}],"replies":[{"embeddable":true,"href":"https:\/\/blogs.hoy.es\/escuela-de-padres\/wp-json\/wp\/v2\/comments?post=222"}],"version-history":[{"count":0,"href":"https:\/\/blogs.hoy.es\/escuela-de-padres\/wp-json\/wp\/v2\/posts\/222\/revisions"}],"wp:attachment":[{"href":"https:\/\/blogs.hoy.es\/escuela-de-padres\/wp-json\/wp\/v2\/media?parent=222"}],"wp:term":[{"taxonomy":"category","embeddable":true,"href":"https:\/\/blogs.hoy.es\/escuela-de-padres\/wp-json\/wp\/v2\/categories?post=222"},{"taxonomy":"post_tag","embeddable":true,"href":"https:\/\/blogs.hoy.es\/escuela-de-padres\/wp-json\/wp\/v2\/tags?post=222"}],"curies":[{"name":"wp","href":"https:\/\/api.w.org\/{rel}","templated":true}]}}