{"id":28,"date":"2013-01-09T11:59:30","date_gmt":"2013-01-09T11:59:30","guid":{"rendered":"http:\/\/blogs.hoy.es\/escuela-de-padres\/?p=28"},"modified":"2013-01-09T11:59:30","modified_gmt":"2013-01-09T11:59:30","slug":"estudiar-con-los-hijos-o-ayudar-a-que-los-hijos-estudien","status":"publish","type":"post","link":"https:\/\/blogs.hoy.es\/escuela-de-padres\/2013\/01\/09\/estudiar-con-los-hijos-o-ayudar-a-que-los-hijos-estudien\/","title":{"rendered":"\u00bfEstudiar con los hijos o ayudar a que los hijos estudien?"},"content":{"rendered":"<p>&nbsp;<\/p>\n<div id=\"attachment_30\" style=\"width: 357px\" class=\"wp-caption aligncenter\"><a href=\"\/escuela-de-padres\/wp-content\/uploads\/sites\/67\/2013\/01\/ni\u00f1asestudiando.jpg\"><img aria-describedby=\"caption-attachment-30\" loading=\"lazy\" class=\" wp-image-30 \" title=\"Unas ni\u00f1as haciendo sus deberes escolares.\" src=\"\/escuela-de-padres\/wp-content\/uploads\/sites\/67\/2013\/01\/ni\u00f1asestudiando.jpg\" alt=\"Unas ni\u00f1as haciendo sus deberes escolares.\" width=\"347\" height=\"216\" srcset=\"https:\/\/static-blogs.hoy.es\/wp-content\/uploads\/sites\/67\/2013\/01\/ni\u00f1asestudiando.jpg 1890w, https:\/\/static-blogs.hoy.es\/wp-content\/uploads\/sites\/67\/2013\/01\/ni\u00f1asestudiando-300x187.jpg 300w, https:\/\/static-blogs.hoy.es\/wp-content\/uploads\/sites\/67\/2013\/01\/ni\u00f1asestudiando-768x480.jpg 768w, https:\/\/static-blogs.hoy.es\/wp-content\/uploads\/sites\/67\/2013\/01\/ni\u00f1asestudiando-1024x640.jpg 1024w\" sizes=\"(max-width: 347px) 100vw, 347px\" \/><\/a><p id=\"caption-attachment-30\" class=\"wp-caption-text\">Unas ni\u00f1as haciendo sus deberes escolares.<\/p><\/div>\n<p>Ahora que el curso vuelve a reiniciarse,\u00a0 ahora que los lunes vuelven a ser lunes y las vacaciones de navidad pasan a ser las pasadas navidades, ahora\u00a0 que el bullicio de las vacaciones deja paso a\u00a0 la rutina de lo cotidiano, me estoy acordando de los padres que mientras recogen los adornos navide\u00f1os, dejan escapar alg\u00fan que otro suspiro\u00a0 seguido de un \u201c\u00bfqu\u00e9 te pasa?\u201d, \u201c\u00bfque qu\u00e9 me pasa?, \u00a0que ma\u00f1ana <strong>tenemos que estudiar<\/strong> el relieve de interior\u201d<\/p>\n<p>Es curioso ver como <strong>en estos \u00faltimos a\u00f1os entre los temas de conversaci\u00f3n que tenemos entre los padres abundan los contenidos curriculares, <\/strong>\u00a0los estudios de nuestros hijos. As\u00ed se puede escuchar a algunos disertando sobre las diferencias entre p\u00e1ramos, vegas y campi\u00f1as, esos padres son los que tienen a los hijos en 5\u00ba de Primaria.<\/p>\n<p>Y si la conversaci\u00f3n versa sobre la amplitud del \u00e1ngulo resultante de dividir la circunferencia en 360 partes iguales, podr\u00e1s escuchar a una madre, ufana, apostillar, \u201ct\u00fa a lo que te refieres es a\u00a0 los grados sexagesimales\u201d, esa es madre de una de 2\u00ba de la ESO, y si los ves muy ansiosos y hablando de Pericles, los Sofistas y Plat\u00f3n, sin duda esos son padres de los de 2\u00ba Bachillerato.<\/p>\n<p><strong><a href=\"http:\/\/elpais.com\/diario\/2009\/04\/24\/sociedad\/1240524005_850215.html\">Est\u00e1 demostrado<\/a> que la implicaci\u00f3n, el inter\u00e9s y la actitud de los padres ante los estudios de sus hijos influyen positivamente en la conducta de los hijos frente a los estudios.<\/strong><\/p>\n<p><strong>\u00a0\u00a0\u00a0\u00a0\u00a0\u00a0\u00a0\u00a0\u00a0\u00a0\u00a0 Implicaci\u00f3n y actitud no deben de confundirse con padres haciendo de profesores particulares de sus hijos.<\/strong><\/p>\n<p><strong>El dilema que se nos presenta a los padres es el siguiente: \u00bfEstudiar con los hijos o ayudar a que los hijos estudien? <\/strong><\/p>\n<p>El tema de los estudios es una de las mayores preocupaciones que muchos padres tienen en estas edades, quiz\u00e1s <strong>porque el \u00e9xito acad\u00e9mico de los hijos es un buen ant\u00eddoto para calmar los temores por el futuro<\/strong>, y\u00a0 por otra parte porque tambi\u00e9n creemos, err\u00f3neamente, que las notas van asociadas a la idea, al sentimiento, de ser buenos padres. <strong><\/strong><\/p>\n<p><strong>Es como si las notas trimestrales realmente no evaluaran el trabajo realizado por nuestros hijos, sino nuestra pericia como educadores<\/strong>. Sea por lo que fuere el caso es que en muchas de nuestras casas se preparan \u201ctardes toledanas\u201d a costa de los p\u00e1ramos, los grados sexagesimales y Pericles, los Sofistas y Plat\u00f3n.<\/p>\n<p><strong>Estudiar es un h\u00e1bito<\/strong>, como lavarse los dientes despu\u00e9s de comer o hacer la cama antes de irse al colegio. Un h\u00e1bito no se adquiere de la noche a la ma\u00f1ana, requiere pr\u00e1ctica y m\u00e1s pr\u00e1ctica. Adem\u00e1s, los h\u00e1bitos est\u00e1n influidos por las caracter\u00edsticas peculiares de la persona que lo realiza. <strong><\/strong><\/p>\n<p><strong>El papel de los padres es el de inculcar ese h\u00e1bito, el de se\u00f1alar que es el momento de realizar ese h\u00e1bito, el de facilitar que se pueda realizar y el de reforzar su ejecuci\u00f3n. <\/strong><\/p>\n<p><strong>Y dejar claras tambi\u00e9n cuales son las consecuencias que tienen para nuestros hijos<\/strong> <strong>la pr\u00e1ctica, o no, de dichos h\u00e1bitos<\/strong>. C<strong>onsecuencias que necesariamente tienen que ser de aqu\u00ed y ahora<\/strong> y no esas vaguedades del futuro: \u201cvas a ser un desgraciado\u201d, \u201cun fracasado\u201d, un \u201cdon nadie\u201d que, por lo general, asustan m\u00e1s a qui\u00e9n lo dice que al que lo escucha.<\/p>\n<p><strong>\u00bfCu\u00e1l es nuestro objetivo como padres?, \u00bfque nuestros hijos sean aut\u00f3nomos en el estudio o que aprueben el pr\u00f3ximo examen?<\/strong>\u00a0 Si queremos que sean aut\u00f3nomos tendremos que dar los pasos para que <strong>nuestros hijos se responsabilicen de que estudiar es una tarea que les compete, fundamentalmente, a ellos<\/strong>.<\/p>\n<p>Si por el contrario lo que queremos e<strong>s que aprueben el examen cercano<\/strong>, pues entonces tendremos que <strong>ponernos a estudiar con ellos<\/strong>.<\/p>\n<p>Hay muchos padres que han acostumbrado a sus hijos a que estudien en su compa\u00f1\u00eda, de tal manera que son los hijos los que dicen eso de <strong>\u201cmam\u00e1, venga a estudiar<\/strong>\u201d, y los padres nos quedamos con unas ganas de decirles eso de \u201cque me dejes\u201d.\u00a0 Pero all\u00ed estamos, sentaditos a su lado, leyendo la lecci\u00f3n, explic\u00e1ndola, desmenuz\u00e1ndola , y de esta manera puede que nuestros hijos aprueben, o no, \u00a0pero no aprenden a estudiar. Aprenden a que les resumamos las ideas m\u00e1s importantes, aprenden a que les busquemos la informaci\u00f3n relevante, aprenden a aprobar,\u00a0 pero tambi\u00e9n les ense\u00f1amos\u00a0 que ellos solos no pueden, <strong>les ense\u00f1amos a ser dependientes<\/strong>, a sentirse un tanto incapaces.<\/p>\n<p>Estudiar con los hijos tambi\u00e9n genera en numerosas ocasiones un mont\u00f3n de conflictos, \u201catiende\u201d, \u201cno te enteras\u201d, \u201cas\u00ed no\u201d, y la oportunidad de pasar unas tardes \u201cde los nervios\u201d inolvidables. Pero por otro lado nos permite en las conversaciones con vecinos, amigos y familiares, decir eso de \u201cel fin de semana que viene igual nos vamos al p\u00e1ramo\u201d. El saber no ocupa lugar.<\/p>\n<p>Y <strong>muy relacionado con los estudios est\u00e1n las\u00a0 notas<\/strong>, al final siempre vendr\u00e1n las notas, y a veces nuestros hijos, <strong>que son mucho m\u00e1s que las notas que obtienen<\/strong>,\u00a0 y que se han esforzado o no, \u00a0y que han estudiado o no, nos ense\u00f1an sus notas. Sus notas aprobadas, o notableadas y nosotros vamos y les soltamos eso de <strong>\u201cest\u00e1 bien, PERO TU ERES DE SOBRESALIENTE\u201d.<\/strong> \u00a1\u00a1\u00a1Toma ya!!!. Y nosotros como padres \u00bfsomos de sobresaliente?.<\/p>\n<p>&nbsp;<\/p>\n<!-- AddThis Advanced Settings generic via filter on the_content --><!-- AddThis Share Buttons generic via filter on the_content -->","protected":false},"excerpt":{"rendered":"<p>&nbsp; Ahora que el curso vuelve a reiniciarse,\u00a0 ahora que los lunes vuelven a ser lunes y las vacaciones de navidad pasan a ser las pasadas navidades, ahora\u00a0 que el bullicio de las vacaciones deja paso a\u00a0 la rutina de lo cotidiano, me estoy acordando de los padres que mientras recogen los adornos navide\u00f1os, dejan [&hellip;]<!-- AddThis Advanced Settings generic via filter on get_the_excerpt --><!-- AddThis Share Buttons generic via filter on get_the_excerpt --><\/p>\n","protected":false},"author":73,"featured_media":0,"comment_status":"open","ping_status":"closed","sticky":false,"template":"","format":"standard","meta":[],"categories":[2,5],"tags":[22,143,209,397,408,461,462,521,549,685,692,732,806],"_links":{"self":[{"href":"https:\/\/blogs.hoy.es\/escuela-de-padres\/wp-json\/wp\/v2\/posts\/28"}],"collection":[{"href":"https:\/\/blogs.hoy.es\/escuela-de-padres\/wp-json\/wp\/v2\/posts"}],"about":[{"href":"https:\/\/blogs.hoy.es\/escuela-de-padres\/wp-json\/wp\/v2\/types\/post"}],"author":[{"embeddable":true,"href":"https:\/\/blogs.hoy.es\/escuela-de-padres\/wp-json\/wp\/v2\/users\/73"}],"replies":[{"embeddable":true,"href":"https:\/\/blogs.hoy.es\/escuela-de-padres\/wp-json\/wp\/v2\/comments?post=28"}],"version-history":[{"count":0,"href":"https:\/\/blogs.hoy.es\/escuela-de-padres\/wp-json\/wp\/v2\/posts\/28\/revisions"}],"wp:attachment":[{"href":"https:\/\/blogs.hoy.es\/escuela-de-padres\/wp-json\/wp\/v2\/media?parent=28"}],"wp:term":[{"taxonomy":"category","embeddable":true,"href":"https:\/\/blogs.hoy.es\/escuela-de-padres\/wp-json\/wp\/v2\/categories?post=28"},{"taxonomy":"post_tag","embeddable":true,"href":"https:\/\/blogs.hoy.es\/escuela-de-padres\/wp-json\/wp\/v2\/tags?post=28"}],"curies":[{"name":"wp","href":"https:\/\/api.w.org\/{rel}","templated":true}]}}