{"id":535,"date":"2016-05-03T16:26:40","date_gmt":"2016-05-03T16:26:40","guid":{"rendered":"http:\/\/blogs.hoy.es\/escuela-de-padres\/?p=535"},"modified":"2016-05-03T16:26:40","modified_gmt":"2016-05-03T16:26:40","slug":"los-padres-tambien-necesitan-jugar-la-gestion-del-tiempo-en-familia","status":"publish","type":"post","link":"https:\/\/blogs.hoy.es\/escuela-de-padres\/2016\/05\/03\/los-padres-tambien-necesitan-jugar-la-gestion-del-tiempo-en-familia\/","title":{"rendered":"Los padres tambi\u00e9n necesitan jugar: La gesti\u00f3n del tiempo en familia."},"content":{"rendered":"<div id=\"attachment_536\" style=\"width: 650px\" class=\"wp-caption alignnone\"><a href=\"https:\/\/blogs.hoy.es\/escuela-de-padres\/2016\/05\/03\/los-padres-tambien-necesitan-jugar-la-gestion-del-tiempo-en-familia\/a-4\/\" rel=\"attachment wp-att-536\"><img aria-describedby=\"caption-attachment-536\" loading=\"lazy\" class=\"size-full wp-image-536\" title=\"\" src=\"\/escuela-de-padres\/wp-content\/uploads\/sites\/67\/2016\/05\/padressombras.jpg\" alt=\"\" width=\"640\" height=\"427\" srcset=\"https:\/\/static-blogs.hoy.es\/wp-content\/uploads\/sites\/67\/2016\/05\/padressombras.jpg 640w, https:\/\/static-blogs.hoy.es\/wp-content\/uploads\/sites\/67\/2016\/05\/padressombras-300x200.jpg 300w\" sizes=\"(max-width: 640px) 100vw, 640px\" \/><\/a><p id=\"caption-attachment-536\" class=\"wp-caption-text\">\u00bf D\u00edas de 36 horas? Si cada uno se responsabiliza de sus tareas con que tengan 24 horas hay tiempo para todos.<\/p><\/div>\n<p>Muchos padres y madres, mientras est\u00e1n criando a sus hijos, sobre todo cuando son peque\u00f1os, se ven invadidos por la sensaci\u00f3n de que no disponen de tiempo suficiente para ellos.\u00a0 \u201c<em>No tengo tiempo, no tengo tiempo para nada<\/em>\u201d.<\/p>\n<p>Vivimos en una sociedad en la que <strong>educamos a nuestros hijos estando presentes el m\u00e1ximo tiempo posible.<\/strong> Educamos a nuestros hijos <strong>a una distancia m\u00e1xima de un metro<\/strong>. As\u00ed, desde bien peque\u00f1itos, <strong>somos la sombra que los cobija<\/strong>. Una sombra indispensable en estos primeros a\u00f1os, pero una sombra que necesita igualmente ir dejando paulatinamente a los hijos que experimenten su vida fuera del paraguas protector.<\/p>\n<p>Hemos hecho <strong>de la presencia constante nuestra herramienta educativa, <\/strong>\u00a0y all\u00ed estamos al lado de ellos: la sombra perfecta que aplaude cada descubrimiento, la sombra que indica eso si o eso no, la sombra que juega, la sombra que entretiene, la sombra que canta y que, adem\u00e1s, ejecuta de impresi\u00f3n la coreograf\u00eda de <em>soy una taza, una tetera, una cuchara<\/em>\u2026, la sombra que calma, la sombra que r\u00ede. La sombra constante.<\/p>\n<p>C\u00f3mo no vas a necesitar d\u00edas de 36 horas si desde que te despiertas te conviertes en imprescindible: <em>\u201csi yo no estoy no se levantan, no se visten, no desayunan, etc.\u201d<\/em><\/p>\n<p><strong>\u00a0Educando hijos no solo faltan horas, faltan brazos y manos.<\/strong><\/p>\n<p>Y salen del colegio y seguimos siendo sombra, sombra ambulante que va de actividad en <a title=\"Compartir tareas en casa tambi\u00e9n es educar\" href=\"https:\/\/blogs.hoy.es\/escuela-de-padres\/2013\/01\/18\/compartir-tareas-en-casa-tambien-es-educar\/\">actividad<\/a>, y luego a casa que tienes que <a title=\"\u00bfQui\u00e9n tiene que estudiar en tu casa?\" href=\"https:\/\/blogs.hoy.es\/escuela-de-padres\/2015\/01\/20\/quien-tiene-que-estudiar-en-tu-casa\/\">estudiar <\/a>lo que dice el ni\u00f1o o lo que dice el whatsapp, y la sombra se vuelve culta, y venga tareas y m\u00e1s tareas para los padres que hacen las tareas.<\/p>\n<p>Y la sombra ba\u00f1a, la sombra cocina, la sombra se desespera a la de una, a la de dos, y a la de tres. Y cena, y mastica, y si\u00e9ntate bien, y tu preguntas y el ni\u00f1o contesta y t\u00fa, cierra la boca que no se habla con la boca llena.<\/p>\n<p>Y la sombra lee cuentos, y la sombra suplica, y la sombra revisa y repasa.<\/p>\n<p>Y cuando las sombras, reventadas por fuera y por dentro, se sientan al finalizar el d\u00eda, la sombra habla con otra sombra de las preocupaciones que acarrean los que viven bajo la sombra. Y una sombra parece m\u00e1s sombra que la otra y una sombra replica a la otra. Y se hace el silencio entre las sombras, hasta que aparecen\u00a0 las preguntas que parecen dudas existenciales: \u00a0<em>\u00bfY ma\u00f1ana qu\u00e9 comemos?<\/em><\/p>\n<p>Y la sombra\u00a0 se duerme en el sill\u00f3n, y cuando la sombra se va a la cama, se espabila con lo que el d\u00eda venidero le demanda.<\/p>\n<p>La sombra dice que necesita m\u00e1s horas en su reloj, y lo que no sabe la sombra es que lo que necesita no son horas, porque todas las dedica al cuidado de los que est\u00e1n bajo su sombra. Lo que necesita es una agenda en la que la sombra reserve tiempo para la sombra.<\/p>\n<p><strong>\u00bfEso c\u00f3mo se hace?<\/strong><\/p>\n<p>1.- Gesti\u00f3n del tiempo le llaman los educadores. Yo lo llamo \u00a0<strong>responsabilizarse<\/strong> de tu propia vida y <strong>ense\u00f1ar a los hijos a tener responsabilidades y a<\/strong> <strong>asumir sus responsabilidades<\/strong>.<\/p>\n<p>2.- Es verdad que, educando hijos, <strong>tenemos que organizar el tiempo, pero organizar no es renunciar.<\/strong> Eso de renunciar con abnegaci\u00f3n no te hace ser mejor padre o mejor madre, porque los padres que renuncian terminan echando en cara a sus hijos el tiempo dedicado.<\/p>\n<p>3.- <strong>\u00bfDe verdad que es necesario dedicar todo nuestro tiempo al tiempo de los hijos?<\/strong> Algo tendr\u00e1n que hacer los ni\u00f1os cuando se vayan de casa. Algo tendr\u00e1n que aprender, alg\u00fan pa\u00eds que conocer, alg\u00fan idioma, alg\u00fan instrumento, alg\u00fan deporte que aprender y practicar; algo tendr\u00e1n que vivir.<\/p>\n<p>\u00bfSe tienen que aburrir? Pues claro. Nosotros no somos animadores socioculturales, somos padres y madres.<\/p>\n<p>\u00bfSe tienen que frustrar? Pues claro. No siempre se pueden hacer las cosas que uno quiere, las que le gustan o las que te apetecen, y sobre todo, cuando para hacerlas necesitas la intervenci\u00f3n de otra persona.<\/p>\n<p>4.- Padres y madre: \u00a1<strong>hay vida despu\u00e9s de los \u00a06 a\u00f1os, de los 12 de los 18 y de los 30 y de los 50 y de los 80!<\/strong> porque \u00a0hay vida mientras se est\u00e1 vivo. Y mientras se vive, se pueden hacer cosas, se pueden aprender cosas. Hay vida, gestionarla es tarea de cada uno.<\/p>\n<p><strong>5.- Ense\u00f1ar a responsabilizarse a los hijos es tarea de padres y madres. M\u00e1s gu\u00eda y menos sombra.<\/strong><\/p>\n<p>&nbsp;<\/p>\n<!-- AddThis Advanced Settings generic via filter on the_content --><!-- AddThis Share Buttons generic via filter on the_content -->","protected":false},"excerpt":{"rendered":"<p>Muchos padres y madres, mientras est\u00e1n criando a sus hijos, sobre todo cuando son peque\u00f1os, se ven invadidos por la sensaci\u00f3n de que no disponen de tiempo suficiente para ellos.\u00a0 \u201cNo tengo tiempo, no tengo tiempo para nada\u201d. Vivimos en una sociedad en la que educamos a nuestros hijos estando presentes el m\u00e1ximo tiempo posible. [&hellip;]<!-- AddThis Advanced Settings generic via filter on get_the_excerpt --><!-- AddThis Share Buttons generic via filter on get_the_excerpt --><\/p>\n","protected":false},"author":74,"featured_media":0,"comment_status":"open","ping_status":"closed","sticky":false,"template":"","format":"standard","meta":[],"categories":[2,4,5,6],"tags":[394,449,733,859,973],"_links":{"self":[{"href":"https:\/\/blogs.hoy.es\/escuela-de-padres\/wp-json\/wp\/v2\/posts\/535"}],"collection":[{"href":"https:\/\/blogs.hoy.es\/escuela-de-padres\/wp-json\/wp\/v2\/posts"}],"about":[{"href":"https:\/\/blogs.hoy.es\/escuela-de-padres\/wp-json\/wp\/v2\/types\/post"}],"author":[{"embeddable":true,"href":"https:\/\/blogs.hoy.es\/escuela-de-padres\/wp-json\/wp\/v2\/users\/74"}],"replies":[{"embeddable":true,"href":"https:\/\/blogs.hoy.es\/escuela-de-padres\/wp-json\/wp\/v2\/comments?post=535"}],"version-history":[{"count":0,"href":"https:\/\/blogs.hoy.es\/escuela-de-padres\/wp-json\/wp\/v2\/posts\/535\/revisions"}],"wp:attachment":[{"href":"https:\/\/blogs.hoy.es\/escuela-de-padres\/wp-json\/wp\/v2\/media?parent=535"}],"wp:term":[{"taxonomy":"category","embeddable":true,"href":"https:\/\/blogs.hoy.es\/escuela-de-padres\/wp-json\/wp\/v2\/categories?post=535"},{"taxonomy":"post_tag","embeddable":true,"href":"https:\/\/blogs.hoy.es\/escuela-de-padres\/wp-json\/wp\/v2\/tags?post=535"}],"curies":[{"name":"wp","href":"https:\/\/api.w.org\/{rel}","templated":true}]}}