{"id":538,"date":"2016-05-15T17:58:10","date_gmt":"2016-05-15T17:58:10","guid":{"rendered":"http:\/\/blogs.hoy.es\/escuela-de-padres\/?p=538"},"modified":"2016-05-15T17:58:10","modified_gmt":"2016-05-15T17:58:10","slug":"la-familia-algo-mas-que-una-tribu","status":"publish","type":"post","link":"https:\/\/blogs.hoy.es\/escuela-de-padres\/2016\/05\/15\/la-familia-algo-mas-que-una-tribu\/","title":{"rendered":"La familia, algo m\u00e1s que una tribu."},"content":{"rendered":"<div id=\"attachment_540\" style=\"width: 850px\" class=\"wp-caption alignnone\"><a href=\"https:\/\/blogs.hoy.es\/escuela-de-padres\/2016\/05\/15\/la-familia-algo-mas-que-una-tribu\/arbolfamilia-2\/\" rel=\"attachment wp-att-540\"><img aria-describedby=\"caption-attachment-540\" loading=\"lazy\" class=\"size-full wp-image-540\" title=\"arbolfamilia\" src=\"\/escuela-de-padres\/wp-content\/uploads\/sites\/67\/2016\/05\/arbolfamilia1.jpg\" alt=\"\" width=\"840\" height=\"761\" srcset=\"https:\/\/static-blogs.hoy.es\/wp-content\/uploads\/sites\/67\/2016\/05\/arbolfamilia1.jpg 840w, https:\/\/static-blogs.hoy.es\/wp-content\/uploads\/sites\/67\/2016\/05\/arbolfamilia1-300x272.jpg 300w, https:\/\/static-blogs.hoy.es\/wp-content\/uploads\/sites\/67\/2016\/05\/arbolfamilia1-768x696.jpg 768w\" sizes=\"(max-width: 840px) 100vw, 840px\" \/><\/a><p id=\"caption-attachment-540\" class=\"wp-caption-text\">La familia es una escuela y un aprendiz a la vez.<\/p><\/div>\n<p>Encierra una gran verdad el proverbio africano que dice que<strong> para educar a un ni\u00f1o hace falta toda la tribu.<\/strong> Hacen falta todos y cada uno de los miembros de nuestra sociedad, pero es la Familia la que ejerce el liderazgo en la educaci\u00f3n de sus hijos, es la Familia la responsable y los dem\u00e1s somos responsables de colaborar.<strong> La Familia es mucho m\u00e1s que la Tribu<\/strong> por diferentes razones pero por una fundamental: para educar a un ni\u00f1o hay que quererlo, quererlo de verdad,\u00a0 y convendr\u00e1n conmigo que como se quiere en Familia, con sus aciertos y errores, no se quiere en otras partes de la tribu.<\/p>\n<p>La palabra Familia tienen un mont\u00f3n de significados, de sin\u00f3nimos, a cada cual m\u00e1s hermoso. Hoy es el d\u00eda de la familia y en muchas casas habr\u00e1 risas, en otras l\u00e1grimas, miedo, orgullo, confianza, recuerdos, desaz\u00f3n, nostalgia, esperanza, etc.,\u00a0 pero en todas, amor.<\/p>\n<p><strong>Mi familia, tu familia<\/strong> no son un jard\u00edn id\u00edlico ni un remanso de paz, en nuestras familias vivimos las mismas crisis que se viven en la sociedad con la diferencia de que estas tensiones las originan nuestros \u201c<em>seres queridos<\/em>\u201d. La familia se construye d\u00eda a d\u00eda porque est\u00e1 viva. Para construir Familia est\u00e1s t\u00fa, arquitecto de familia, alba\u00f1il de familia, artesano de familia, constructor de espacios en los que crear y crecer, espacios donde vivir, donde sentir.<\/p>\n<p>Mi dec\u00e1logo para <strong>construir<\/strong> familia:<strong><\/strong><\/p>\n<p><strong>1.\u00a0\u00a0 <\/strong><strong>La familia es la propia esencia de la diversidad<\/strong>, en ella caben todas las religiones, todas las ideas, todas las creencias, todos los sexos y todas las razas.<strong><\/strong><\/p>\n<p><strong>2.\u00a0 <\/strong><strong>La familia es un Universo, una Patria <\/strong>a la que se pertenece siempre que alguien te reconozca como miembro de su familia. Cuantas veces les decimos a personas que queremos, \u201ccomo si fueras de mi familia\u201d.\u00a0 Un bien a proteger, <strong>patrimonio de la humanidad, <\/strong>eso es la familia.<strong><\/strong><\/p>\n<p><strong>3.\u00a0 <\/strong><strong>La familia es una escuela<\/strong> en la que aprender, pero tambi\u00e9n <strong>es aprendiz,<\/strong> porque est\u00e1 viva y sabe que, para sobrevivir, hay que adaptarse. La familia continuamente est\u00e1 enfrent\u00e1ndose a nuevos retos que le demandan nuevos aprendizajes, nuevas respuestas.<strong><\/strong><\/p>\n<p><strong>4.\u00a0 <\/strong><strong>La familia es inclusiva<\/strong> y acepta a todos sus miembros, tiene siempre las puertas abiertas porque sabe perfectamente que dentro de ella es posible el rechazo, el cuestionamiento y el conflicto. <strong><em>El conflicto en la familia es normal porque est\u00e1 compuesta de personas diferentes, con edades e intereses diferentes<\/em><\/strong>.<strong><\/strong><\/p>\n<p><strong>5.\u00a0 <\/strong><strong>La familia es un lugar donde acoger<\/strong> es un hecho natural y no una manifestaci\u00f3n de altruismo. La familia es el espacio donde aprendemos y posteriormente ense\u00f1amos el significado de la <strong>aceptaci\u00f3n incondicional<\/strong>.<strong><\/strong><\/p>\n<p><strong>6. \u00a0<\/strong><strong>La familia<\/strong> <strong>educa,<\/strong> porque sabe de la importancia que tienen los modelos para aprender. La familia educa para que sus miembros aprendan a tomar decisiones, a elegir. Solo se es libre si hay posibilidad de elecci\u00f3n.<strong><\/strong><\/p>\n<p><strong>7.\u00a0\u00a0 <\/strong>La <strong>familia trasmite valores<\/strong> dando ejemplo. Los valores no se imponen.\u00a0 <strong>Los valores se viven,\u00a0<\/strong>no se pregonan. Son gu\u00edas, no son espadas.<strong><\/strong><\/p>\n<p><strong>8.\u00a0\u00a0 <\/strong>La <strong>familia apoya<\/strong> porque sabe que es imposible ser perfecto, porque la vida se vive con aciertos y errores, porque caemos y recaemos y al final siempre hay alguien que te tiende una mano, <strong>esa mano es tu familia<\/strong><strong><\/strong><\/p>\n<p><strong>9.\u00a0\u00a0 <\/strong><strong>La familia ama<\/strong>. El amor es el pegamento que mantiene unida a la familia. Aunque los miembros est\u00e9n dispersados en el espacio, el v\u00ednculo familiar no entiende de fronteras ni de distancias ni de tiempo.<strong><\/strong><\/p>\n<p><strong>10.\u00a0 <\/strong><strong>La familia es generosa, <\/strong>y en ella vive la palabra perd\u00f3n justo al lado de la palabra responsabilidad.<\/p>\n<p><strong>Hoy,<\/strong> al igual que ayer y ma\u00f1ana, <strong>necesitamos a la familia<\/strong>, a la tuya, a la m\u00eda, a todas las familias. <strong>La familia necesita ayuda<\/strong>, todas son pocas, <strong>pero lo que m\u00e1s necesita la familia es que t\u00fa cultives y cuides a la tuya.<\/strong><\/p>\n<p>Si, es verdad, para educar se necesitan todas las manos posibles pero la Familia es indispensable.<\/p>\n<!-- AddThis Advanced Settings generic via filter on the_content --><!-- AddThis Share Buttons generic via filter on the_content -->","protected":false},"excerpt":{"rendered":"<p>Encierra una gran verdad el proverbio africano que dice que para educar a un ni\u00f1o hace falta toda la tribu. Hacen falta todos y cada uno de los miembros de nuestra sociedad, pero es la Familia la que ejerce el liderazgo en la educaci\u00f3n de sus hijos, es la Familia la responsable y los dem\u00e1s [&hellip;]<!-- AddThis Advanced Settings generic via filter on get_the_excerpt --><!-- AddThis Share Buttons generic via filter on get_the_excerpt --><\/p>\n","protected":false},"author":74,"featured_media":0,"comment_status":"open","ping_status":"closed","sticky":false,"template":"","format":"standard","meta":[],"categories":[2,4,5,6],"tags":[71,106,278,312,418,985],"_links":{"self":[{"href":"https:\/\/blogs.hoy.es\/escuela-de-padres\/wp-json\/wp\/v2\/posts\/538"}],"collection":[{"href":"https:\/\/blogs.hoy.es\/escuela-de-padres\/wp-json\/wp\/v2\/posts"}],"about":[{"href":"https:\/\/blogs.hoy.es\/escuela-de-padres\/wp-json\/wp\/v2\/types\/post"}],"author":[{"embeddable":true,"href":"https:\/\/blogs.hoy.es\/escuela-de-padres\/wp-json\/wp\/v2\/users\/74"}],"replies":[{"embeddable":true,"href":"https:\/\/blogs.hoy.es\/escuela-de-padres\/wp-json\/wp\/v2\/comments?post=538"}],"version-history":[{"count":0,"href":"https:\/\/blogs.hoy.es\/escuela-de-padres\/wp-json\/wp\/v2\/posts\/538\/revisions"}],"wp:attachment":[{"href":"https:\/\/blogs.hoy.es\/escuela-de-padres\/wp-json\/wp\/v2\/media?parent=538"}],"wp:term":[{"taxonomy":"category","embeddable":true,"href":"https:\/\/blogs.hoy.es\/escuela-de-padres\/wp-json\/wp\/v2\/categories?post=538"},{"taxonomy":"post_tag","embeddable":true,"href":"https:\/\/blogs.hoy.es\/escuela-de-padres\/wp-json\/wp\/v2\/tags?post=538"}],"curies":[{"name":"wp","href":"https:\/\/api.w.org\/{rel}","templated":true}]}}