{"id":74,"date":"2013-02-15T10:08:51","date_gmt":"2013-02-15T10:08:51","guid":{"rendered":"http:\/\/blogs.hoy.es\/escuela-de-padres\/?p=74"},"modified":"2013-02-15T10:08:51","modified_gmt":"2013-02-15T10:08:51","slug":"educar-sin-angustias-un-reto-posible","status":"publish","type":"post","link":"https:\/\/blogs.hoy.es\/escuela-de-padres\/2013\/02\/15\/educar-sin-angustias-un-reto-posible\/","title":{"rendered":"Educar sin angustias: un reto posible"},"content":{"rendered":"<div id=\"attachment_77\" style=\"width: 610px\" class=\"wp-caption aligncenter\"><a href=\"\/escuela-de-padres\/wp-content\/uploads\/sites\/67\/2013\/02\/familiaeslow1.jpg\"><img aria-describedby=\"caption-attachment-77\" loading=\"lazy\" class=\"size-full wp-image-77\" src=\"\/escuela-de-padres\/wp-content\/uploads\/sites\/67\/2013\/02\/familiaeslow1.jpg\" alt=\"Dedicar tiempo a los hijos sin angustiarse por el futuro es una de las mejores formas de educar.\" width=\"600\" height=\"397\" srcset=\"https:\/\/static-blogs.hoy.es\/wp-content\/uploads\/sites\/67\/2013\/02\/familiaeslow1.jpg 600w, https:\/\/static-blogs.hoy.es\/wp-content\/uploads\/sites\/67\/2013\/02\/familiaeslow1-300x199.jpg 300w\" sizes=\"(max-width: 600px) 100vw, 600px\" \/><\/a><p id=\"caption-attachment-77\" class=\"wp-caption-text\">Dedicar tiempo a los hijos sin angustiarse por el futuro es una de las mejores formas de educar.<\/p><\/div>\n<p><strong>\u201c<\/strong><em><strong>\u00bfCu\u00e1nto tiempo se tarda en educar un hijo?<\/strong>\u201d <\/em>Es lo que me pregunt\u00f3 una madre en una charla que tuve recientemente en un colegio. \u00a0Me lo pregunt\u00f3 con un cierto <strong>toque de ansiedad<\/strong>, de incertidumbre, como si pudiera darle una respuesta tras la que\u00a0 hacer\u00a0 un c\u00e1lculo de lo que le quedaba. Me sonre\u00ed y le dije: <em>\u201cno tengo ni idea, pero estoy seguro que <strong>ese es un tiempo bien aprovechado<\/strong>\u201d.<\/em><\/p>\n<p>Desde el mismo momento en que nos enteramos de la feliz noticia de que vamos a ser padres, solemos entrar en una<strong> especie de sensaci\u00f3n de inquietud<\/strong>, de cierto desasosiego que creemos\u00a0 se apaciguar\u00e1 con el paso del tiempo.<\/p>\n<p>A ver si pasan los <strong>tres primeros meses<\/strong> para asegurarnos de que la criatura est\u00e1 bien \u201cagarrada\u201d.<\/p>\n<p>A ver si llega el <strong>cuarto mes<\/strong> y nos dicen si va a ser ni\u00f1o o ni\u00f1a.<\/p>\n<p>A ver si llega ya <strong>el d\u00eda del parto<\/strong>.<\/p>\n<p>Y una vez que tenemos a la<strong> criatura en casa<\/strong>, esterilizando biberones, \u00a0esterilizando chupetes, (que por cierto est\u00e1 demostrado que en los primeros meses son un estupendo tranquilizador de beb\u00e9s), a ver si hace <strong>5 horitas seguidas por la noche<\/strong>, a ver si ya va poniendo los pu\u00f1eteros <strong>150 gramos semanales<\/strong>.<\/p>\n<p>A ver si ya comienza a tomar <strong>los cereales<\/strong>, a ver si ya <strong>la fruta<\/strong>, si la <strong>carne<\/strong>, si el <strong>pescado<\/strong>.<\/p>\n<p>Y <strong>cuando la criatura come<\/strong>, si es que tiene buen apetito,\u00a0 a ver si <strong>ya comienza a andar<\/strong>, a ver si <strong>habla<\/strong>, a ver si ya lo llevamos<strong> a la guarder\u00eda<\/strong>, a ver si ya comienza <strong>en el colegio<\/strong>, a ver si se pueden quedar <strong>un rato solos<\/strong>, a ver qu\u00e9 tal la <strong>Secundaria<\/strong>, a ver <strong>los amigos<\/strong>, a ver <strong>los amores<\/strong>, a ver la <strong>Selectividad<\/strong>, a ver la <strong>Universidad<\/strong>, a ver <strong>si encuentra trabajo<\/strong>\u2026 etc\u201d.<\/p>\n<p><strong>Y as\u00ed se pasa la vida, vertiginosamente<\/strong>, los hijos crecen y cuando nos queremos dar cuenta tenemos el cuerpo lleno de trienios.<\/p>\n<p>Muchos padres<strong> educamos tal y como vivimos<\/strong>: deseando que lleguen los viernes, deseando que los hijos crezcan <strong>r\u00e1pido<\/strong>.<\/p>\n<p>Vivimos en los<strong> tiempos de la inmediatez<\/strong>, los tiempos del \u201ctiempo es oro\u201d, los tiempos de las prisas, de las<a title=\"Compartir tareas en casa tambi\u00e9n es educar\" href=\"https:\/\/blogs.hoy.es\/escuela-de-padres\/2013\/01\/18\/compartir-tareas-en-casa-tambien-es-educar\/\"> tardes de Paqui<\/a>.<\/p>\n<p>Los tiempos en los que <strong>los problemas cotidianos se convierten en tragedias<\/strong>: \u201cTenemos un disgusto, <strong>el ni\u00f1o ha suspendido<\/strong>\u201d, le o\u00edmos decir a algunos padres con una carita que refleja su hondo pesar (mientras que el&#8221; suspendedor&#8221; duerme a pierna suelta).<\/p>\n<p>Los tiempos presentes en los que <strong>anhelamos el futuro<\/strong> \u00a0como si el simple paso del tiempo fuera a ser suficiente para que las dificultades que nos acechan mientras educamos desaparezcan.<\/p>\n<p>Muchos padres viven <strong>con angustia todo este proceso de crecimiento<\/strong> de sus hijos, angustiados por los 150 gramos, por los percentiles, por las notas, por las amistades, etc. Y as\u00ed <a href=\"http:\/\/www.youtube.com\/watch?v=pNcS1hxQMLU\" target=\"_blank\"><strong><em>la vida se va con los regalos de los cumplea\u00f1os<\/em><\/strong> <\/a>como canta <strong>Jos\u00e9 Merc\u00e9<\/strong> y nuestros hijos se van haciendo sin pausa hombres y mujeres. Pero \u00bf<strong>qu\u00e9 modelo de padres estamos siendo<\/strong>?, \u00bfdisfrutamos los padres con la tarea de educar?, \u00bfdisfrutamos los padres viendo crecer a nuestros hijos?<\/p>\n<p>En 2004 el periodista y escritor <strong>Carl Honor\u00e9<\/strong> public\u00f3 el libro <em>&#8220;<a href=\"http:\/\/nuke.chabieraas.com\/Portals\/0\/pdf\/lentitud.pdf\" target=\"_blank\">El elogio de la lentitud&#8221;<\/a><\/em> dando origen con ello al <a href=\"http:\/\/movimientoslow.com\/es\/filosofia.html\" target=\"_blank\">movimiento <\/a><em><a href=\"http:\/\/movimientoslow.com\/es\/filosofia.html\" target=\"_blank\">Slow<\/a> (Despacio). <\/em>Este estilo de vida se caracteriza por que <strong>prima el tiempo y la calidad sobre la cantidad<\/strong>, en sus propias palabras, <strong><em>&#8220;darle a cada cosa\/momento\/ tarea el tiempo y la concentraci\u00f3n que necesitan y merecen&#8221;<\/em><\/strong>.<\/p>\n<p><strong>En una vida solo da tiempo a hacer las cosas que se hacen en una vida<\/strong> y nuestros hijos est\u00e1n muy poco tiempo siendo unos beb\u00e9s, apenas 12 meses, apenas 5 o 6 a\u00f1os de infancia, apenas 6 a\u00f1os de ni\u00f1ez\u2026 y unos\u00a0 cuantos a\u00f1os de adolescencia que a algunos padres se nos hacen un siglo.<\/p>\n<p>La tarea de educar es agotadora porque el\u00a0 horario es de jornada completa de 24 horas, sin vacaciones y tambi\u00e9n\u00a0 para muchos padres y madres la tarea de educar es una actividad que genera mucha angustia y desasosiego porque estamos <strong>m\u00e1s pendientes de los resultados, de las prisas por los resultados que de lo que como padres hacemos para educar<\/strong> cuando nuestros hijos tienen 6 meses, 4 a\u00f1os, 11 o son adolescentes.<\/p>\n<p>Los padres que practican el <a href=\"http:\/\/drgarcia-tornel.blogspot.com.es\/2010\/03\/el-movimiento-lento-slow-parenting.html\" target=\"_blank\">slow parenting<\/a>, intentan educar a sus hijos <strong>pasando m\u00e1s tiempo con ellos<\/strong> en vez de estar rellenando las tardes de los hijos con actividades organizadas.<\/p>\n<p>Educan a sus hijos <strong>en contacto con la naturaleza, urbana y rural,<\/strong> haciendo del lugar donde se vive un espacio de aprendizaje.<\/p>\n<p><strong>Dejan que sus hijos digan eso de \u201cme aburroooooo\u201d<\/strong> y no les dicen nada para que as\u00ed los propios hijos desarrollen su creatividad y les compran menos juguetes y fomentan m\u00e1s juegos al aire libre. <strong><\/strong><\/p>\n<p><strong>No se obsesionan con la estimulaci\u00f3n temprana<\/strong> de las capacidades de sus hijos porque creen que la hiperestimulaci\u00f3n les lleva la hiperactividad. Intentan disfrutar del aqu\u00ed y ahora.<strong><br \/>\n<\/strong><\/p>\n<p>El slow parenting, educar a fuego lento, es <strong>una manera m\u00e1s de educar con sus ventajas y sus inconvenientes<\/strong>,\u00a0 creo que lo mejor que tiene es ese punto de calma, de relajaci\u00f3n, de bienestar que tiene el hacer las cosas disfrutando de lo que se hace y dedic\u00e1ndole el tiempo justo que\u00a0 requieren.<\/p>\n<p>Es como hacer un cocido, todos sabemos que hecho a fuego lento quedar\u00e1 mejor que en la olla expr\u00e9s pero s<strong>omos esclavos de los tiempos que vivimos.\u00a0<\/strong><\/p>\n<p><strong><span style=\"text-decoration: underline;\">I<\/span><span style=\"text-decoration: underline;\">ntentemos como padres disfrutar m\u00e1s del presente, es dif\u00edcil, lo s\u00e9, pero as\u00ed ense\u00f1aremos a nuestros hijos que adem\u00e1s de los viernes, s\u00e1bados y domingos, tenemos la suerte de tener lunes, martes, mi\u00e9rcoles y jueves, d\u00edas estupendos, por lo dem\u00e1s, para vivir.<\/span> \u00a0\u00a0<\/strong><\/p>\n<!-- AddThis Advanced Settings generic via filter on the_content --><!-- AddThis Share Buttons generic via filter on the_content -->","protected":false},"excerpt":{"rendered":"<p>\u201c\u00bfCu\u00e1nto tiempo se tarda en educar un hijo?\u201d Es lo que me pregunt\u00f3 una madre en una charla que tuve recientemente en un colegio. \u00a0Me lo pregunt\u00f3 con un cierto toque de ansiedad, de incertidumbre, como si pudiera darle una respuesta tras la que\u00a0 hacer\u00a0 un c\u00e1lculo de lo que le quedaba. Me sonre\u00ed y [&hellip;]<!-- AddThis Advanced Settings generic via filter on get_the_excerpt --><!-- AddThis Share Buttons generic via filter on get_the_excerpt --><\/p>\n","protected":false},"author":73,"featured_media":0,"comment_status":"open","ping_status":"closed","sticky":false,"template":"","format":"standard","meta":[],"categories":[2,4,5],"tags":[33,75,90,110,111,128,142,227,228,290,322,323,330,345,388,481,499,542,563,654,661,739,795,883,913,970,996,1024],"_links":{"self":[{"href":"https:\/\/blogs.hoy.es\/escuela-de-padres\/wp-json\/wp\/v2\/posts\/74"}],"collection":[{"href":"https:\/\/blogs.hoy.es\/escuela-de-padres\/wp-json\/wp\/v2\/posts"}],"about":[{"href":"https:\/\/blogs.hoy.es\/escuela-de-padres\/wp-json\/wp\/v2\/types\/post"}],"author":[{"embeddable":true,"href":"https:\/\/blogs.hoy.es\/escuela-de-padres\/wp-json\/wp\/v2\/users\/73"}],"replies":[{"embeddable":true,"href":"https:\/\/blogs.hoy.es\/escuela-de-padres\/wp-json\/wp\/v2\/comments?post=74"}],"version-history":[{"count":0,"href":"https:\/\/blogs.hoy.es\/escuela-de-padres\/wp-json\/wp\/v2\/posts\/74\/revisions"}],"wp:attachment":[{"href":"https:\/\/blogs.hoy.es\/escuela-de-padres\/wp-json\/wp\/v2\/media?parent=74"}],"wp:term":[{"taxonomy":"category","embeddable":true,"href":"https:\/\/blogs.hoy.es\/escuela-de-padres\/wp-json\/wp\/v2\/categories?post=74"},{"taxonomy":"post_tag","embeddable":true,"href":"https:\/\/blogs.hoy.es\/escuela-de-padres\/wp-json\/wp\/v2\/tags?post=74"}],"curies":[{"name":"wp","href":"https:\/\/api.w.org\/{rel}","templated":true}]}}