{"id":93,"date":"2013-03-08T13:04:11","date_gmt":"2013-03-08T13:04:11","guid":{"rendered":"http:\/\/blogs.hoy.es\/escuela-de-padres\/?p=93"},"modified":"2013-03-08T13:04:11","modified_gmt":"2013-03-08T13:04:11","slug":"ninos-que-duermen-mal-padres-que-duermen-peor","status":"publish","type":"post","link":"https:\/\/blogs.hoy.es\/escuela-de-padres\/2013\/03\/08\/ninos-que-duermen-mal-padres-que-duermen-peor\/","title":{"rendered":"Ni\u00f1os que duermen mal, padres que duermen peor"},"content":{"rendered":"<div id=\"attachment_96\" style=\"width: 610px\" class=\"wp-caption aligncenter\"><a href=\"\/escuela-de-padres\/wp-content\/uploads\/sites\/67\/2013\/03\/ni\u00f1adurmiendo.jpg\"><img aria-describedby=\"caption-attachment-96\" loading=\"lazy\" class=\"size-full wp-image-96\" title=\"Ni\u00f1a durmiendo con osito.\" src=\"\/escuela-de-padres\/wp-content\/uploads\/sites\/67\/2013\/03\/ni\u00f1adurmiendo.jpg\" alt=\"Ni\u00f1a durmiendo con osito.\" width=\"600\" height=\"400\" srcset=\"https:\/\/static-blogs.hoy.es\/wp-content\/uploads\/sites\/67\/2013\/03\/ni\u00f1adurmiendo.jpg 600w, https:\/\/static-blogs.hoy.es\/wp-content\/uploads\/sites\/67\/2013\/03\/ni\u00f1adurmiendo-300x200.jpg 300w\" sizes=\"(max-width: 600px) 100vw, 600px\" \/><\/a><p id=\"caption-attachment-96\" class=\"wp-caption-text\">Ni\u00f1a durmiendo con osito.<\/p><\/div>\n<p><strong>Mi amiga Paqui<\/strong> cada vez que se hace un juramento de los de <strong>&#8220;hoy es la \u00faltima vez\u201d<\/strong> (la \u00faltima vez que como donuts de chocolate, la \u00faltima vez que le grito a los ni\u00f1os, la \u00faltima vez que recojo los juguetes, etc), me llama como si yo fuera la Virgen de\u00a0 Lourdes para que le ilumine sobre <strong>c\u00f3mo ser fiel al juramento<\/strong>. Yo, que ya le conozco unas dos docenas de juramentos, le sigo poniendo el mismo inter\u00e9s y atenci\u00f3n que en el primero.<\/p>\n<p>Recuerdo que uno de sus primeros juramentos fue el de \u201c<strong>hoy es la \u00faltima vez que acuesto al ni\u00f1o en mi cama<\/strong>\u201d. Les cuento la conversaci\u00f3n que tuvimos hace unos a\u00f1os:<\/p>\n<p>\u201cMira Carlos, muchas noches, de madrugada, me sucede \u00a0algo parecido a esto: siento un codazo que me despierta seguido de un <strong><em>\u00bfest\u00e1 llorando el ni\u00f1o?<\/em><\/strong>.\u00a0 En ese momento yo so\u00f1aba que estaba en una playa caribe\u00f1a a punto de tomarme una pi\u00f1a colada, as\u00ed que me sobresalt\u00e9 y, una vez recobrada la orientaci\u00f3n y el sentido de la realidad, me incorpor\u00e9 sobre la cama y, efectivamente, pude escuchar c\u00f3mo Antonio (que tendr\u00eda unos 2 a\u00f1os en aquella \u00e9poca) estaba llorando como todas las noches, desde hac\u00eda m\u00e1s de 365 noches, a las tres y 18 de la madrugada.<\/p>\n<p>Mientras tomaba conciencia de las diferentes partes de mi cuerpo volv\u00ed a escuchar a mi Tom\u00e1s: \u201c<strong><em>Paqui, Paqui \u00a1\u00a1\u00a1los vecinos!!<\/em><\/strong>!\u201d as\u00ed que, como una zombi, me tir\u00e9 de la cama y me fui al cuarto de Antonio. Era lunes o mi\u00e9rcoles o viernes, que son las noches que me toca levantarme a m\u00ed. Eran las tres y dieciocho, ni m\u00e1s ni menos, lo dec\u00eda el reloj, y lo dec\u00eda el sue\u00f1o profundo que me asaltaba. Y all\u00ed me ve\u00eda frente a mi hijo, que llora cada vez con m\u00e1s intensidad.<\/p>\n<p>Y todos los d\u00edas sigo la misma rutina:<\/p>\n<p>Primero intento con chupete, acompa\u00f1ado de suaves \u201cea ea ea\u201d. Al momento, el chupete sale disparado vete a saber d\u00f3nde.<\/p>\n<p>Segundo, meter un dedo por el pa\u00f1al para ver si hab\u00eda alg\u00fan elemento extra\u00f1o incomodando las posaderas de mi ni\u00f1o. El resultado de la exploraci\u00f3n digital, como siempre, negativo. El ni\u00f1o se incorpora y llora. Madre m\u00eda, c\u00f3mo llora. Pero yo sigo con el &#8220;ea, ea, ea&#8221;.<\/p>\n<p>Tercer paso, a menear la cuna con una mano y con cierta virulencia, y con la otra y los pies, a buscar el chupete, sin encender la luz porque mi cu\u00f1ada dice que la luz espabila a los beb\u00e9s.\u00a0 Antonio, con el incremento de mene\u00edto, parece m\u00e1s irritado, as\u00ed que llora m\u00e1s fuerte. Y yo, cada vez m\u00e1s fuerte el \u201cea ea ea mi ni\u00f1o, ea ea ea\u201d.<\/p>\n<p>Parece que llevo una eternidad levantada, y s\u00f3lo han pasado 10 minutos con el \u201cea ea ea mi ni\u00f1o a dormir \u00a1ya!, \u00a1leche!\u201d.<\/p>\n<p>Algunos d\u00edas, con suerte, esto dura una hora; otros d\u00edas, dos,. Quiero decir que <strong>algunos d\u00edas tardo una hora en coger al ni\u00f1o y llev\u00e1rmelo a la cama, y otros d\u00edas aguanto dos horas. <\/strong>Pero eso s\u00ed, camino de la habitaci\u00f3n siempre me dec\u00eda eso de<strong> \u00a0\u201cjuro que hoy es la \u00faltima vez\u201d.<\/strong><\/p>\n<p>El problema de los ni\u00f1os que duermen mal es que terminan teniendo<strong> padres que \u00a0duermen peor<\/strong>. Y ambos, padres e hijos, sufren las <strong>consecuencias de esa falta de sue\u00f1o<\/strong>: cansancio, dificultad para concentrarse, irritaci\u00f3n. Y cansados e irritados es m\u00e1s complicado educar.<\/p>\n<p>En esto del dormir nos encontramos, como en muchos otros aspectos de la vida, posturas m\u00e1s o menos enfrentadas: por un lado, los partidarios del <a href=\"http:\/\/www.doctorestivill.es\/\" target=\"_blank\"><strong>Dr. Estivill<\/strong><\/a>, \u00a0que tiene como biblia \u00a0su libro \u201c<a href=\"http:\/\/www.metodoestivill.com.ar\/\" target=\"_blank\"><strong>Du\u00e9rmete ni\u00f1o<\/strong>\u201c<\/a>, en el que defiende un m\u00e9todo basado en el <strong>\u201c<a href=\"http:\/\/www.netmoms.es\/magazin\/bebe\/el-bebe-aprende-a-dormir\/metodo-ferber-dejar-llorar-5-minutos\/\" target=\"_blank\">m\u00e9todo Ferber\u201d<\/a><\/strong>.<\/p>\n<p>El objetivo de esta t\u00e9cnica es <strong>ense\u00f1ar a dormir a los ni\u00f1os solos, sin ayudas externas<\/strong>. Se basa en <strong>crear h\u00e1bitos a los ni\u00f1os, realizar rutinas y, en el caso de que hayan adquirido h\u00e1bitos incorrectos, corregirlos de una manera muy concreta<\/strong>. El Dr. Estivill afirma que su m\u00e9todo, que no es v\u00e1lido para todos los ni\u00f1os, tiene un 95% de posibilidades de \u00e9xito, aunque tiene tambi\u00e9n muchos detractores.<\/p>\n<p>Por otro lado nos encontramos al <a href=\"http:\/\/translate.google.es\/translate?hl=es&#038;sl=en&#038;u=http:\/\/cosleeping.nd.edu\/mckenna-biography\/&#038;prev=\/search%3Fq%3DDr.%2BJames%2BMcKenna%26hl%3Des%26client%3Dfirefox-a%26hs%3DYWd%26rls%3Dorg.mozilla:es-ES:official%26channel%3Dnp%26biw%3D1024%26bih%3D629&#038;sa=X&#038;ei=Lt85UcmvCc-y7Aa4oID4Cw&#038;ved=0CD0Q7gEwAQ\" target=\"_blank\"><strong>Dr. James McKenna<\/strong><\/a>, que tienen como biblia <strong>\u201c<a href=\"http:\/\/dormirsinllorar.com\/shop\/dormir-con-tu-beb-gu-a-para-padres-sobre-el-colecho--j-mckenna.html\">Dormir con tu Beb\u00e9<\/a>\u201d<\/strong>. Estos padres son partidarios del <a href=\"http:\/\/translate.google.es\/translate?hl=es&#038;sl=en&#038;u=http:\/\/www.cosleeping.org\/&#038;prev=\/search%3Fq%3Dco-sleeping%26hl%3Des%26client%3Dfirefox-a%26hs%3DGXd%26rls%3Dorg.mozilla:es-ES:official%26channel%3Dnp%26biw%3D1024%26bih%3D629&#038;sa=X&#038;ei=Wt85UaTgCvKS7Abki4FQ&#038;ved=0CEwQ7gEwAg\" target=\"_blank\"><em>co-sleeping<\/em><\/a>, que en castellano lo hemos traducido como \u201c<strong>colecho<\/strong>\u201d, padres partidarios de una crianza m\u00e1s natural, en la que <strong>los ni\u00f1os duermen con los padres hasta que tienen tres o cuatro a\u00f1os porque consideran que esto favorece el desarrollo emocional y el establecimiento de v\u00ednculos.<\/strong> Este m\u00e9todo que, tambien tiene sus detractores, es muy habitual en paises orientales\u00a0 como Jap\u00f3n y en el norte de Europa.<\/p>\n<p><strong>Todos los m\u00e9todos tiene sus ventajas y sus inconvenientes<\/strong>, y a los padres que se entregan a los m\u00e9todos como si fueran dogmas hay que recordarles que<strong> la educaci\u00f3n de los hijos requiere algo m\u00e1s que la aplicaci\u00f3n inflexible de un m\u00e9todo de crianza, requiere sobre todo tranquilidad, tener en cuenta las caracter\u00edsticas de los hijos y tambi\u00e9n la de los padres, y paciencia.<\/strong><\/p>\n<p>Dormir es necesario para los hijos y para los padres. Os animo a que compart\u00e1is con otros padres lo que hac\u00e9is o hab\u00e9is hecho para ayudar a vuestros hijos a regular el h\u00e1bito del sue\u00f1o.<\/p>\n<p>Y no teng\u00e1is duda alguna que <strong>dentro de unos a\u00f1os dormir\u00e9is de forma continuada<\/strong> hasta que los ronquidos de vuestra pareja os despierten, hasta entonces mis mejores deseos de buenas noches y felices sue\u00f1os.<\/p>\n<p>&nbsp;<\/p>\n<p><strong>Para saber m\u00e1s del m\u00e9todo <a href=\"http:\/\/http:\/\/www.todopapas.com\/bebe\/cuidados-bebe\/aprendiendo-a-dormir-el-metodo-estivill-359\">Estivill<\/a><\/strong><\/p>\n<p><strong>Para saber m\u00e1s del <a href=\"http:\/\/psicologiaycrianza.blogspot.com.es\/2012\/07\/beneficios-del-colecho-para-los-bebes.html\">colecho<\/a><\/strong><\/p>\n<!-- AddThis Advanced Settings generic via filter on the_content --><!-- AddThis Share Buttons generic via filter on the_content -->","protected":false},"excerpt":{"rendered":"<p>Mi amiga Paqui cada vez que se hace un juramento de los de &#8220;hoy es la \u00faltima vez\u201d (la \u00faltima vez que como donuts de chocolate, la \u00faltima vez que le grito a los ni\u00f1os, la \u00faltima vez que recojo los juguetes, etc), me llama como si yo fuera la Virgen de\u00a0 Lourdes para que [&hellip;]<!-- AddThis Advanced Settings generic via filter on get_the_excerpt --><!-- AddThis Share Buttons generic via filter on get_the_excerpt --><\/p>\n","protected":false},"author":73,"featured_media":0,"comment_status":"open","ping_status":"closed","sticky":false,"template":"","format":"standard","meta":[],"categories":[4,5],"tags":[132,158,164,171,222,229,242,266,273,298,299,306,308,322,379,390,402,407,460,481,559,583,590,596,620,632,659,682,711,715,744,874,927,980,1019],"_links":{"self":[{"href":"https:\/\/blogs.hoy.es\/escuela-de-padres\/wp-json\/wp\/v2\/posts\/93"}],"collection":[{"href":"https:\/\/blogs.hoy.es\/escuela-de-padres\/wp-json\/wp\/v2\/posts"}],"about":[{"href":"https:\/\/blogs.hoy.es\/escuela-de-padres\/wp-json\/wp\/v2\/types\/post"}],"author":[{"embeddable":true,"href":"https:\/\/blogs.hoy.es\/escuela-de-padres\/wp-json\/wp\/v2\/users\/73"}],"replies":[{"embeddable":true,"href":"https:\/\/blogs.hoy.es\/escuela-de-padres\/wp-json\/wp\/v2\/comments?post=93"}],"version-history":[{"count":0,"href":"https:\/\/blogs.hoy.es\/escuela-de-padres\/wp-json\/wp\/v2\/posts\/93\/revisions"}],"wp:attachment":[{"href":"https:\/\/blogs.hoy.es\/escuela-de-padres\/wp-json\/wp\/v2\/media?parent=93"}],"wp:term":[{"taxonomy":"category","embeddable":true,"href":"https:\/\/blogs.hoy.es\/escuela-de-padres\/wp-json\/wp\/v2\/categories?post=93"},{"taxonomy":"post_tag","embeddable":true,"href":"https:\/\/blogs.hoy.es\/escuela-de-padres\/wp-json\/wp\/v2\/tags?post=93"}],"curies":[{"name":"wp","href":"https:\/\/api.w.org\/{rel}","templated":true}]}}