{"id":106,"date":"2012-11-28T11:58:19","date_gmt":"2012-11-28T10:58:19","guid":{"rendered":"http:\/\/blogs.hoy.es\/extredato\/?p=106"},"modified":"2012-11-28T11:58:19","modified_gmt":"2012-11-28T10:58:19","slug":"recaudacion-extremadura-remonta-gracias-a-la-subida-del-iva","status":"publish","type":"post","link":"https:\/\/blogs.hoy.es\/extredato\/2012\/11\/28\/recaudacion-extremadura-remonta-gracias-a-la-subida-del-iva\/","title":{"rendered":"La recaudaci\u00f3n remonta gracias a la subida del IVA"},"content":{"rendered":"<p><strong>La subida del IVA<\/strong> que entr\u00f3 en vigor el pasado 1 de septiembre <strong>comienza a dar sus fruto<\/strong>s. Lo reflejan los dos datos de recaudaci\u00f3n de la Agencia Tributaria de octubre, que muestran una <strong>notable recuperaci\u00f3n de los ingresos del Estado en Extremadura<\/strong>. As\u00ed, la recaudaci\u00f3n tributaria acumulada en las ventanillas de la AEAT alcanza los <strong>827,4 millones de euros, un 5,1% menos<\/strong> que el mismo periodo del a\u00f1o anterior, dato que contrasta con la ca\u00edda del 12,5% que se ven\u00eda registrando hasta junio o al 21,2% del primer trimestre del a\u00f1o. Gracias a esta evoluci\u00f3n, Extremadura gana terreno con respecto a la media estatal, que acumula un retroceso de apenas el 0,2%.<\/p>\n<p><img loading=\"lazy\" class=\"aligncenter\" src=\"\/extredato\/wp-content\/uploads\/sites\/17\/2012\/11\/evolucionAEAT.jpg\" alt=\"Evoluci\u00f3n de la recaudaci\u00f3n de la AEAT en Extremadura\" width=\"581\" height=\"355\" \/><\/p>\n<p><strong>La clave de esta remontada est\u00e1 en el IVA<\/strong>. Hasta agosto arrastraba un descenso del 25,9%, que se moder\u00f3 hasta el 11,7% en septiembre por los primeros efectos de la subida de tipos. Pero <strong>en octubre, mes en el que la gran mayor\u00eda de las empresas ingresan lo cobrado por IVA durante el tercer trimestre, la recaudaci\u00f3n dio un salto de casi 82 millones de euros<\/strong>, frente a los 67,6 millones del mismo mes del a\u00f1o anterior, es decir, un 21% m\u00e1s. Con ello, los <strong>ingresos acumulados<\/strong> por la Agencia Tributaria en concepto de IVA en Extremadura se sit\u00faan en 219,1 millones, <strong>solo un 1,7% menos que en el mismo periodo de 2011<\/strong>.<\/p>\n<p>Esta variaci\u00f3n supone que, al menos hasta el momento, <strong>no se ha producido un hundimiento del consumo que contrarreste los positivos efectos recaudatorios de la subida del IVA<\/strong>. Ese era uno de los grandes temores de las Administraciones P\u00fablicas. Pero los datos tributarios lo descartan, al igual que las cifras sobre evoluci\u00f3n del comercio que elabora el INE. Es cierto, seg\u00fan esta estad\u00edstica (a precios corrientes), que el comercio extreme\u00f1o registr\u00f3 en septiembre una ca\u00edda del 5,9% en comparaci\u00f3n con el mismo mes de 2011. Sin embargo, el volumen medio de negocio acumulado hasta septiembre solo retrocede un 0,7%. Y en octubre mejoran, pues las ventas subieron un 0,1% interanual, seg\u00fan los datos publicados hoy por el <a href=\"http:\/\/www.ine.es\/daco\/daco42\/daco4215\/ccm1012.pdf\" rel=\"external nofollow\">INE<\/a>.<\/p>\n<p>En octubre tambi\u00e9n se ha notado una <strong>mejora de la recaudaci\u00f3n por el Impuesto sobre Sociedades<\/strong>, que suma 86,4 millones, un 11,1% menos que un a\u00f1o antes. En cuanto al <strong>IRPF<\/strong>, la principal fuente tributaria, con 511,5 millones de euros, <strong>sigue manteniendo una ca\u00edda m\u00e1s o menos estable<\/strong>, que en octubre se sit\u00faa en el 5,7%.<\/p>\n<p>\u00bfContinuar\u00e1 la mejora general de aqu\u00ed a final de a\u00f1o? Ojal\u00e1, porque eso significar\u00eda que la gente sigue gastando, con lo que eso supone de impulso de la econom\u00eda, y porque lo agradecer\u00e1n las arcas p\u00fablicas.<\/p>\n<!-- AddThis Advanced Settings generic via filter on the_content --><!-- AddThis Share Buttons generic via filter on the_content -->","protected":false},"excerpt":{"rendered":"<p>La subida del IVA que entr\u00f3 en vigor el pasado 1 de septiembre comienza a dar sus frutos. Lo reflejan los dos datos de recaudaci\u00f3n de la Agencia Tributaria de octubre, que muestran una notable recuperaci\u00f3n de los ingresos del Estado en Extremadura. As\u00ed, la recaudaci\u00f3n tributaria acumulada en las ventanillas de la AEAT alcanza [&hellip;]<!-- AddThis Advanced Settings generic via filter on get_the_excerpt --><!-- AddThis Share Buttons generic via filter on get_the_excerpt --><\/p>\n","protected":false},"author":21,"featured_media":0,"comment_status":"open","ping_status":"closed","sticky":false,"template":"","format":"standard","meta":[],"categories":[5],"tags":[10,19,148,190,200,202,291,327,329],"_links":{"self":[{"href":"https:\/\/blogs.hoy.es\/extredato\/wp-json\/wp\/v2\/posts\/106"}],"collection":[{"href":"https:\/\/blogs.hoy.es\/extredato\/wp-json\/wp\/v2\/posts"}],"about":[{"href":"https:\/\/blogs.hoy.es\/extredato\/wp-json\/wp\/v2\/types\/post"}],"author":[{"embeddable":true,"href":"https:\/\/blogs.hoy.es\/extredato\/wp-json\/wp\/v2\/users\/21"}],"replies":[{"embeddable":true,"href":"https:\/\/blogs.hoy.es\/extredato\/wp-json\/wp\/v2\/comments?post=106"}],"version-history":[{"count":0,"href":"https:\/\/blogs.hoy.es\/extredato\/wp-json\/wp\/v2\/posts\/106\/revisions"}],"wp:attachment":[{"href":"https:\/\/blogs.hoy.es\/extredato\/wp-json\/wp\/v2\/media?parent=106"}],"wp:term":[{"taxonomy":"category","embeddable":true,"href":"https:\/\/blogs.hoy.es\/extredato\/wp-json\/wp\/v2\/categories?post=106"},{"taxonomy":"post_tag","embeddable":true,"href":"https:\/\/blogs.hoy.es\/extredato\/wp-json\/wp\/v2\/tags?post=106"}],"curies":[{"name":"wp","href":"https:\/\/api.w.org\/{rel}","templated":true}]}}