{"id":114,"date":"2012-12-19T14:31:46","date_gmt":"2012-12-19T13:31:46","guid":{"rendered":"http:\/\/blogs.hoy.es\/extredato\/?p=114"},"modified":"2012-12-19T14:31:46","modified_gmt":"2012-12-19T13:31:46","slug":"extremadura-mejoro-su-saldo-vegetativo-en-2011","status":"publish","type":"post","link":"https:\/\/blogs.hoy.es\/extredato\/2012\/12\/19\/extremadura-mejoro-su-saldo-vegetativo-en-2011\/","title":{"rendered":"Extremadura mejor\u00f3 su saldo vegetativo en 2011"},"content":{"rendered":"<p><strong>Extremadura volvi\u00f3 a registrar un saldo vegetativo negativo en 2011, pero perdi\u00f3 menos poblaci\u00f3n que el a\u00f1o anterior<\/strong>. Es un dato positivo que no hay que pasar por alto entre las cifras de movimiento natural de la poblaci\u00f3n e indicadores b\u00e1sicos de 2011 que hoy ha publicado el <a href=\"http:\/\/www.ine.es\/prensa\/np759.pdf\" rel=\"external nofollow\">Instituto Nacional de Estad\u00edstica<\/a> y que vienen a constatar lo que ya se ve\u00eda venir en otras estad\u00edsticas: la crisis est\u00e1 haciendo mella en la evoluci\u00f3n de la poblaci\u00f3n espa\u00f1ola.<\/p>\n<p>La reducci\u00f3n del saldo vegetativo de Extremadura con respecto al a\u00f1o anterior se debe a que <strong>las defunciones bajaron m\u00e1s que los nacimientos<\/strong>. Gracias a ello se ha pasado de una p\u00e9rdida de 688 personas a otra de 646. En el total del pa\u00eds, en cambio, baja el crecimiento vegetativo por tercer a\u00f1o consecutivo.<\/p>\n<p>Entrando en detalles, en la regi\u00f3n <strong>nacieron 9.938 ni\u00f1os<\/strong>. Es un 1,88% menos que en 2010, pero es <strong>el tercer menor descenso del pa\u00eds<\/strong> (a excepci\u00f3n de Asturias, que logr\u00f3 el \u00fanico aumento). La media disminuy\u00f3 el 3,03%. Es curioso que en Extremadura <strong>subi\u00f3 el nacimiento de ni\u00f1os<\/strong> (5.249 varones, el 52,8% del total) y baj\u00f3 el de ni\u00f1as (4.689 mujeres, un 4,7% menos). Tambi\u00e9n lo es que bajan los partos sencillos (9.603) y <strong>aumentan los dobles<\/strong> (176) <strong>y triples<\/strong> (3). \u00bfY cu\u00e1nto creen que han pesado de media los ni\u00f1os extreme\u00f1os? Pues <strong>3.210 gramos<\/strong>, solo 16 gramos menos que la media.<\/p>\n<p><strong>Llama igualmente la atenci\u00f3n que se ha interrumpido el imparable ascenso de los nacimientos de madre extranjer<\/strong>a. Despu\u00e9l del r\u00e9cord de 2010, con 755 nacimientos, el n\u00famero ha bajado un 6,9% y se ha situado en 703. Suponen el 7,1% del total, aunque la media nacional est\u00e1 en el 19,3%. Aqu\u00ed tambi\u00e9n se ha producido en la regi\u00f3n un descenso menor que la media nacional.<\/p>\n<p>Lo preocupante es que, <strong>tanto en Extremadura como en Espa\u00f1a, los nacimientos encadenan cuatro a\u00f1os de descenso<\/strong>. No cabe duda de que la crisis econ\u00f3mica tiene mucho que ver con ello.<\/p>\n<p>En cuanto a la mortalidad, en 2011 se registraron <strong>10.584 defunciones, un 2,14% menos<\/strong> que el a\u00f1o anterior. Es <strong>el mayor descenso del pa\u00eds<\/strong>, que contrasta con un aumento del 1,52% de la media nacional.<\/p>\n<p>Por lo que se refiere a los matrimonios, en Extremadura <strong>baja un 8,78% el n\u00famero de enlaces entre personas de distinto sexo<\/strong>, hasta situarse en 3.511.<strong> \u00bfD\u00f3nde est\u00e1 la clave? En el vertiginoso descenso de los matrimonios cat\u00f3licos<\/strong>. En 2011 se celebraron 2.010 bodas por la Iglesia (un 13,8% menos), la mitad que en el a\u00f1o 2002. Las exclusivamente civiles han parado su aumento, con un total de 1.493. <strong>Los que no cesan de subir, aunque sea ligeramente, son los matrimonios homosexuales<\/strong>. En 2011 hubo 37 en la regi\u00f3n, con lo que ya representan el 1% del total, aunque en el Espa\u00f1a ya van por encima del 2%.<\/p>\n<p>El descenso de los nacimientos y de las defunciones se traduce en <strong>bajadas de los indicadores demogr\u00e1ficos b\u00e1sicos<\/strong>. As\u00ed, la tasa de natalidad se sit\u00faa en 9,18 nacidos por cada 1.000 habitantes. La de fecundidad es de 38,18 nacimientos por cada 1.000 mujeres en edad f\u00e9rtil. Y la tasa bruta de mortalidad, que iba en ascenso, se suaviza hasta los 9,77 fallecimientos por cada 1.000 habitantes.<\/p>\n<p>Al mismo tiempo, <strong>siguen aumentando los indicadores que reflejan en progresivo envejecimiento de la poblaci\u00f3n<\/strong> (del que ya habl\u00e1bamos aqu\u00ed <a href=\"https:\/\/blogs.hoy.es\/extredato\/2012\/01\/18\/envejeciendo-a-marchas-forzadas\/\">hace un a\u00f1o<\/a>). En primer lugar, <strong>cada vez se tienen los hijos m\u00e1s tarde<\/strong>. En Extremadura la <strong>edad media de la maternidad es de 31,35 a\u00f1os<\/strong>, ligeramente por debajo de la media. En segundo lugar, <strong>la esperanza de vida contin\u00faa creciendo sin parar<\/strong>: 81,50 a\u00f1os al nacer o 20,10 a\u00f1os a partir de la jubilaci\u00f3n. Tercero: la edad media del total de la poblaci\u00f3n extreme\u00f1a alcanza los 41,89 a\u00f1os. <strong>El grupo de jubilados sigue ganando peso poblaci\u00f3n<\/strong>: crece hasta el 18,88% del total de la poblaci\u00f3n y representa el 121,47% si se compara con el grupo de menores de 16 a\u00f1os. Entre ambos grupos, que son los considerados como dependientes, suman el 52,47% con respecto a la poblaci\u00f3n en edad laboral; es decir, por cada cien personas en edad de trabajar hay 52 personas inactivas (mayores de 64 o menores de 16 a\u00f1os). <strong>La tendencia creciente en todos ellos es paralela a la media nacional<\/strong>. As\u00ed pues, m\u00e1s datos que hacen pensar sobre c\u00f3mo habr\u00e1 que sostener en el futuro el Estado de Bienestar de nuestro pa\u00eds.<\/p>\n<!-- AddThis Advanced Settings generic via filter on the_content --><!-- AddThis Share Buttons generic via filter on the_content -->","protected":false},"excerpt":{"rendered":"<p>Extremadura volvi\u00f3 a registrar un saldo vegetativo negativo en 2011, pero perdi\u00f3 menos poblaci\u00f3n que el a\u00f1o anterior. Es un dato positivo que no hay que pasar por alto entre las cifras de movimiento natural de la poblaci\u00f3n e indicadores b\u00e1sicos de 2011 que hoy ha publicado el Instituto Nacional de Estad\u00edstica y que vienen [&hellip;]<!-- AddThis Advanced Settings generic via filter on get_the_excerpt --><!-- AddThis Share Buttons generic via filter on get_the_excerpt --><\/p>\n","protected":false},"author":21,"featured_media":0,"comment_status":"open","ping_status":"closed","sticky":false,"template":"","format":"standard","meta":[],"categories":[3],"tags":[9,115,148,193,232,249,265,274,294,309],"_links":{"self":[{"href":"https:\/\/blogs.hoy.es\/extredato\/wp-json\/wp\/v2\/posts\/114"}],"collection":[{"href":"https:\/\/blogs.hoy.es\/extredato\/wp-json\/wp\/v2\/posts"}],"about":[{"href":"https:\/\/blogs.hoy.es\/extredato\/wp-json\/wp\/v2\/types\/post"}],"author":[{"embeddable":true,"href":"https:\/\/blogs.hoy.es\/extredato\/wp-json\/wp\/v2\/users\/21"}],"replies":[{"embeddable":true,"href":"https:\/\/blogs.hoy.es\/extredato\/wp-json\/wp\/v2\/comments?post=114"}],"version-history":[{"count":0,"href":"https:\/\/blogs.hoy.es\/extredato\/wp-json\/wp\/v2\/posts\/114\/revisions"}],"wp:attachment":[{"href":"https:\/\/blogs.hoy.es\/extredato\/wp-json\/wp\/v2\/media?parent=114"}],"wp:term":[{"taxonomy":"category","embeddable":true,"href":"https:\/\/blogs.hoy.es\/extredato\/wp-json\/wp\/v2\/categories?post=114"},{"taxonomy":"post_tag","embeddable":true,"href":"https:\/\/blogs.hoy.es\/extredato\/wp-json\/wp\/v2\/tags?post=114"}],"curies":[{"name":"wp","href":"https:\/\/api.w.org\/{rel}","templated":true}]}}