{"id":116,"date":"2013-01-17T13:12:38","date_gmt":"2013-01-17T12:12:38","guid":{"rendered":"http:\/\/blogs.hoy.es\/extredato\/?p=116"},"modified":"2013-01-17T13:12:38","modified_gmt":"2013-01-17T12:12:38","slug":"los-emigrantes-extremenos-solo-aumentan-en-canarias","status":"publish","type":"post","link":"https:\/\/blogs.hoy.es\/extredato\/2013\/01\/17\/los-emigrantes-extremenos-solo-aumentan-en-canarias\/","title":{"rendered":"Castilla-La Mancha acapara el aumento de emigrantes extreme\u00f1os de la \u00faltima d\u00e9cada"},"content":{"rendered":"<p>Los <strong>datos definitivos del padr\u00f3n<\/strong> municipal correspondiente al 1 de enero de 2012, cuyos detalles acaban de ser publicados por el <a href=\"http:\/\/www.ine.es\/jaxi\/menu.do?type=pcaxis&#038;path=%2Ft20%2Fe245&#038;file=inebase&#038;L=0\" rel=\"external nofollow\">Instituto Nacional de Estad\u00edstica<\/a>, <strong>confirman lo que ya apuntamos<\/strong> hace algunos meses en <a href=\"https:\/\/blogs.hoy.es\/extredato\/2012\/04\/19\/el-numero-de-extremenos-en-el-exterior-baja-de-600-000\/\">este blog<\/a>: que <strong>el n\u00famero de extreme\u00f1os residentes en otras comunidades ha bajado de 600.000 por primera vez en varias d\u00e9cadas<\/strong>. En concreto, la cifra oficial dice que a principios del a\u00f1o pasado hab\u00eda <strong>592.334 personas nacidas en Extremadura residiendo en otras regiones espa\u00f1olas<\/strong>. Eso supone <strong>7.815 emigrantes menos que el a\u00f1o anterior<\/strong>, un descenso del 1,3%.<\/p>\n<p>La cifra puede chocar, sobre todo teniendo en cuenta que en los \u00faltimos tiempos se habla mucho de la emigraci\u00f3n por culpa de la crisis. <strong>\u00bfC\u00f3mo es esto posible si el saldo migratorio de extreme\u00f1os es negativo?<\/strong> La respuesta es f\u00e1cil de deducir: si emigraci\u00f3n de extreme\u00f1os super\u00f3 al retorno en 1.898 personas durante 2011, <strong>la \u00fanica posibilidad es que esa mayor salida de extreme\u00f1os se contrarreste con el movimiento natural de los propios emigrantes, es decir, por las defunciones<\/strong>. No hay que olvidar que la ola migratoria extreme\u00f1a comenz\u00f3 en la segunda mitad de los a\u00f1os cincuenta y que <strong>muchos de aquellos emigrantes, hoy de edad avanzada, no han retornado a su tierra<\/strong> por haber echado ra\u00edces familiares en sus regiones de acogida, y es all\u00ed donde fallecen.<\/p>\n<table width=\"333\" border=\"0\" cellspacing=\"0\" cellpadding=\"0\">\n<colgroup>\n<col width=\"122\" \/>\n<col width=\"89\" \/>\n<col span=\"2\" width=\"61\" \/> <\/colgroup>\n<tbody>\n<tr>\n<td width=\"122\" height=\"60\"><\/td>\n<td width=\"89\">\n<p style=\"text-align: center;\"><strong>Extreme\u00f1os en el exterior 1-1-2012<\/strong><\/p>\n<\/td>\n<td style=\"text-align: center;\" colspan=\"2\" width=\"122\"><strong>Variaci\u00f3n 2012\/2011<\/strong><\/td>\n<\/tr>\n<tr>\n<td height=\"20\">Andaluc\u00eda<\/td>\n<td align=\"right\">59.976<\/td>\n<td align=\"right\">-825<\/td>\n<td align=\"right\">-1,4%<\/td>\n<\/tr>\n<tr>\n<td height=\"20\">Arag\u00f3n<\/td>\n<td align=\"right\">7.997<\/td>\n<td align=\"right\">-95<\/td>\n<td align=\"right\">-1,2%<\/td>\n<\/tr>\n<tr>\n<td height=\"20\">Asturias<\/td>\n<td align=\"right\">6.563<\/td>\n<td align=\"right\">-119<\/td>\n<td align=\"right\">-1,8%<\/td>\n<\/tr>\n<tr>\n<td height=\"20\">Baleares<\/td>\n<td align=\"right\">12.406<\/td>\n<td align=\"right\">-205<\/td>\n<td align=\"right\">-1,6%<\/td>\n<\/tr>\n<tr>\n<td height=\"20\">Canarias<\/td>\n<td align=\"right\">5.030<\/td>\n<td align=\"right\">12<\/td>\n<td align=\"right\">0,2%<\/td>\n<\/tr>\n<tr>\n<td height=\"20\">Cantabria<\/td>\n<td align=\"right\">2.421<\/td>\n<td align=\"right\">-39<\/td>\n<td align=\"right\">-1,6%<\/td>\n<\/tr>\n<tr>\n<td height=\"20\">Castilla y Le\u00f3n<\/td>\n<td align=\"right\">19.528<\/td>\n<td align=\"right\">-114<\/td>\n<td align=\"right\">-0,6%<\/td>\n<\/tr>\n<tr>\n<td height=\"20\">Castilla-La Mancha<\/td>\n<td align=\"right\">27.903<\/td>\n<td align=\"right\">-186<\/td>\n<td align=\"right\">-0,7%<\/td>\n<\/tr>\n<tr>\n<td height=\"20\">Catalu\u00f1a<\/td>\n<td align=\"right\">131.884<\/td>\n<td align=\"right\">-2.210<\/td>\n<td align=\"right\">-1,6%<\/td>\n<\/tr>\n<tr>\n<td height=\"20\">Com. Valenciana<\/td>\n<td align=\"right\">32.293<\/td>\n<td align=\"right\">-492<\/td>\n<td align=\"right\">-1,5%<\/td>\n<\/tr>\n<tr>\n<td height=\"20\">Galicia<\/td>\n<td align=\"right\">3.630<\/td>\n<td align=\"right\">-17<\/td>\n<td align=\"right\">-0,5%<\/td>\n<\/tr>\n<tr>\n<td height=\"20\">Madrid<\/td>\n<td align=\"right\">214.210<\/td>\n<td align=\"right\">-2.577<\/td>\n<td align=\"right\">-1,2%<\/td>\n<\/tr>\n<tr>\n<td height=\"20\">Murcia<\/td>\n<td align=\"right\">2.910<\/td>\n<td align=\"right\">-14<\/td>\n<td align=\"right\">-0,5%<\/td>\n<\/tr>\n<tr>\n<td height=\"20\">Navarra<\/td>\n<td align=\"right\">6.197<\/td>\n<td align=\"right\">-80<\/td>\n<td align=\"right\">-1,3%<\/td>\n<\/tr>\n<tr>\n<td height=\"20\">Pa\u00eds Vasco<\/td>\n<td align=\"right\">56.474<\/td>\n<td align=\"right\">-818<\/td>\n<td align=\"right\">-1,4%<\/td>\n<\/tr>\n<tr>\n<td height=\"20\">La Rioja<\/td>\n<td align=\"right\">2.205<\/td>\n<td align=\"right\">-29<\/td>\n<td align=\"right\">-1,3%<\/td>\n<\/tr>\n<tr>\n<td height=\"20\">Ceuta<\/td>\n<td align=\"right\">437<\/td>\n<td align=\"right\">-3<\/td>\n<td align=\"right\">-0,7%<\/td>\n<\/tr>\n<tr>\n<td height=\"20\">Melilla<\/td>\n<td align=\"right\">270<\/td>\n<td align=\"right\">-4<\/td>\n<td align=\"right\">-1,5%<\/td>\n<\/tr>\n<tr>\n<td height=\"20\"><strong>Total otras CCAA<\/strong><\/td>\n<td align=\"right\"><strong>592.334<\/strong><\/td>\n<td align=\"right\"><strong>-7.815<\/strong><\/td>\n<td align=\"right\"><strong>-1,3%<\/strong><\/td>\n<\/tr>\n<\/tbody>\n<\/table>\n<p>Comparando la foto fija de los emigrantes extreme\u00f1os a 1-1-2012 con la del a\u00f1o anterior, vemos que <strong>la \u00fanica comunidad aut\u00f3noma en la que aumenta el n\u00famero de extreme\u00f1os es Canarias, aunque solo sea un peque\u00f1o avance<\/strong>: suma 12 extreme\u00f1os, un 0,24%, y alcanza un total de 5.030. Por el lado contrario, el mayor descenso, en porcentaje, se ha registrado en Asturias, con un 1,8% menos.<\/p>\n<p>No obstante, <strong>los descensos de mayor cuant\u00eda en el n\u00famero de extreme\u00f1os se han localizado en las regiones tradicionales de la emigraci\u00f3n<\/strong>: hay 2.577 extreme\u00f1os menos en Madrid, 2.210 menos en Catalu\u00f1a, 825 menos en Andaluc\u00eda y 818 menos en el Pa\u00eds Vasco.<\/p>\n<p style=\"text-align: center;\"><img loading=\"lazy\" class=\"aligncenter\" src=\"\/extredato\/wp-content\/uploads\/sites\/17\/2013\/01\/evolucionextremenosexterior2012.jpg\" alt=\"\" width=\"586\" height=\"383\" \/><\/p>\n<p>Analizando los <strong>cambios de la \u00faltima d\u00e9cada<\/strong> para tener m\u00e1s perspectiva, tenemos que <strong>el n\u00famero de extreme\u00f1os en el exterior se ha reducido de media un 10,2%<\/strong>. En este periodo, hay seis regiones donde crece y diez donde baja (a las que se suman Ceuta y Melilla). <strong>El mayor crecimiento, con diferencia, es el de Castilla-La Mancha<\/strong>, que suma un 13%, 3.200 extreme\u00f1os m\u00e1s. Sin duda, este hecho est\u00e1 muy relacionado con el aumento poblacional que Toledo y Guadalajara han experimentado durante esos diez a\u00f1os al calor de la actividad econ\u00f3mica desarrollada en estas dos provincias lim\u00edtrofes con Madrid. A Castilla-La Mancha le siguen Murcia, Galicia, Cantabria y, a m\u00e1s distancia, Castilla y Le\u00f3n y La Rioja.<\/p>\n<p><strong>Entre las bajadas hay que destacar los casos de Pa\u00eds Vasco (-15,9%), Catalu\u00f1a (-14,7%) y, tambi\u00e9n por encima de la media, Madrid (-11,7%)<\/strong>, que fueron los tres principales focos de la emigraci\u00f3n extreme\u00f1a durante los a\u00f1os sesenta y setenta. En Madrid, la raz\u00f3n fundamental de la ca\u00edda tiene que estar, como hemos dicho, en el movimiento natural de la poblaci\u00f3n, pero tambi\u00e9n en que probablemente un buen n\u00famero de extreme\u00f1os residentes en esta comunidad se hayan trasladado en los \u00faltimos a\u00f1os a Toledo y Guadalajara.<\/p>\n<p><strong>En el caso de las provincias vascas y catalanas<\/strong>, el descenso del n\u00famero de extreme\u00f1os viene motivado no s\u00f3lo por el propio movimiento natural de la poblaci\u00f3n, sino tambi\u00e9n por el hecho de que <strong>en la \u00faltima d\u00e9cada el retorno de extreme\u00f1os ha superado a la emigraci\u00f3n<\/strong>.<\/p>\n<p>Si a estos datos del padr\u00f3n municipal le sumamos el n\u00famero de personas residentes en otros pa\u00edses e inscritas en Extremadura que aparecen en el Padr\u00f3n de Espa\u00f1oles Residentes en el Extranjero, <strong>la poblaci\u00f3n total de extreme\u00f1os en el exterior a 1 de enero de 2012 asciende a 618.162 personas<\/strong>. Esta cifra se rebaja hasta 607.685 personas si nos limitamos a los estrictamente nacidos en Extremadura.<\/p>\n<!-- AddThis Advanced Settings generic via filter on the_content --><!-- AddThis Share Buttons generic via filter on the_content -->","protected":false},"excerpt":{"rendered":"<p>Los datos definitivos del padr\u00f3n municipal correspondiente al 1 de enero de 2012, cuyos detalles acaban de ser publicados por el Instituto Nacional de Estad\u00edstica, confirman lo que ya apuntamos hace algunos meses en este blog: que el n\u00famero de extreme\u00f1os residentes en otras comunidades ha bajado de 600.000 por primera vez en varias d\u00e9cadas. [&hellip;]<!-- AddThis Advanced Settings generic via filter on get_the_excerpt --><!-- AddThis Share Buttons generic via filter on get_the_excerpt --><\/p>\n","protected":false},"author":21,"featured_media":0,"comment_status":"open","ping_status":"closed","sticky":false,"template":"","format":"standard","meta":[],"categories":[3],"tags":[10,30,31,37,42,69,71,80,81,83,98,129,148,150,163,214,227,248,254,261,263,274,300],"_links":{"self":[{"href":"https:\/\/blogs.hoy.es\/extredato\/wp-json\/wp\/v2\/posts\/116"}],"collection":[{"href":"https:\/\/blogs.hoy.es\/extredato\/wp-json\/wp\/v2\/posts"}],"about":[{"href":"https:\/\/blogs.hoy.es\/extredato\/wp-json\/wp\/v2\/types\/post"}],"author":[{"embeddable":true,"href":"https:\/\/blogs.hoy.es\/extredato\/wp-json\/wp\/v2\/users\/21"}],"replies":[{"embeddable":true,"href":"https:\/\/blogs.hoy.es\/extredato\/wp-json\/wp\/v2\/comments?post=116"}],"version-history":[{"count":0,"href":"https:\/\/blogs.hoy.es\/extredato\/wp-json\/wp\/v2\/posts\/116\/revisions"}],"wp:attachment":[{"href":"https:\/\/blogs.hoy.es\/extredato\/wp-json\/wp\/v2\/media?parent=116"}],"wp:term":[{"taxonomy":"category","embeddable":true,"href":"https:\/\/blogs.hoy.es\/extredato\/wp-json\/wp\/v2\/categories?post=116"},{"taxonomy":"post_tag","embeddable":true,"href":"https:\/\/blogs.hoy.es\/extredato\/wp-json\/wp\/v2\/tags?post=116"}],"curies":[{"name":"wp","href":"https:\/\/api.w.org\/{rel}","templated":true}]}}