{"id":12,"date":"2012-02-22T13:55:08","date_gmt":"2012-02-22T12:55:08","guid":{"rendered":"http:\/\/blogs.hoy.es\/extredato\/?p=12"},"modified":"2012-02-22T13:55:08","modified_gmt":"2012-02-22T12:55:08","slug":"extremadura-vuelve-a-entrar-recesion","status":"publish","type":"post","link":"https:\/\/blogs.hoy.es\/extredato\/2012\/02\/22\/extremadura-vuelve-a-entrar-recesion\/","title":{"rendered":"Extremadura vuelve a entrar recesi\u00f3n"},"content":{"rendered":"<p><strong>La econom\u00eda extreme\u00f1a volvi\u00f3 a entrar en recesi\u00f3n en el tercer trimestre de 2011<\/strong>. En ese periodo, el PIB de la regi\u00f3n baj\u00f3 un 0,3% con respecto al trimestre anterior, que a su vez hab\u00eda retrocedido un 0,1% en comparaci\u00f3n con el inicio del a\u00f1o, seg\u00fan datos del <a title=\"Instituto de Estad\u00edstica de Extremadura\" href=\"http:\/\/www.estadisticaextremadura.com\" target=\"_blank\" rel=\"external nofollow\">Instituto de Estad\u00edstica de Extremadura (IEEX)<\/a>. Esta acumulaci\u00f3n de dos trimestres consecutivos de ca\u00edda suponen que la econom\u00eda regional entr\u00f3 t\u00e9cnicamente en recesi\u00f3n en el tercer trimestre del a\u00f1o pasado. <strong>Extremadura se ha adelantado a la tendencia de la econom\u00eda espa\u00f1ola, que probablemente entrar\u00e1 en recesi\u00f3n en este primer trimestre de 2012<\/strong>.<\/p>\n<p>Es la tercera vez que la econom\u00eda extreme\u00f1a registra una recesi\u00f3n t\u00e9cnica desde que comenz\u00f3 la crisis en 2008. Por eso, en el reci\u00e9n publicado bolet\u00edn de <a title=\"Coyuntura econ\u00f3mica de Extremadura. Tercer trimestre de 2011\" href=\"http:\/\/www.estadisticaextremadura.com\/gestore\/docs\/varios\/coyuntura_trimestral\/2011\/\/bocoyre3t2011.pdf\" target=\"_blank\" rel=\"external nofollow\">Coyuntura Econ\u00f3mica de Extremadura<\/a>, el IIEX se\u00f1ala que la regi\u00f3n acumula &#8220;casi tres a\u00f1os de estancamiento y ca\u00edda de la actividad&#8221;.<\/p>\n<p>En datos interanuales, la econom\u00eda extreme\u00f1a registra una ca\u00edda de un 0,4%, con una ligera mejora con respecto a la cifra del trimestre anterior. Tambi\u00e9n en esta comparaci\u00f3n interanual llevamos dos trimestres de bajada.<\/p>\n<p><strong>La industria y la agricultura son los \u00fanicos sectores que est\u00e1n aportando crecimiento a la econom\u00eda extreme\u00f1a<\/strong>, pero \u00e9ste se ve contrarrestado por el retroceso de la energ\u00eda, los servicios y, sobre todo, la construcci\u00f3n.<\/p>\n<p>A escala nacional, el motor que est\u00e1 tirando de la econom\u00eda es la demanda externa (el comercio exterior), pero \u00e9ste es un factor de escaso peso en la econom\u00eda extreme\u00f1a. Ante la ausencia de otro sector de impulso, <strong>&#8220;la elevada dependencia de extremadura respecto a la demanda interna en un contexto de retroceso hace m\u00e1s dif\u00edcil la recuperaci\u00f3n econ\u00f3mica regional&#8221;<\/strong>, seg\u00fan se se\u00f1ala en ese informe del IIEX.<\/p>\n<p><strong>Estos datos no invitan al optimismo<\/strong>, como tampoco lo hacen muchos indicadores del cuarto trimestre de 2011. El IIEX todav\u00eda no ha publicado sus c\u00e1lculos sobre el cierre del a\u00f1o pasado, pero es m\u00e1s que probable, vista la evoluci\u00f3n de los nueve primeros meses, que el acumulado anual arroje un resultado m\u00e1s negativo que la media nacional, que creci\u00f3 un 0,7% en el total anual. Los datos de avance de la Contabilidad Regional que el INE publicar\u00e1 en marzo seguramente confirmar\u00e1n estos temores.<\/p>\n<p>Nota t\u00e9cnica: el IIEX sigue elaborando sus datos de contabilidad trimestral con base 2000 (tomando como referencia ese a\u00f1o), pero el INE ya est\u00e1 transformando sus datos a la base 2008 (m\u00e1s actualizada), un cambio metodol\u00f3gico que, como ya he comentado en este blog, ha afectado negativamente a las cifras de Extremadura. Es posible que si el IIEX cambia su base, los datos sean a\u00fan peores. Pero de todas formas habr\u00e1 que esperar al avance que el INE dar\u00e1 a conocer dentro de pocas semanas.<\/p>\n<!-- AddThis Advanced Settings generic via filter on the_content --><!-- AddThis Share Buttons generic via filter on the_content -->","protected":false},"excerpt":{"rendered":"<p>La econom\u00eda extreme\u00f1a volvi\u00f3 a entrar en recesi\u00f3n en el tercer trimestre de 2011. En ese periodo, el PIB de la regi\u00f3n baj\u00f3 un 0,3% con respecto al trimestre anterior, que a su vez hab\u00eda retrocedido un 0,1% en comparaci\u00f3n con el inicio del a\u00f1o, seg\u00fan datos del Instituto de Estad\u00edstica de Extremadura (IEEX). Esta [&hellip;]<!-- AddThis Advanced Settings generic via filter on get_the_excerpt --><!-- AddThis Share Buttons generic via filter on get_the_excerpt --><\/p>\n","protected":false},"author":21,"featured_media":0,"comment_status":"open","ping_status":"closed","sticky":false,"template":"","format":"standard","meta":[],"categories":[2],"tags":[106,148,193,196,270],"_links":{"self":[{"href":"https:\/\/blogs.hoy.es\/extredato\/wp-json\/wp\/v2\/posts\/12"}],"collection":[{"href":"https:\/\/blogs.hoy.es\/extredato\/wp-json\/wp\/v2\/posts"}],"about":[{"href":"https:\/\/blogs.hoy.es\/extredato\/wp-json\/wp\/v2\/types\/post"}],"author":[{"embeddable":true,"href":"https:\/\/blogs.hoy.es\/extredato\/wp-json\/wp\/v2\/users\/21"}],"replies":[{"embeddable":true,"href":"https:\/\/blogs.hoy.es\/extredato\/wp-json\/wp\/v2\/comments?post=12"}],"version-history":[{"count":0,"href":"https:\/\/blogs.hoy.es\/extredato\/wp-json\/wp\/v2\/posts\/12\/revisions"}],"wp:attachment":[{"href":"https:\/\/blogs.hoy.es\/extredato\/wp-json\/wp\/v2\/media?parent=12"}],"wp:term":[{"taxonomy":"category","embeddable":true,"href":"https:\/\/blogs.hoy.es\/extredato\/wp-json\/wp\/v2\/categories?post=12"},{"taxonomy":"post_tag","embeddable":true,"href":"https:\/\/blogs.hoy.es\/extredato\/wp-json\/wp\/v2\/tags?post=12"}],"curies":[{"name":"wp","href":"https:\/\/api.w.org\/{rel}","templated":true}]}}