{"id":128,"date":"2013-03-07T11:34:19","date_gmt":"2013-03-07T10:34:19","guid":{"rendered":"http:\/\/blogs.hoy.es\/extredato\/?p=128"},"modified":"2013-03-07T11:34:19","modified_gmt":"2013-03-07T10:34:19","slug":"la-recaudacion-de-impuestos-estatales-aumento-un-2-en-extremadura-en-2012","status":"publish","type":"post","link":"https:\/\/blogs.hoy.es\/extredato\/2013\/03\/07\/la-recaudacion-de-impuestos-estatales-aumento-un-2-en-extremadura-en-2012\/","title":{"rendered":"La recaudaci\u00f3n de impuestos estatales aument\u00f3 un 2% en Extremadura en 2012"},"content":{"rendered":"<p><strong>Las medidas fiscales adoptadas a lo largo del a\u00f1o pasado por el Gobierno consiguieron los resultados deseados: impedir la ca\u00edda de ingresos tributarios del Estado<\/strong>. De hecho, la recaudaci\u00f3n de impuestos estatales subi\u00f3 un 4,2% en el total del pa\u00eds. <strong>En Extremadura ese aumento fue del 2%<\/strong>, hasta un total de 955 millones de euros, seg\u00fan el \u00faltimo informe de la Agencia Tributaria.<\/p>\n<p><strong>El principal factor que explica esa mejora es la subida del IVA<\/strong> que entr\u00f3 en vigor el 1 de septiembre. Hasta entonces, la recaudaci\u00f3n de este impuesto arrastraba todav\u00eda una fuerte ca\u00edda por cuestiones relacionadas con las devoluciones, aunque la evoluci\u00f3n hab\u00eda ido mejorando con el paso de los meses. Pero la clave de la remontada, como ya comentamos en este blog, fue el aumento de tipos del IVA, pues gracias a ello <strong>la recaudaci\u00f3n de septiembre a diciembre de 2012 dio un salto de 103,5 millones<\/strong>, frente a los 45,4 millones del mismo periodo de 2011. <strong>Si hasta septiembre bajaban un 11,7%, al final los ingresos por IVA en las ventanillas de la Agencia Tributaria en Extremadura crecieron un 19,8% con respecto al a\u00f1o anterior<\/strong>, con un total de 240,7 millones de euros, muy por encima, incluso, del 2,4% de subida nacional.<\/p>\n<p>A la vista de estos datos, podemos concluir que <strong>la subida de tipos del IVA ha tenido, desde el punto de vista recaudatorio, m\u00e1s efectos positivos que negativos<\/strong>. Uno de los grandes temores de las Administraciones P\u00fablicas era que ese incremento acabara produciendo un <strong>hundimiento del consumo por el aumento de precios<\/strong>, hasta el punto de que la ca\u00edda de las ventas anulara la mayor cuota tributaria. Sin embargo, <strong>tanto los datos tributarios como las cifras de evoluci\u00f3n del comercio descartan ese efecto<\/strong>. Seg\u00fan los datos del INE, las ventas del comercio minorista (a precios corrientes) en el \u00faltimo trimestre del a\u00f1o se redujeron un 2,7% en Extremadura con respecto al mismo trimestre de 2011, mientras que la recaudaci\u00f3n por IVA subi\u00f3 un 9,9% en ese mismo periodo. <strong>Es verdad, por tanto, que tras la subida el consumo ha bajado<\/strong> (habr\u00eda que ver tambi\u00e9n qu\u00e9 parte es por el agravamiento de la crisis en general y qu\u00e9 parte como consecuencia de la suspensi\u00f3n de la paga extra de diciembre de los funcionarios), <strong>pero no lo ha hecho de manera desmesurada, por lo que no ha impedido que suban los ingresos por IVA.<\/strong><\/p>\n<p>Por lo dem\u00e1s, tambi\u00e9n experiment\u00f3 una <strong>notable mejora la recaudaci\u00f3n por el Impuesto sobre Sociedades<\/strong>, que alcanz\u00f3 un total de 101,5 millones, un 6,2% m\u00e1s que en 2011 (un 29% m\u00e1s en el total del pa\u00eds).<\/p>\n<p>En cuanto al <strong>IRPF<\/strong>, que es el impuesto que genera los mayores ingresos en la regi\u00f3n, <strong>cerr\u00f3 el a\u00f1o con 596,8 millones de euros, un 5% menos que en 2011<\/strong>, un descenso que se ha ido suavizando ligeramente en el segundo semestre del a\u00f1o. El total nacional, sin embargo, subi\u00f3 un 1,2%, gracias a las medidas de consolidaci\u00f3n fiscal. Seg\u00fan la Agencia Tributaria, sin esas medidas los ingresos por el Impuesto sobre la Renta habr\u00edan disminuido un 3,9%, similar a la bajada de las rentas brutas de los hogares.<\/p>\n<p style=\"text-align: center;\"><img loading=\"lazy\" class=\"aligncenter\" src=\"\/extredato\/wp-content\/uploads\/sites\/17\/2013\/03\/recaudacion2012.jpg\" alt=\"Recaudaci\u00f3n de la Agencia Tributaria en Extremadura en 2012\" width=\"678\" height=\"414\" \/><\/p>\n<p>El hecho de que la recaudaci\u00f3n total de impuestos estatales haya crecido con respecto a 2011 <strong>supone un alivio no solo para las arcas del Estado, sino tambi\u00e9n para las haciendas auton\u00f3micas<\/strong>, pues se ha conseguido cumplir el objetivo presupuestario de ingresos para 2012. \u00bfQu\u00e9 quiere eso decir? Pues que <strong>si se alcanzan las previsiones de ingresos del Estado no habr\u00e1 que hacer ajustes negativos<\/strong> (o, al menos, de cierta importancia) <strong>cuando se liquiden los ingresos del sistema de financiaci\u00f3n auton\u00f3mica<\/strong>, dentro de dos a\u00f1os. En caso contrario, ocurrir\u00eda como hace un par de a\u00f1os: como en 2008 y 2009 las cantidades entregadas a las comunidades estuvieron muy por encima de la recaudaci\u00f3n final, las liquidaciones realizadas en 2010 y 2011 dieron como resultado grandes devoluciones a favor del Estado, que perjudicaron a las ya maltrechas cuentas auton\u00f3micas.<\/p>\n<p>Y un \u00faltimo apunte: <strong>que se haya recaudado casi un 20% de IVA en Extremadura no quiere decir que en la Hacienda extreme\u00f1a haya entrado esos 40 millones m\u00e1s que el a\u00f1o anterior<\/strong>. <strong>El IVA no se reparte seg\u00fan la ventanilla donde se paga<\/strong>, sino seg\u00fan el \u00edndice de consumo de cada comunidad aut\u00f3noma. Para recibir m\u00e1s, lo que importa es que, primero, la recaudaci\u00f3n por IVA suba en el total nacional y, en segundo lugar, que el consumo en Extremadura evolucione igual o mejor que la media, porque as\u00ed &#8216;tocamos a m\u00e1s&#8217;.<\/p>\n<!-- AddThis Advanced Settings generic via filter on the_content --><!-- AddThis Share Buttons generic via filter on the_content -->","protected":false},"excerpt":{"rendered":"<p>Las medidas fiscales adoptadas a lo largo del a\u00f1o pasado por el Gobierno consiguieron los resultados deseados: impedir la ca\u00edda de ingresos tributarios del Estado. De hecho, la recaudaci\u00f3n de impuestos estatales subi\u00f3 un 4,2% en el total del pa\u00eds. En Extremadura ese aumento fue del 2%, hasta un total de 955 millones de euros, [&hellip;]<!-- AddThis Advanced Settings generic via filter on get_the_excerpt --><!-- AddThis Share Buttons generic via filter on get_the_excerpt --><\/p>\n","protected":false},"author":21,"featured_media":0,"comment_status":"open","ping_status":"closed","sticky":false,"template":"","format":"standard","meta":[],"categories":[5],"tags":[10,19,148,190,200,202,291,325],"_links":{"self":[{"href":"https:\/\/blogs.hoy.es\/extredato\/wp-json\/wp\/v2\/posts\/128"}],"collection":[{"href":"https:\/\/blogs.hoy.es\/extredato\/wp-json\/wp\/v2\/posts"}],"about":[{"href":"https:\/\/blogs.hoy.es\/extredato\/wp-json\/wp\/v2\/types\/post"}],"author":[{"embeddable":true,"href":"https:\/\/blogs.hoy.es\/extredato\/wp-json\/wp\/v2\/users\/21"}],"replies":[{"embeddable":true,"href":"https:\/\/blogs.hoy.es\/extredato\/wp-json\/wp\/v2\/comments?post=128"}],"version-history":[{"count":0,"href":"https:\/\/blogs.hoy.es\/extredato\/wp-json\/wp\/v2\/posts\/128\/revisions"}],"wp:attachment":[{"href":"https:\/\/blogs.hoy.es\/extredato\/wp-json\/wp\/v2\/media?parent=128"}],"wp:term":[{"taxonomy":"category","embeddable":true,"href":"https:\/\/blogs.hoy.es\/extredato\/wp-json\/wp\/v2\/categories?post=128"},{"taxonomy":"post_tag","embeddable":true,"href":"https:\/\/blogs.hoy.es\/extredato\/wp-json\/wp\/v2\/tags?post=128"}],"curies":[{"name":"wp","href":"https:\/\/api.w.org\/{rel}","templated":true}]}}