{"id":13,"date":"2012-03-15T16:54:06","date_gmt":"2012-03-15T15:54:06","guid":{"rendered":"http:\/\/blogs.hoy.es\/extredato\/?p=13"},"modified":"2012-03-15T16:54:06","modified_gmt":"2012-03-15T15:54:06","slug":"extremadura-lanzara-una-emision-de-25-millones-en-obligaciones-a-19-anos","status":"publish","type":"post","link":"https:\/\/blogs.hoy.es\/extredato\/2012\/03\/15\/extremadura-lanzara-una-emision-de-25-millones-en-obligaciones-a-19-anos\/","title":{"rendered":"Extremadura lanzar\u00e1 una emisi\u00f3n de 25 millones en obligaciones a 19 a\u00f1os"},"content":{"rendered":"<p><strong>La Junta de Extremadura est\u00e1 prepando una nueva emisi\u00f3n de deuda p\u00fablica por valor de 25 millones de euros en obligaciones a 19 a\u00f1os<\/strong>, seg\u00fan la informaci\u00f3n comunicada a la Comisi\u00f3n Nacional del Mercado de Valores. Se trata de la primera operaci\u00f3n desarrollada conforme a la <a title=\"Orden por la que se regulan las caracter\u00edsticas de las emisiones de Deuda P\u00fablica segregable de la Junta de Extremadura para el ejercicio 2012\" href=\"http:\/\/doe.juntaex.es\/pdfs\/2012\/390o\/12050028.pdf\" target=\"_blank\" rel=\"external nofollow\">Orden del pasado 22 de febrero<\/a> por la que se establec\u00eda <strong>para 2012 un tope de 446 millones de euros en emisiones de deuda p\u00fablica<\/strong>.<\/p>\n<p>La emisi\u00f3n se est\u00e1 cerrando en estos d\u00edas con la entidad o entidades directoras, puesto que, al igual que el a\u00f1o pasado, <strong>consiste en una colocaci\u00f3n privada<\/strong> entre determinados inversores y no en una emisi\u00f3n abierta a cualquier particular (los llamados &#8216;bonos patri\u00f3ticos&#8217;). Los detalles sobre la entidad que desarrolla la operaci\u00f3n y los intereses se conocer\u00e1n como muy tarde el pr\u00f3ximo 21 de marzo, puesto que los t\u00edtulos entrar\u00e1n a negociaci\u00f3n en el Mercado de Deuda P\u00fablica el d\u00eda 22.<\/p>\n<p><strong>Esta operaci\u00f3n ser\u00e1 la cuarta que lanza el Gobierno extreme\u00f1o desde mayo de 2011<\/strong>, cuando por primera vez en muchos a\u00f1os se recurri\u00f3 a la contrataci\u00f3n de deuda p\u00fablica a trav\u00e9s de t\u00edtulos de valores en lugar de pr\u00e9stamos o cr\u00e9ditos con entidades financieras. La primera de las emisiones puesta en circulaci\u00f3n el a\u00f1o pasados fue de cinco millones de euros en bonos a cinco a\u00f1os, con un inter\u00e9s fijo del 6,612%; la segunda, de once millones en obligaciones a ocho a\u00f1os, con un inter\u00e9s del 6,50%; y la tercera, de 25 millones en obligaciones a doce a\u00f1os con un inter\u00e9s variable del IPC interanual m\u00e1s el 3,65%.<\/p>\n<p>En principio, <strong>esta emisi\u00f3n podr\u00eda verse afectada negativamente por la rebaja de cuatro escalones que la agencia Moody&#8217;s ha impuesto a la solvencia de la Junta de Extremadura<\/strong> en los \u00faltimos meses (desde Aaa2 a A3). Sin embargo, esta circunstancia podr\u00eda verse contrarrestada por la cierta relajaci\u00f3n que est\u00e1n mostrando los mercados con la deuda p\u00fablica espa\u00f1ola, pues las \u00faltimas emisiones del Tesoro se han resuelto con intereses m\u00e1s bajos que en anteriores subastas.<\/p>\n<p>Una vez completada la operaci\u00f3n, <strong>la Junta de Extremadura tendr\u00e1 66 millones de euros de deuda p\u00fablica en bonos u obligaciones negociables en los mercados<\/strong>, un recurso cada vez m\u00e1s com\u00fan entre las comunidades aut\u00f3nomas. De hecho, Asturias y La Rioja se manten\u00edan hasta septiembre de 2011 (\u00faltimos datos del Banco de Espa\u00f1a) como las \u00fanicas regiones sin t\u00edtulos en negociaci\u00f3n.<\/p>\n<p>Estaremos pendientes, porque ma\u00f1ana se conocer\u00e1n los datos de endeudamiento de las comunidades aut\u00f3nomas a cierre de 2011.<\/p>\n<!-- AddThis Advanced Settings generic via filter on the_content --><!-- AddThis Share Buttons generic via filter on the_content -->","protected":false},"excerpt":{"rendered":"<p>La Junta de Extremadura est\u00e1 prepando una nueva emisi\u00f3n de deuda p\u00fablica por valor de 25 millones de euros en obligaciones a 19 a\u00f1os, seg\u00fan la informaci\u00f3n comunicada a la Comisi\u00f3n Nacional del Mercado de Valores. Se trata de la primera operaci\u00f3n desarrollada conforme a la Orden del pasado 22 de febrero por la que [&hellip;]<!-- AddThis Advanced Settings generic via filter on get_the_excerpt --><!-- AddThis Share Buttons generic via filter on get_the_excerpt --><\/p>\n","protected":false},"author":21,"featured_media":0,"comment_status":"open","ping_status":"closed","sticky":false,"template":"","format":"standard","meta":[],"categories":[2],"tags":[53,94,102,108,121,148,210,242,255],"_links":{"self":[{"href":"https:\/\/blogs.hoy.es\/extredato\/wp-json\/wp\/v2\/posts\/13"}],"collection":[{"href":"https:\/\/blogs.hoy.es\/extredato\/wp-json\/wp\/v2\/posts"}],"about":[{"href":"https:\/\/blogs.hoy.es\/extredato\/wp-json\/wp\/v2\/types\/post"}],"author":[{"embeddable":true,"href":"https:\/\/blogs.hoy.es\/extredato\/wp-json\/wp\/v2\/users\/21"}],"replies":[{"embeddable":true,"href":"https:\/\/blogs.hoy.es\/extredato\/wp-json\/wp\/v2\/comments?post=13"}],"version-history":[{"count":0,"href":"https:\/\/blogs.hoy.es\/extredato\/wp-json\/wp\/v2\/posts\/13\/revisions"}],"wp:attachment":[{"href":"https:\/\/blogs.hoy.es\/extredato\/wp-json\/wp\/v2\/media?parent=13"}],"wp:term":[{"taxonomy":"category","embeddable":true,"href":"https:\/\/blogs.hoy.es\/extredato\/wp-json\/wp\/v2\/categories?post=13"},{"taxonomy":"post_tag","embeddable":true,"href":"https:\/\/blogs.hoy.es\/extredato\/wp-json\/wp\/v2\/tags?post=13"}],"curies":[{"name":"wp","href":"https:\/\/api.w.org\/{rel}","templated":true}]}}