{"id":132,"date":"2013-03-20T17:44:32","date_gmt":"2013-03-20T16:44:32","guid":{"rendered":"http:\/\/blogs.hoy.es\/extredato\/?p=132"},"modified":"2013-03-20T17:44:32","modified_gmt":"2013-03-20T16:44:32","slug":"cerca-de-27-000-extremenos-residen-en-el-extranjero","status":"publish","type":"post","link":"https:\/\/blogs.hoy.es\/extredato\/2013\/03\/20\/cerca-de-27-000-extremenos-residen-en-el-extranjero\/","title":{"rendered":"Cerca de 27.000 extreme\u00f1os residen en el extranjero"},"content":{"rendered":"<div id=\"attachment_134\" style=\"width: 610px\" class=\"wp-caption aligncenter\"><a href=\"\/extredato\/wp-content\/uploads\/sites\/17\/2013\/03\/jovenmaletafeten.jpg\"><img aria-describedby=\"caption-attachment-134\" loading=\"lazy\" class=\"size-full wp-image-134\" title=\"Joven en un aeropuerto londinense.\" src=\"\/extredato\/wp-content\/uploads\/sites\/17\/2013\/03\/jovenmaletafeten.jpg\" alt=\"Joven en un aeropuerto londinense.\" width=\"600\" height=\"913\" srcset=\"https:\/\/static-blogs.hoy.es\/wp-content\/uploads\/sites\/17\/2013\/03\/jovenmaletafeten.jpg 600w, https:\/\/static-blogs.hoy.es\/wp-content\/uploads\/sites\/17\/2013\/03\/jovenmaletafeten-197x300.jpg 197w\" sizes=\"(max-width: 600px) 100vw, 600px\" \/><\/a><p id=\"caption-attachment-134\" class=\"wp-caption-text\">Joven en un aeropuerto londinense.<\/p><\/div>\n<p><strong>El n\u00famero de extreme\u00f1os residentes en el extranjero ha vuelto a aumentar, hasta alcanzar las 26.779 personas,<\/strong> seg\u00fan los datos del Padr\u00f3n de Espa\u00f1oles Residentes en el Extranjero (PERE) correspondiente al\u00a0 pasado 1 de enero que hoy ha dado a conocer el <a href=\"http:\/\/www.ine.es\/prensa\/np773.pdf\" rel=\"external nofollow\">INE<\/a>. Son <strong>951 extreme\u00f1os m\u00e1s que el a\u00f1o anterior<\/strong>, lo que supone un crecimiento del 3,7%.<!--more--><\/p>\n<p>A la vista de estos datos, es f\u00e1cil relacionar este aumento con el fen\u00f3meno emigratorio que est\u00e1 motivando la crisis en Espa\u00f1a. Sin embargo, el detalle de esta estad\u00edstica desvela una realidad bastante diferente. De hecho, <strong>solo dos de esos 951 extreme\u00f1os m\u00e1s que hay ahora en el extranjero han nacido realmente en Espa\u00f1a<\/strong>. Los dem\u00e1s son nacidos en el extranjero.<\/p>\n<p>Esto quiere decir que <strong>pr\u00e1cticamente todo este aumento se debe a personas que han obtenido la nacionalidad espa\u00f1ola y se han inscrito en Extremadura<\/strong> a efectos del PERE. Pero, por extra\u00f1o que parezca, es lo mismo que ha venido ocurriendo <strong>desde 2009<\/strong>, a\u00f1o en que el INE comenz\u00f3 a publicar este padr\u00f3n, m\u00e1s amplio y exhaustivo que el censo de electores residentes en el extranjero (CERA).<\/p>\n<p><strong>La raz\u00f3n fundamental de este fen\u00f3meno es el reconocimiento de la nacionalidad espa\u00f1ola a muchos descendientes de aquellos exiliados de la Guerra Civil que tuvieron que renunciar a su nacionalidad, <a href=\"http:\/\/www.boe.es\/buscar\/doc.php?id=BOE-A-2008-19036\" target=\"_blank\" rel=\"external nofollow\">en virtud de lo dispuesto en la conocida como Ley de Memoria Hist\u00f3rica<\/a><\/strong>.<\/p>\n<p>El plazo de solicitudes se cerr\u00f3 el 27 de diciembre de 2011, pero <strong>a lo largo de 2012 ha continuado la resoluci\u00f3n de los expedientes<\/strong>, de modo que la gran mayor\u00eda de esos nuevos extreme\u00f1os nacidos en el extranjero se corresponde con personas que han obtenido la nacionalidad espa\u00f1ola por este procedimiento.<\/p>\n<p>En general, y tal como se\u00f1ala el INE, <strong>dos de cada tres nuevos espa\u00f1oles en el extranjero son personas que no han nacido en Espa\u00f1a<\/strong>. El grueso se debe a la Ley de Memoria Hist\u00f3rica, aunque tambi\u00e9n una parte, no precisada, de personas que obtienen la nacionalidad no por ser descendientes de exiliados, sino por ser directamente hijos de espa\u00f1oles.<\/p>\n<p>El hecho de que casi todo el aumento del n\u00famero de extreme\u00f1os residentes en el extranjero se explique por el reconocimiento de la nacionalidad <strong>choca con la idea tan extendida de que existe una emigraci\u00f3n masiva de espa\u00f1oles por la crisis<\/strong>.<\/p>\n<p>Si solo hay en otros pa\u00edses dos extreme\u00f1os m\u00e1s que realmente han nacido en Espa\u00f1a, la explicaci\u00f3n m\u00e1s razonable es que<strong> la supuesta subida de la emigraci\u00f3n<\/strong> (cifra que conoceremos dentro de unos meses) <strong>se ha visto compensada por el retorno de unos extreme\u00f1os y por el fallecimiento de otros en tierras extranjeras<\/strong>.<\/p>\n<p>Otra posible raz\u00f3n, que escapa a las estad\u00edsticas, es que buena <strong>parte de esa emigraci\u00f3n se est\u00e1 haciendo sin trasladar la residencia<\/strong>, es decir, que se viajar\u00eda al extranjero a probar suerte en la b\u00fasqueda de empleo, pero <strong>sin asentarse legalmente<\/strong> desde el primer momento.<\/p>\n<p>Si se bucea un poco m\u00e1s en el PERE es posible averiguar que <strong>el n\u00famero total de personas nacidas en Extremadura y residentes en el extranjero, est\u00e9n inscritas o no en la regi\u00f3n, se sit\u00faa en 15.366<\/strong>, solo 15 m\u00e1s que el a\u00f1o anterior.<\/p>\n<p>De todas formas, la <a href=\"http:\/\/doe.juntaex.es\/pdfs\/doe\/2009\/2440o\/09010006.pdf\" target=\"_blank\" rel=\"external nofollow\">Ley del Estatuto de los Extreme\u00f1os en el Exterior<\/a> reconoce como extreme\u00f1os a todos los espa\u00f1oles empadronados en Extremadura y residentes en otros pa\u00edses. <strong>De esos 26.779 que hay a 1 de enero de 2013, 18.609 viven en Europa (sobre todo en Francia y, a m\u00e1s distancia, Alemania y Suiza), 7.697 en Am\u00e9rica (el 40% en Argentina), 213 en Ocean\u00eda (casi todos en Australia), 138 en Asia y 122 en \u00c1frica. <\/strong>Por pa\u00edses, Alemania (7.901), Francia (4.956), Argentina (3.105), Suiza (1.871) y Brasil (1.417, m\u00e1s del doble que en 2009) son los cinco que acumulan m\u00e1s extreme\u00f1os.<strong><br \/>\n<\/strong><\/p>\n<!-- AddThis Advanced Settings generic via filter on the_content --><!-- AddThis Share Buttons generic via filter on the_content -->","protected":false},"excerpt":{"rendered":"<p>El n\u00famero de extreme\u00f1os residentes en el extranjero ha vuelto a aumentar, hasta alcanzar las 26.779 personas, seg\u00fan los datos del Padr\u00f3n de Espa\u00f1oles Residentes en el Extranjero (PERE) correspondiente al\u00a0 pasado 1 de enero que hoy ha dado a conocer el INE. Son 951 extreme\u00f1os m\u00e1s que el a\u00f1o anterior, lo que supone un [&hellip;]<!-- AddThis Advanced Settings generic via filter on get_the_excerpt --><!-- AddThis Share Buttons generic via filter on get_the_excerpt --><\/p>\n","protected":false},"author":21,"featured_media":0,"comment_status":"open","ping_status":"closed","sticky":false,"template":"","format":"standard","meta":[],"categories":[3],"tags":[11,25,29,32,55,87,91,109,129,137,144,145,146,148,150,152,158,171,193,217,218,250,261,274,298,300,330],"_links":{"self":[{"href":"https:\/\/blogs.hoy.es\/extredato\/wp-json\/wp\/v2\/posts\/132"}],"collection":[{"href":"https:\/\/blogs.hoy.es\/extredato\/wp-json\/wp\/v2\/posts"}],"about":[{"href":"https:\/\/blogs.hoy.es\/extredato\/wp-json\/wp\/v2\/types\/post"}],"author":[{"embeddable":true,"href":"https:\/\/blogs.hoy.es\/extredato\/wp-json\/wp\/v2\/users\/21"}],"replies":[{"embeddable":true,"href":"https:\/\/blogs.hoy.es\/extredato\/wp-json\/wp\/v2\/comments?post=132"}],"version-history":[{"count":0,"href":"https:\/\/blogs.hoy.es\/extredato\/wp-json\/wp\/v2\/posts\/132\/revisions"}],"wp:attachment":[{"href":"https:\/\/blogs.hoy.es\/extredato\/wp-json\/wp\/v2\/media?parent=132"}],"wp:term":[{"taxonomy":"category","embeddable":true,"href":"https:\/\/blogs.hoy.es\/extredato\/wp-json\/wp\/v2\/categories?post=132"},{"taxonomy":"post_tag","embeddable":true,"href":"https:\/\/blogs.hoy.es\/extredato\/wp-json\/wp\/v2\/tags?post=132"}],"curies":[{"name":"wp","href":"https:\/\/api.w.org\/{rel}","templated":true}]}}