{"id":139,"date":"2013-04-22T13:58:09","date_gmt":"2013-04-22T12:58:09","guid":{"rendered":"http:\/\/blogs.hoy.es\/extredato\/?p=139"},"modified":"2013-04-22T13:58:09","modified_gmt":"2013-04-22T12:58:09","slug":"por-que-perdemos-poblacion-en-extremadura","status":"publish","type":"post","link":"https:\/\/blogs.hoy.es\/extredato\/2013\/04\/22\/por-que-perdemos-poblacion-en-extremadura\/","title":{"rendered":"\u00bfPor qu\u00e9 perdemos poblaci\u00f3n en Extremadura?"},"content":{"rendered":"<p><strong>Los primeros datos sobre la poblaci\u00f3n residente en Extremadura a 1 de enero de 2013 que hoy ha publicado el INE vienen a constatar lo que ya ve\u00edamos venir: que la regi\u00f3n perdi\u00f3 habitantes en 2012<\/strong>. Lo comentamos en <a href=\"https:\/\/blogs.hoy.es\/extredato\/2012\/10\/23\/extremadura-perdera-poblacion-en-2012\/\">este blog<\/a> el pasado mes de octubre, a partir de las estimaciones que publicaba el Instituto Nacional de Estad\u00edstica, y ahora el avance del padr\u00f3n municipal le pone n\u00fameros reales.<\/p>\n<p>A comienzos del a\u00f1o, <strong>Extremadura ten\u00eda 1.100.139 habitantes empadronados, 7.991 personas menos (un 0,72%) que justo un a\u00f1o antes<\/strong>. Si en diciembre -cuando se den a conocer los datos definitivos y oficiales- se confirmaran estas cifras, <strong>ser\u00e1 el mayor descenso de poblaci\u00f3n en la regi\u00f3n al menos desde 1998<\/strong>, a\u00f1o en que comenz\u00f3 la revisi\u00f3n y publicaci\u00f3n anual del padr\u00f3n. Adem\u00e1s, ser\u00e1 el segundo a\u00f1o consecutivo en descenso, tras reducirse en 1.237 el n\u00famero de empadronados a lo largo de 2011.<\/p>\n<p><strong>En l\u00ednea con la tendencia de los \u00faltimos a\u00f1os, la provincia de C\u00e1ceres donde m\u00e1s baja la poblaci\u00f3n<\/strong>: 5.625 personas, un 1,36%, frente a los 2.366 de Badajoz, el 0,34%.<\/p>\n<p>Por lugar de nacimiento, <strong>los nacidos en la regi\u00f3n se reducen en la misma propoci\u00f3n que el total, un 0,7%<\/strong>. Baja con m\u00e1s fuerza el n\u00famero de personas nacidas en el extranjero, un 1,85% (esta cifra casi se duplica si se toma como referencia la nacionalidad). En cambio, las personas nacidas en otros puntos de Espa\u00f1a y residentes en Extremadura solo descienden en un 0,1% (en la provincia de Badajoz, incluso, suben).<\/p>\n<p>Toda esta bajada, como digo, era f\u00e1cil de prever a la vista de las estimaciones que \u00edbamos conociendo. Lo que no lo era tanto es <strong>el n\u00famero tan abultado de personas que han desaparecido de los padrones municipales extreme\u00f1os<\/strong>. \u00bfC\u00f3mo es posible que Extremadura pierda, de golpe, tantos habitantes? \u00bfPuede ser que algo no cuadre?<\/p>\n<p>Para empezar, hay que se\u00f1alar que <strong>estos datos que ha publicado el INE son provisionales<\/strong>, porque a\u00fan est\u00e1n pendientes de revisi\u00f3n y depuraci\u00f3n. El proceso, como siempre, acaba en diciembre, cuando las cifras definitivas pasan por el Consejo de Ministros y son declaradas oficiales. El a\u00f1o pasado, el avance del padr\u00f3n a 1-1-2012 dec\u00eda que la poblaci\u00f3n de Extremadura hab\u00eda bajado en 2.662 personas, pero tras la revisi\u00f3n esa p\u00e9rdida se qued\u00f3 en solo 1.237 habitantes. Es decir, <strong>se corrigi\u00f3 hasta dejarla en menos de la mitad<\/strong>. Sin poner en duda el excelente trabajo del INE, no me extra\u00f1ar\u00eda que este a\u00f1o se produjera tambi\u00e9n una correcci\u00f3n notable. Pero para eso hay que esperar muchos meses.<\/p>\n<p>\u00bfPor qu\u00e9 creo que es probable esa correcci\u00f3n? Pues porque<strong> las tendencias hist\u00f3ricas y el cruce de datos con otras estad\u00edsticas conduce a conclusiones no muy coherentes o, incluso, contradictorias<\/strong>. Ve\u00e1moslo.<\/p>\n<p>De los 7.991 habitantes que ya no figuran en el padr\u00f3n, <strong>1.300 se corresponden con personas de nacionalidad extranjera<\/strong> y el resto, 6.691, espa\u00f1oles. El dato de los extranjeros no resulta extra\u00f1o porque ya se sabe que hay bastantes inmigrantes que han decidido regresar a su pa\u00eds por culpa de la crisis.<\/p>\n<p>Cambiando el criterio de la nacionalidad por el de nacimiento, vemos que <strong>el n\u00famero de personas nacidas en Extremadura (940.335) se ha reducido en 6.928 en un a\u00f1o<\/strong>. De ellas, una parte se debe al movimiento natural de la poblaci\u00f3n, es decir, a que hay m\u00e1s muertes que defunciones. Pongamos, haciendo un c\u00e1lculo <em>grosso modo<\/em>, que el saldo negativo ronde las 1.000 o 1.200 personas por la ca\u00edda de la natalidad, lo que nos dejar\u00eda a cerca de 6.000 personas como resultado de los saldos migratorios, una cifra que supera con creces la media de la \u00faltima d\u00e9cada, que es bastante estable. Hay algo, por tanto, que se sale de lo normal.<\/p>\n<p>\u00bfSer\u00e1 que ha aumentado tanto la emigraci\u00f3n? Pues resulta dif\u00edcil de creer, porque<strong> el n\u00famero de personas nacidas en Extremadura y residentes en otras comunidades se ha reducido en 8.063 personas<\/strong>. Para que esta cifra fuera coherente con un crecimiento importante de la emigraci\u00f3n, tendr\u00eda que haberse producido al mismo tiempo un enorme incremento de fallecimientos de extreme\u00f1os que viven en otras regiones, circunstancia altamente improbable. En la actualidad hay 584.271 extreme\u00f1os en otros puntos de Espa\u00f1a.<\/p>\n<p><img loading=\"lazy\" src=\"\/extredato\/wp-content\/uploads\/sites\/17\/2013\/04\/extreme\u00f1osCCAA2013.jpg\" alt=\"\" width=\"684\" height=\"447\" \/><\/p>\n<p>\u00bfSer\u00e1 que se han ido al extranjero? Pues parece que tampoco, porque como vimos hace solo unas semanas en <a href=\"https:\/\/blogs.hoy.es\/extredato\/2013\/03\/20\/cerca-de-27-000-extremenos-residen-en-el-extranjero\/\">este blog<\/a>, <strong>el n\u00famero de extreme\u00f1os residentes en otros pa\u00edses ha crecido, pero no por la emigraci\u00f3n, sino por el reconocimiento de la nacionalidad espa\u00f1ola a muchos extranjeros descendientes de extreme\u00f1os<\/strong> (como de otros muchos espa\u00f1oles).<\/p>\n<p>En definitiva, y m\u00e1s all\u00e1 de cuestiones t\u00e9cnicas, <strong>hay algo ciertamente extra\u00f1o en la elevada reducci\u00f3n de la poblaci\u00f3n extreme\u00f1a, porque no resulta coherente ni con la tendencia del movimiento natural de la poblaci\u00f3n, ni con la variaci\u00f3n de los extreme\u00f1os que viven fuera de al regi\u00f3n<\/strong>. El padr\u00f3n, como hemos dicho otras veces, es una foto fija sobre los habitantes del pa\u00eds que no informa sobre los motivos que hay detr\u00e1s de su evoluci\u00f3n temporal. Como mucho, podemos intuir qu\u00e9 ha podido pasar, pero en este caso las cifras son poco claras. Eso s\u00ed, entre lo poco que parece m\u00e1s o menos fuera de duda a partir de esos datos es, una vez m\u00e1s, que <strong>no existe una emigraci\u00f3n masiva, o que, de producirse, no se est\u00e1 reflejando en los registros p\u00fablicos<\/strong>.<\/p>\n<!-- AddThis Advanced Settings generic via filter on the_content --><!-- AddThis Share Buttons generic via filter on the_content -->","protected":false},"excerpt":{"rendered":"<p>Los primeros datos sobre la poblaci\u00f3n residente en Extremadura a 1 de enero de 2013 que hoy ha publicado el INE vienen a constatar lo que ya ve\u00edamos venir: que la regi\u00f3n perdi\u00f3 habitantes en 2012. Lo comentamos en este blog el pasado mes de octubre, a partir de las estimaciones que publicaba el Instituto [&hellip;]<!-- AddThis Advanced Settings generic via filter on get_the_excerpt --><!-- AddThis Share Buttons generic via filter on get_the_excerpt --><\/p>\n","protected":false},"author":21,"featured_media":0,"comment_status":"open","ping_status":"closed","sticky":false,"template":"","format":"standard","meta":[],"categories":[3],"tags":[10,11,115,129,148,246,249,274,300],"_links":{"self":[{"href":"https:\/\/blogs.hoy.es\/extredato\/wp-json\/wp\/v2\/posts\/139"}],"collection":[{"href":"https:\/\/blogs.hoy.es\/extredato\/wp-json\/wp\/v2\/posts"}],"about":[{"href":"https:\/\/blogs.hoy.es\/extredato\/wp-json\/wp\/v2\/types\/post"}],"author":[{"embeddable":true,"href":"https:\/\/blogs.hoy.es\/extredato\/wp-json\/wp\/v2\/users\/21"}],"replies":[{"embeddable":true,"href":"https:\/\/blogs.hoy.es\/extredato\/wp-json\/wp\/v2\/comments?post=139"}],"version-history":[{"count":0,"href":"https:\/\/blogs.hoy.es\/extredato\/wp-json\/wp\/v2\/posts\/139\/revisions"}],"wp:attachment":[{"href":"https:\/\/blogs.hoy.es\/extredato\/wp-json\/wp\/v2\/media?parent=139"}],"wp:term":[{"taxonomy":"category","embeddable":true,"href":"https:\/\/blogs.hoy.es\/extredato\/wp-json\/wp\/v2\/categories?post=139"},{"taxonomy":"post_tag","embeddable":true,"href":"https:\/\/blogs.hoy.es\/extredato\/wp-json\/wp\/v2\/tags?post=139"}],"curies":[{"name":"wp","href":"https:\/\/api.w.org\/{rel}","templated":true}]}}