{"id":147,"date":"2013-06-17T12:42:50","date_gmt":"2013-06-17T11:42:50","guid":{"rendered":"http:\/\/blogs.hoy.es\/extredato\/?p=147"},"modified":"2013-06-17T12:42:50","modified_gmt":"2013-06-17T11:42:50","slug":"solo-302-extremenos-emigraron-extranjero-2012","status":"publish","type":"post","link":"https:\/\/blogs.hoy.es\/extredato\/2013\/06\/17\/solo-302-extremenos-emigraron-extranjero-2012\/","title":{"rendered":"La estad\u00edstica rompe el mito: S\u00f3lo 302 extreme\u00f1os se fueron al extranjero en 2012"},"content":{"rendered":"<p><strong>Las estad\u00edsticas siguen empe\u00f1adas en rebatir la idea tan extendida en los \u00faltimos tiempos sobre la emigraci\u00f3n masiva de j\u00f3venes espa\u00f1oles a otros pa\u00edses, <\/strong>como ya hemos comentado en este blog en otras ocasiones. La \u00faltima de ella es la Estad\u00edstica de Variaciones Residenciales que ha publicado el <a href=\"http:\/\/www.ine.es\" rel=\"external nofollow\">INE<\/a> recientemente.<\/p>\n<p>El an\u00e1lisis exhaustivo de sus datos revela que no fueron miles, sino <strong>solo 302 los extreme\u00f1os que emigraron al extranjero el a\u00f1o pasado<\/strong>. A esa cifra hay que restar los <strong>168 extreme\u00f1os que retornaron<\/strong> a la regi\u00f3n desde otros pa\u00edses, de modo que el saldo exterior se queda en una p\u00e9rdida de 134 personas.<\/p>\n<p><strong>Puede haber quien no se lo crea, pero<\/strong> son los datos que se extraen de los cambios en el padr\u00f3n y <strong>son<\/strong>, por tanto, <strong>bastante fiables<\/strong>. Otra cosa es que, como apuntamos en otro momento, haya <strong>gente que se va al extranjero sin comunicarlo a las respectivas embajadas o consulados<\/strong>, por lo que no consta como emigrante en ning\u00fan sitio.<\/p>\n<p>Pero antes o despu\u00e9s sucede <span style=\"text-decoration: underline;\">una de estas dos posibilidades<\/span>: <strong>o retorna<\/strong> tras una estancia m\u00e1s o menos breve (el caso de aquellos que se van a probar suerte y que regresan porque no lo han conseguido o porque no han cubierto sus expectativas), de modo que es una emigraci\u00f3n de corto plazo que, digamos, no afecta a las tendencias de fondo, <strong>o se asienta legalemente en aquel pa\u00eds,<\/strong> por lo que pasar\u00e1 a figurar como emigrante y residente en el exterior.<\/p>\n<p><strong>Francia<\/strong> (42), <strong>Reino Unido<\/strong> (36), <strong>Alemania<\/strong> (28), <strong>Portugal<\/strong> (22), <strong>Suiza<\/strong> (17), <strong>Estados Unidos<\/strong> (15) y <strong>B\u00e9lgica<\/strong> (11) <strong>fueron los principales destinos de los extreme\u00f1os que se marcharon a otros pa\u00edses<\/strong>.<\/p>\n<p>En total, el <strong>saldo migratorio de Extremadura con respecto al extranjero en 2012 fue positivo<\/strong> en 590 personas. Ello se debe a que <strong>el saldo positivo de extranjeros<\/strong> (entraron 779 m\u00e1s de los que salieron)<strong> super\u00f3 ampliamente el saldo negativo de extreme\u00f1os<\/strong> (134) y personas nacidas en otros puntos de Espa\u00f1a (55).<\/p>\n<p>\u00bfY <strong>qu\u00e9 est\u00e1 pasando dentro de Espa\u00f1a<\/strong>? En este caso <strong>el saldo total de Extremadura es<\/strong> <strong>negativo en 1.403 personas<\/strong>. Por lo que se refiere a los extreme\u00f1os, <strong>se marcharon 6.507 y retornaron 4.422<\/strong>, por lo que la diferencia ascendi\u00f3 a 2.085 personas.<\/p>\n<p>En los gr\u00e1ficos inferiores se pueden ver las comunidades de destino y de procedencia de esos extreme\u00f1os. <strong>Tambi\u00e9n fue negativo<\/strong>, como casi todos los a\u00f1os, <strong>el saldo de extranjeros<\/strong>, en 123 personas. Una vez m\u00e1s, la regi\u00f3n gana extranjeros con respecto a otros pa\u00edses, pero los pierde frente a otras comunidades aut\u00f3nomas. En cambio, Extremadura gan\u00f3 805 personas nacidas en otros puntos de Espa\u00f1a, tambi\u00e9n como es habitual.<\/p>\n<p>En cifras globales, <strong>de la regi\u00f3n salieron el a\u00f1o pasado 6.809 personas nacidas en la tierra<\/strong>, frente a los 4.590 paisanos que retornaron, de modo que el <strong>saldo negativo se situ\u00f3 en un total de 2.219 extreme\u00f1os<\/strong>. Por el contrario, Extremadura sum\u00f3 750 personas nacidas en el resto de Espa\u00f1a y 656 nacidas en el extranjero. Echando la cuenta sale un <strong>saldo migratorio total de 813 personas menos<\/strong>. Es la <strong>primera vez<\/strong> que se registra un saldo negativo <strong>desde 2002<\/strong>.<\/p>\n<p>Vistos as\u00ed, los datos pueden resultar algo alarmantes, pero si se echa un vistazo a la evoluci\u00f3n hist\u00f3rica,<strong> la interpretaci\u00f3n requiere m\u00e1s matices<\/strong>: En primer lugar, <strong>la crisis no parece estar disparando la emigraci\u00f3n de extreme\u00f1os, ni al extranjero, ni a otras comunidades<\/strong>.<\/p>\n<p>Como se ve en los gr\u00e1ficos que hay a continuaci\u00f3n, <strong>la salida de extreme\u00f1os se mantiene por debajo de los niveles alcanzados en el primer lustro del siglo<\/strong> (2001-2005), justo en pleno apogeo del crecimiento econ\u00f3mico. Adem\u00e1s, <strong>la emigraci\u00f3n de extreme\u00f1os en 2012 fue algo inferior a la de 2011<\/strong> y casi igual a la de 2010, de modo que hay un flujo m\u00e1s o menos constante.<\/p>\n<p>Es m\u00e1s, si hay algo que destacar es que con <strong>la crisis se ha ralentizado la emigraci\u00f3n de extreme\u00f1os en comparaci\u00f3n con la \u00e9poca de vacas gordas<\/strong>. Es verdad que la situaci\u00f3n econ\u00f3mica en el resto de Espa\u00f1a no invita a salir, pero a la luz de los registros de poblaci\u00f3n no parece que la emigraci\u00f3n se haya convertido otra vez en una moda.<\/p>\n<p>S\u00ed que se est\u00e1 notando una <strong>disminuci\u00f3n en el ritmo del retorno de extreme\u00f1os<\/strong>, de ah\u00ed que haya<strong> crecido el saldo negativo<\/strong>, pero tampoco se aleja mucho de la franja de entre 5.000 y 6.000 retornados en la que se ven\u00eda moviendo.<\/p>\n<p><strong>El factor que parece m\u00e1s relevante<\/strong> en que por primera vez en una d\u00e9cada haya una p\u00e9rdida de poblaci\u00f3n en Extremadura por las migraciones <strong>es la disminuci\u00f3n del saldo de personas de otras comunidades<\/strong> (que pr\u00e1cticamente ven\u00eda compensando la salida de extreme\u00f1os hasta equilibrarse) <strong>y de extranjeros<\/strong>.<\/p>\n<p>Ambos siguen siendo positivos, pero <strong>se han reducido de manera importante<\/strong> en 2012, especialmente en lo que se refiere a los extranjeros, como ya ven\u00edamos apuntando en este <a href=\"https:\/\/blogs.hoy.es\/extredato\/2012\/10\/23\/extremadura-perdera-poblacion-en-2012\/\">blog<\/a>. Se ha producido a la vez una ca\u00edda de la inmigraci\u00f3n de ciudadanos de otros pa\u00edses y, sobre todo, un notable incremento de la emigraci\u00f3n de retorno de esos extranjeros a sus pa\u00edses de origen, de modo que <strong>la ganancia de poblaci\u00f3n de extranjeros se ha hundido (en un fen\u00f3meno muy similar al resto de Espa\u00f1a)<\/strong>: de 6.643 en 2007, a\u00f1o r\u00e9cord, a 656 solo cinco a\u00f1os despu\u00e9s.<\/p>\n<p>Todos estos datos son el resultado de una elaboraci\u00f3n propia a partir de las <a href=\"http:\/\/www.ine.es\/jaxi\/menu.do?type=pcaxis&#038;path=\/t20\/p307\/&#038;file=inebase\" target=\"_blank\" rel=\"external nofollow\">Variaciones Residenciales del INE<\/a>. Precisamente este instituto publicar\u00e1 dentro de una semana una nueva estad\u00edstica de migraciones que deber\u00eda coincidir (o aproximarme mucho) a lo que aqu\u00ed contamos.<\/p>\n<p>En los <span style=\"text-decoration: underline;\">siguientes gr\u00e1ficos interactivos<\/span> hay informaci\u00f3n m\u00e1s detallada sobre las migraciones de Extremadura en 2012.<\/p>\n<p>&nbsp;<\/p>\n<p><iframe loading=\"lazy\" style=\"border: none;\" src=\"\/\/infogr.am\/Migraciones-en-Extremadura-2012\" frameborder=\"0\" scrolling=\"no\" width=\"550\" height=\"3569\"><\/iframe><\/p>\n<div style=\"width: 550px; border-top: 1px solid #acacac; padding-top: 3px; font-family: Arial; font-size: 10px; text-align: center;\"><a style=\"color: #acacac; text-decoration: none;\" href=\"\/\/infogr.am\/Migraciones-en-Extremadura-2012\" target=\"_blank\">Migraciones en Extremadura 2012<\/a> | <a style=\"color: #acacac; text-decoration: none;\" href=\"\/\/infogr.am\" target=\"_blank\">Infographics<\/a><\/div>\n<p>asd<\/p>\n<!-- AddThis Advanced Settings generic via filter on the_content --><!-- AddThis Share Buttons generic via filter on the_content -->","protected":false},"excerpt":{"rendered":"<p>Las estad\u00edsticas siguen empe\u00f1adas en rebatir la idea tan extendida en los \u00faltimos tiempos sobre la emigraci\u00f3n masiva de j\u00f3venes espa\u00f1oles a otros pa\u00edses, como ya hemos comentado en este blog en otras ocasiones. La \u00faltima de ella es la Estad\u00edstica de Variaciones Residenciales que ha publicado el INE recientemente. El an\u00e1lisis exhaustivo de sus [&hellip;]<!-- AddThis Advanced Settings generic via filter on get_the_excerpt --><!-- AddThis Share Buttons generic via filter on get_the_excerpt --><\/p>\n","protected":false},"author":21,"featured_media":0,"comment_status":"open","ping_status":"closed","sticky":false,"template":"","format":"standard","meta":[],"categories":[3],"tags":[25,49,99,128,129,138,140,147,148,149,158,193,195,207,237,262,274,279,296,300,308,330,354],"_links":{"self":[{"href":"https:\/\/blogs.hoy.es\/extredato\/wp-json\/wp\/v2\/posts\/147"}],"collection":[{"href":"https:\/\/blogs.hoy.es\/extredato\/wp-json\/wp\/v2\/posts"}],"about":[{"href":"https:\/\/blogs.hoy.es\/extredato\/wp-json\/wp\/v2\/types\/post"}],"author":[{"embeddable":true,"href":"https:\/\/blogs.hoy.es\/extredato\/wp-json\/wp\/v2\/users\/21"}],"replies":[{"embeddable":true,"href":"https:\/\/blogs.hoy.es\/extredato\/wp-json\/wp\/v2\/comments?post=147"}],"version-history":[{"count":0,"href":"https:\/\/blogs.hoy.es\/extredato\/wp-json\/wp\/v2\/posts\/147\/revisions"}],"wp:attachment":[{"href":"https:\/\/blogs.hoy.es\/extredato\/wp-json\/wp\/v2\/media?parent=147"}],"wp:term":[{"taxonomy":"category","embeddable":true,"href":"https:\/\/blogs.hoy.es\/extredato\/wp-json\/wp\/v2\/categories?post=147"},{"taxonomy":"post_tag","embeddable":true,"href":"https:\/\/blogs.hoy.es\/extredato\/wp-json\/wp\/v2\/tags?post=147"}],"curies":[{"name":"wp","href":"https:\/\/api.w.org\/{rel}","templated":true}]}}