{"id":15,"date":"2012-03-21T09:14:30","date_gmt":"2012-03-21T08:14:30","guid":{"rendered":"http:\/\/blogs.hoy.es\/extredato\/?p=15"},"modified":"2012-03-21T09:14:30","modified_gmt":"2012-03-21T08:14:30","slug":"la-junta-paga-060-puntos-mas-de-diferencial-por-las-nuevas-obligaciones","status":"publish","type":"post","link":"https:\/\/blogs.hoy.es\/extredato\/2012\/03\/21\/la-junta-paga-060-puntos-mas-de-diferencial-por-las-nuevas-obligaciones\/","title":{"rendered":"La Junta paga 0,60 puntos m\u00e1s de diferencial por las nuevas obligaciones"},"content":{"rendered":"<p>Tal como adelant\u00f3 Extredato el pasado jueves, <strong>la Junta de Extremadura va a poner ma\u00f1ana en circulaci\u00f3n una emisi\u00f3n de 25 millones de euros en obligaciones a 19 a\u00f1os, a un inter\u00e9s del 4,25% m\u00e1s el IPC interanual<\/strong>, seg\u00fan confirma la <a href=\"http:\/\/doe.juntaex.es\/pdfs\/doe\/2012\/560O\/12060429.pdf\" rel=\"external nofollow\">resoluci\u00f3n de la Consejer\u00eda de Econom\u00eda y Hacienda<\/a> publicada hoy en el DOE.<\/p>\n<p>Este <strong>diferencial es 0,60 puntos superior<\/strong> al que el Gobierno regional paga por las obligaciones a 12 a\u00f1os emitidas en mayo del a\u00f1o pasado. Parece, por tanto, que la emisi\u00f3n se ha visto afectada negativamente por la <strong>rebaja de cuatro escalones<\/strong> que la agencia Moody\u2019s ha impuesto a la solvencia de la Junta de Extremadura en los \u00faltimos meses (desde Aaa2 a A3).<\/p>\n<p>La entidad directora de la operaci\u00f3n ha sido Citigroup, que ya se ha encarg\u00f3 hace un a\u00f1o de la colocaci\u00f3n privada de otros 25 millones de euros.<\/p>\n<p>Se trata de la primera operaci\u00f3n desarrollada conforme a la <a title=\"Orden por la que se regulan las caracter\u00edsticas de las emisiones de Deuda P\u00fablica segregable de la Junta de Extremadura para el ejercicio 2012\" href=\"http:\/\/doe.juntaex.es\/pdfs\/2012\/390o\/12050028.pdf\" target=\"_blank\" rel=\"external nofollow\">Orden del pasado 22 de febrero <\/a>por la que <strong>se establec\u00eda para 2012 un tope de 446 millones de euros en emisiones de deuda p\u00fablica<\/strong>. Esta emisi\u00f3n es la primera de la etapa Monago y la cuarta que lanza el Gobierno extreme\u00f1o desde mayo de 2011, cuando por primera vez en muchos a\u00f1os se recurri\u00f3 a la contrataci\u00f3n de deuda p\u00fablica a trav\u00e9s de t\u00edtulos de valores en lugar de pr\u00e9stamos o cr\u00e9ditos con entidades financieras. La primera de las emisiones puesta en circulaci\u00f3n el a\u00f1o pasados fue de cinco millones de euros en bonos a cinco a\u00f1os, con un inter\u00e9s fijo del 6,612%; la segunda, de once millones en obligaciones a ocho a\u00f1os, con un inter\u00e9s del 6,50%; y la tercera, de 25 millones en obligaciones a doce a\u00f1os con un inter\u00e9s variable del IPC interanual m\u00e1s el 3,65%.<\/p>\n<p>Una vez completada la operaci\u00f3n, <strong>la Junta de Extremadura tendr\u00e1 66 millones de euros de deuda p\u00fablica en bonos u obligaciones negociables en los mercados<\/strong>, un recurso cada vez m\u00e1s com\u00fan entre las comunidades aut\u00f3nomas. De hecho, Asturias y La Rioja se mantienen como las \u00fanicas regiones sin t\u00edtulos en negociaci\u00f3n.<\/p>\n<!-- AddThis Advanced Settings generic via filter on the_content --><!-- AddThis Share Buttons generic via filter on the_content -->","protected":false},"excerpt":{"rendered":"<p>Tal como adelant\u00f3 Extredato el pasado jueves, la Junta de Extremadura va a poner ma\u00f1ana en circulaci\u00f3n una emisi\u00f3n de 25 millones de euros en obligaciones a 19 a\u00f1os, a un inter\u00e9s del 4,25% m\u00e1s el IPC interanual, seg\u00fan confirma la resoluci\u00f3n de la Consejer\u00eda de Econom\u00eda y Hacienda publicada hoy en el DOE. Este [&hellip;]<!-- AddThis Advanced Settings generic via filter on get_the_excerpt --><!-- AddThis Share Buttons generic via filter on get_the_excerpt --><\/p>\n","protected":false},"author":21,"featured_media":0,"comment_status":"open","ping_status":"closed","sticky":false,"template":"","format":"standard","meta":[],"categories":[7],"tags":[53,93,102,108,121,148,210,242,255],"_links":{"self":[{"href":"https:\/\/blogs.hoy.es\/extredato\/wp-json\/wp\/v2\/posts\/15"}],"collection":[{"href":"https:\/\/blogs.hoy.es\/extredato\/wp-json\/wp\/v2\/posts"}],"about":[{"href":"https:\/\/blogs.hoy.es\/extredato\/wp-json\/wp\/v2\/types\/post"}],"author":[{"embeddable":true,"href":"https:\/\/blogs.hoy.es\/extredato\/wp-json\/wp\/v2\/users\/21"}],"replies":[{"embeddable":true,"href":"https:\/\/blogs.hoy.es\/extredato\/wp-json\/wp\/v2\/comments?post=15"}],"version-history":[{"count":0,"href":"https:\/\/blogs.hoy.es\/extredato\/wp-json\/wp\/v2\/posts\/15\/revisions"}],"wp:attachment":[{"href":"https:\/\/blogs.hoy.es\/extredato\/wp-json\/wp\/v2\/media?parent=15"}],"wp:term":[{"taxonomy":"category","embeddable":true,"href":"https:\/\/blogs.hoy.es\/extredato\/wp-json\/wp\/v2\/categories?post=15"},{"taxonomy":"post_tag","embeddable":true,"href":"https:\/\/blogs.hoy.es\/extredato\/wp-json\/wp\/v2\/tags?post=15"}],"curies":[{"name":"wp","href":"https:\/\/api.w.org\/{rel}","templated":true}]}}