{"id":153,"date":"2013-06-20T13:37:34","date_gmt":"2013-06-20T12:37:34","guid":{"rendered":"http:\/\/blogs.hoy.es\/extredato\/?p=153"},"modified":"2013-06-20T13:37:34","modified_gmt":"2013-06-20T12:37:34","slug":"una-de-cada-tres-empresas-extremenas-esta-en-facebook","status":"publish","type":"post","link":"https:\/\/blogs.hoy.es\/extredato\/2013\/06\/20\/una-de-cada-tres-empresas-extremenas-esta-en-facebook\/","title":{"rendered":"Una de cada tres empresas extreme\u00f1as est\u00e1 en Facebook"},"content":{"rendered":"<p style=\"text-align: center;\"><img loading=\"lazy\" class=\"aligncenter\" src=\"\/extredato\/wp-content\/uploads\/sites\/17\/2013\/06\/empresas-conectadas1.jpeg\" alt=\"\" width=\"600\" height=\"820\" \/><\/p>\n<p>Los medios sociales han conseguido atraparnos a todos en muy poco tiempo, y no s\u00f3lo a los ciudadanos, sino tambi\u00e9n a las empresas. Lo demuestran los datos de la encuesta sobre uso de tecnolog\u00edas de la informaci\u00f3n y comunicaci\u00f3n (TIC) en las <span style=\"text-decoration: underline;\">empresas de m\u00e1s de 10 trabajadores<\/span> que hoy ha publicado el <a href=\"http:\/\/www.ine.es\/prensa\/np787.pdf\" rel=\"external nofollow\">Instituto Nacional de Estad\u00edstica<\/a>, que por primera vez ha preguntado con detalle sobre cu\u00e1les son los medios sociales m\u00e1s utilizados.<\/p>\n<p>Uno de los hechos m\u00e1s llamativos es que <strong>el 36% de las empresas extreme\u00f1as con conexi\u00f3n a Internet tiene perfil en alguna de las redes sociales<\/strong>: <strong>Facebook, LinkedIn, Google+, Tuenti<\/strong>,&#8230; Es decir, una de cada tres empresas conecta con sus clientes a trav\u00e9s de redes sociales. Pero m\u00e1s llamativo es que <strong>Extremadura es la comunidad con mayor porcentaje de empresas que utilizan esas redes<\/strong>, por delante de Madrid (33,6%), Andaluc\u00eda (32,7%) y Catalu\u00f1a (31,8%) y muy por encima del 29,1% de la media del pa\u00eds.<\/p>\n<p>Adem\u00e1s, <strong>el 8% de las empresas extreme\u00f1as ha creado blogs de empresa o utiliza una red de microblogs como Twitter<\/strong>, aunque en este caso por debajo de la media, que es del 13,9%. Hay tambi\u00e9n un 10,6% de empresas extreme\u00f1as que ha utilizado p\u00e1ginas para compartir contenido multimedia, ya sean v\u00eddeos (<strong>Youtube<\/strong>) o fotos (<strong>Picassa, Flickr<\/strong>,&#8230;), mientras que la media es del 15,3%. Lo menos atractivo para las empresas, tanto extreme\u00f1as como espa\u00f1olas en general, son las herramientas para compartir conocimientos que pueden ser editadas por m\u00faltiples voluntarios a trav\u00e9s de navegador web.<\/p>\n<p>En general, el 96,3% de las empresas extreme\u00f1as tiene ordenador y el 96,2% lo tiene adem\u00e1s conectado a Internet y con correo electr\u00f3nico. Extremadura sigue estando <strong>entre las comunidades con menor porcentaje<\/strong> (las medias son del 98,9% y el 98%, respectivamente), pero hay que subrayar que es <strong>la tercera regi\u00f3n que m\u00e1s ha avanzado en los \u00faltimos cinco a\u00f1os en la implantaci\u00f3n de Internet en las empresas<\/strong>. Entre las que se conectan a la Red, el 97,7% lo hace a trav\u00e9s de l\u00edneas de banda ancha, sean fijas (ADSL o superior) o m\u00f3viles.<\/p>\n<p>Extremadura es tambi\u00e9n la <strong>tercera comunidad con mayor aument<\/strong>o del porcentaje de empresas que no solo usa Internet, sino que tiene <strong>abierta alguna p\u00e1gina web<\/strong>, al pasar del 45,3% en 2008 al 64% en 2013, m\u00e1s cerca de la media del 71,6%. De ellas, el 6,5% dispone de una p\u00e1gina en la que se pueden realizar pedidos o reservas online, por debajo del 9,1% de la media.<\/p>\n<p>Por otro lado, se coloca como la <strong>comunidad con mayor porcentaje de empresas que disponen de telefon\u00eda m\u00f3vil:<\/strong> el 95,2%, frente a una media del 94,7%. Y est\u00e1 pr\u00e1cticamente equiparada al resto en el uso de programas de c\u00f3digo abierto, el conocido como software libre.<\/p>\n<p>M\u00e1s curiosidades: para facilitar el trabajo a distancia, <strong>el 25,5% de las empresas extreme\u00f1as proporciona alg\u00fan tipo de ordenador port\u00e1til<\/strong> (netbook, notebook, tableta,&#8230;) y <strong>el 31,3% emplea otros dispositivos port\u00e1tiles<\/strong>, fundamentalmente los tel\u00e9fonos inteligentes o <em>smartphones<\/em>, con conexi\u00f3n a Internet para uso empresarial.<\/p>\n<!-- AddThis Advanced Settings generic via filter on the_content --><!-- AddThis Share Buttons generic via filter on the_content -->","protected":false},"excerpt":{"rendered":"<p>Los medios sociales han conseguido atraparnos a todos en muy poco tiempo, y no s\u00f3lo a los ciudadanos, sino tambi\u00e9n a las empresas. Lo demuestran los datos de la encuesta sobre uso de tecnolog\u00edas de la informaci\u00f3n y comunicaci\u00f3n (TIC) en las empresas de m\u00e1s de 10 trabajadores que hoy ha publicado el Instituto Nacional [&hellip;]<!-- AddThis Advanced Settings generic via filter on get_the_excerpt --><!-- AddThis Share Buttons generic via filter on get_the_excerpt --><\/p>\n","protected":false},"author":21,"featured_media":0,"comment_status":"open","ping_status":"closed","sticky":false,"template":"","format":"standard","meta":[],"categories":[7],"tags":[17,100,131,148,151,153,169,197,234,260,271,278,293,326,336,337,339,346,347,363],"_links":{"self":[{"href":"https:\/\/blogs.hoy.es\/extredato\/wp-json\/wp\/v2\/posts\/153"}],"collection":[{"href":"https:\/\/blogs.hoy.es\/extredato\/wp-json\/wp\/v2\/posts"}],"about":[{"href":"https:\/\/blogs.hoy.es\/extredato\/wp-json\/wp\/v2\/types\/post"}],"author":[{"embeddable":true,"href":"https:\/\/blogs.hoy.es\/extredato\/wp-json\/wp\/v2\/users\/21"}],"replies":[{"embeddable":true,"href":"https:\/\/blogs.hoy.es\/extredato\/wp-json\/wp\/v2\/comments?post=153"}],"version-history":[{"count":0,"href":"https:\/\/blogs.hoy.es\/extredato\/wp-json\/wp\/v2\/posts\/153\/revisions"}],"wp:attachment":[{"href":"https:\/\/blogs.hoy.es\/extredato\/wp-json\/wp\/v2\/media?parent=153"}],"wp:term":[{"taxonomy":"category","embeddable":true,"href":"https:\/\/blogs.hoy.es\/extredato\/wp-json\/wp\/v2\/categories?post=153"},{"taxonomy":"post_tag","embeddable":true,"href":"https:\/\/blogs.hoy.es\/extredato\/wp-json\/wp\/v2\/tags?post=153"}],"curies":[{"name":"wp","href":"https:\/\/api.w.org\/{rel}","templated":true}]}}