{"id":167,"date":"2013-07-05T12:29:41","date_gmt":"2013-07-05T11:29:41","guid":{"rendered":"http:\/\/blogs.hoy.es\/extredato\/?p=167"},"modified":"2013-07-05T12:29:41","modified_gmt":"2013-07-05T11:29:41","slug":"los-extremenos-pagamos-971-millones-en-el-irpf-2011","status":"publish","type":"post","link":"https:\/\/blogs.hoy.es\/extredato\/2013\/07\/05\/los-extremenos-pagamos-971-millones-en-el-irpf-2011\/","title":{"rendered":"Los extreme\u00f1os pagamos 971 millones en el IRPF 2011"},"content":{"rendered":"<p><strong>El impuesto de la renta del ejercicio 2011 nos cost\u00f3 a los extreme\u00f1os 971,1 millones de euros, un 1,54% menos<\/strong> que el a\u00f1o anterior, aunque <strong>el n\u00famero de contribuyentes aument\u00f3 un 0,38%<\/strong>, seg\u00fan la estad\u00edstica del IRPF que acaba de publicar la <a href=\"http:\/\/www.agenciatributaria.es\" rel=\"external nofollow\">Agencia Tributaria<\/a>.<\/p>\n<p>En total, hubo 474.836 declarantes (el 72,6% en la modalidad individual y el 27,4% en conjunta), por lo que el impuesto sali\u00f3 a una media de 2.045,65 euros. Ahora bien, <strong>el 43,7% de esas declaraciones no lleg\u00f3 a generar cuota<\/strong> (es decir, no ten\u00edan que contribuir por IRPF) por efecto de los m\u00ednimos, las reducciones y las deducciones, de modo que <strong>la cuota media para quienes resultaron contribuyentes efectivos (267.115 declarantes) fue de 3.635,68 euros<\/strong>.<\/p>\n<p>La Campa\u00f1a de la Renta de ese ejercicio, realizada el a\u00f1o pasado, se cerr\u00f3 en Extremadura con <strong>m\u00e1s devoluciones que pagos<\/strong>. En concreto, Hacienda devolvi\u00f3 92,7 millones de euros, con una media de <strong>200,41 euros por declarante<\/strong>. Solo a uno de cada cinco extreme\u00f1os le sali\u00f3 como resultado \u2018a pagar\u2019.<\/p>\n<p>En general, <strong>el panorama de los contribuyentes extreme\u00f1os apenas registr\u00f3 cambios<\/strong> con respecto a 2010: <span style=\"text-decoration: underline;\">el 77,01% declar\u00f3 rentas inferiores a los 21.000 euros<\/span>, mientras que el ejercicio anterior fue el 76,97%. <span style=\"text-decoration: underline;\">Si ampliamos el foco hasta los 30.000 euros, se alcanza el 88,98%<\/span> de los declarantes extreme\u00f1os, frente al 81,58% de la media nacional. <strong>El 11%<\/strong> restante, que agrupa a 52.334 contribuyentes,<strong> carga con el pago del 56,5% de lo recaudado en la regi\u00f3n<\/strong>.<\/p>\n<p style=\"text-align: center;\"><img loading=\"lazy\" class=\"aligncenter\" src=\"\/extredato\/wp-content\/uploads\/sites\/17\/2013\/07\/IRPF-2011.jpg\" alt=\"\" width=\"685\" height=\"448\" \/><\/p>\n<p>Buceando en las distintas partidas se obtienen datos interesantes. Por ejemplo, <strong>los asalariados extreme\u00f1os declararon, de media, unos rendimientos brutos del trabajo de 17.444,72 euros<\/strong>, que se quedan en 14.447,88 euros netos (un 0,4% menos que en 2010) tras descontar las cotizaciones sociales y otros conceptos, lejos de los 19.262,12 de la media espa\u00f1ola. Entre quienes declaran por <strong>actividades econ\u00f3micas<\/strong>, el rendimiento neto medio fue de 2.945,86 euros por las actividades agr\u00edcolas, 7.736,6 euros en el caso de los aut\u00f3nomos que se rigen por el sistema de estimaci\u00f3n directa y 10.682,72 euros para quienes se ajustan al sistema de m\u00f3dulos.<\/p>\n<p>Por otro lado, <strong>los extreme\u00f1os hacemos menos aportaciones a planes de pensiones<\/strong> en comparaci\u00f3n con el conjunto nacional. En total fueron 82,4 millones de euros, con una media de <strong>1.046 euros por contribuyente<\/strong>, frente a los 1.402 euros de media del pa\u00eds. Tambi\u00e9n <strong>nos deducimos menos por inversi\u00f3n en la vivienda habitual<\/strong>: mientras la media nacional alcanza los 732 euros, en Extremadura <strong>nos quedamos en 593 euros<\/strong>, aunque la clave de esta diferencia est\u00e1 en que los precios de las viviendas son los m\u00e1s bajos del pa\u00eds. Entrando m\u00e1s en detalle, la deducci\u00f3n media por las hipotecas para los 113.931 contribuyentes que la declaran es de 590 euros, mientras que la deducci\u00f3n por cuentas vivienda se sit\u00faa en 869 euros, aunque solo 992 declarantes hicieron aportaciones ese a\u00f1o.<\/p>\n<p>En cuanto a las <strong>deducciones auton\u00f3micas<\/strong>, el n\u00famero de <strong>beneficiarios (63.073) se dispar\u00f3 un 57,4%<\/strong>, sobre todo porque se recuper\u00f3 la cifra de extreme\u00f1os solicitantes de la deducci\u00f3n por trabajo dependiente (54.302, con 106 euros de media), que hab\u00eda venido bajando en ejercicios anteriores, aunque tambi\u00e9n se not\u00f3 la entrada en vigor de un amplio paquete de deducciones: madres o padres de <strong>familias monoparentales<\/strong> (3.137 beneficiarios, con 100 euros de media), <strong>ayuda dom\u00e9stica<\/strong> (168 euros), <strong>autoempleo<\/strong> de mujeres (123 casos, con 300 euros), autoempleo de j\u00f3venes (69 beneficiarios, con 250 euros), <strong>adopciones internacionales<\/strong> (223 euros), <strong>partos m\u00faltiples<\/strong> (55 casos, con 393 euros de media), adquisici\u00f3n de <strong>ordenadores de uso dom\u00e9stico<\/strong> (784 beneficiarios, con 56 euros), obras de mejora en la vivienda habitual (203 euros) y donaciones con finalidad ecol\u00f3gica (33 euros).<\/p>\n<p>En total, <strong>estas deducciones supusieron una rebaja de 7,2 millones de euros en la cuota auton\u00f3mica del impuesto<\/strong>. Una vez descontadas estas cantidades y otros ajustes, <strong>el importe recaudado por la Administraci\u00f3n auton\u00f3mica extreme\u00f1a fue de 489,5 millones<\/strong> de euros, algo m\u00e1s de la mitad de los 971,1\u00a0 millones aportados por los extreme\u00f1os.<\/p>\n<p>Y para terminar,<strong> tres datos curiosos<\/strong>: primero, los extreme\u00f1os declararon una media de 1,61 hijos, frente a los 1,58 de la media nacional; segundo, 4.558 extreme\u00f1os declararon el pago de pensiones alimenticias a favor de sus hijos en cumplimiento de decisiones judiciales; y tercero, 35.569 mujeres trabajadoras tuvieron derecho a la deducci\u00f3n de 100 euros al mes correspondiente a cada hijo menor de tres a\u00f1os.<\/p>\n<!-- AddThis Advanced Settings generic via filter on the_content --><!-- AddThis Share Buttons generic via filter on the_content -->","protected":false},"excerpt":{"rendered":"<p>El impuesto de la renta del ejercicio 2011 nos cost\u00f3 a los extreme\u00f1os 971,1 millones de euros, un 1,54% menos que el a\u00f1o anterior, aunque el n\u00famero de contribuyentes aument\u00f3 un 0,38%, seg\u00fan la estad\u00edstica del IRPF que acaba de publicar la Agencia Tributaria. En total, hubo 474.836 declarantes (el 72,6% en la modalidad individual [&hellip;]<!-- AddThis Advanced Settings generic via filter on get_the_excerpt --><!-- AddThis Share Buttons generic via filter on get_the_excerpt --><\/p>\n","protected":false},"author":21,"featured_media":0,"comment_status":"open","ping_status":"closed","sticky":false,"template":"","format":"standard","meta":[],"categories":[5],"tags":[9,19,112,113,148,190,200,297,361],"_links":{"self":[{"href":"https:\/\/blogs.hoy.es\/extredato\/wp-json\/wp\/v2\/posts\/167"}],"collection":[{"href":"https:\/\/blogs.hoy.es\/extredato\/wp-json\/wp\/v2\/posts"}],"about":[{"href":"https:\/\/blogs.hoy.es\/extredato\/wp-json\/wp\/v2\/types\/post"}],"author":[{"embeddable":true,"href":"https:\/\/blogs.hoy.es\/extredato\/wp-json\/wp\/v2\/users\/21"}],"replies":[{"embeddable":true,"href":"https:\/\/blogs.hoy.es\/extredato\/wp-json\/wp\/v2\/comments?post=167"}],"version-history":[{"count":0,"href":"https:\/\/blogs.hoy.es\/extredato\/wp-json\/wp\/v2\/posts\/167\/revisions"}],"wp:attachment":[{"href":"https:\/\/blogs.hoy.es\/extredato\/wp-json\/wp\/v2\/media?parent=167"}],"wp:term":[{"taxonomy":"category","embeddable":true,"href":"https:\/\/blogs.hoy.es\/extredato\/wp-json\/wp\/v2\/categories?post=167"},{"taxonomy":"post_tag","embeddable":true,"href":"https:\/\/blogs.hoy.es\/extredato\/wp-json\/wp\/v2\/tags?post=167"}],"curies":[{"name":"wp","href":"https:\/\/api.w.org\/{rel}","templated":true}]}}