{"id":182,"date":"2014-04-20T09:30:24","date_gmt":"2014-04-20T08:30:24","guid":{"rendered":"http:\/\/blogs.hoy.es\/extredato\/?p=182"},"modified":"2014-04-20T09:30:24","modified_gmt":"2014-04-20T08:30:24","slug":"merida-es-la-ciudad-con-mas-trabajadores-no-residentes-y-caceres-la-que-mas-estudiantes-atrae","status":"publish","type":"post","link":"https:\/\/blogs.hoy.es\/extredato\/2014\/04\/20\/merida-es-la-ciudad-con-mas-trabajadores-no-residentes-y-caceres-la-que-mas-estudiantes-atrae\/","title":{"rendered":"M\u00e9rida es la ciudad con m\u00e1s trabajadores no residentes y C\u00e1ceres la que m\u00e1s estudiantes atrae."},"content":{"rendered":"<p>M\u00e9rida es la ciudad extreme\u00f1a que recibe a diario m\u00e1s trabajadores procedentes de otras localidades y C\u00e1ceres es la capital que atrae a m\u00e1s estudiantes de otras poblaciones. Son algunos de los datos m\u00e1s significativos de una estad\u00edstica que el Instituto Nacional de Estad\u00edstica ha publicado recientemente sobre la &#8216;poblaci\u00f3n flotante&#8217; o (con m\u00e1s propiedad) la &#8216;<strong>poblaci\u00f3n vinculada<\/strong>&#8216; de las principales localidades de la regi\u00f3n.<\/p>\n<p>Todo el mundo sabe que los principales n\u00facleos de poblaci\u00f3n mueven un cierto n\u00famero de personas que, pese a no figuran como residentes, tienen un contacto frecuente con el municipio. Es lo que se suele conocer como &#8216;poblaci\u00f3n flotante&#8217;. Pero, \u00bfcu\u00e1nta personas son exactamente?<\/p>\n<p>El hecho de que esas personas no est\u00e9n registradas como residentes hace dif\u00edcil cuantificar la magnitud de la poblaci\u00f3n flotante, pero el INE ha conseguido realizar un c\u00e1lculo a partir de los datos del Censo de 2011 para todos los municipios mayores de 10.000 habitantes, detallando incluso si esa relaci\u00f3n es por motivos laborales, educativos o de otro tipo.<\/p>\n<p>Seg\u00fan el INE, <strong>C\u00e1ceres es la localidad extreme\u00f1a con mayor poblaci\u00f3n vinculada<\/strong>: 36.829 habitantes, que representan un 38,77% m\u00e1s con respecto a la poblaci\u00f3n residente (95.003). En cifras totales, le siguen Badajoz, con 35.180; M\u00e9rida, con 18.533; Plasencia, con 10.887; y Don Benito, con 8.816. Pero si atendemos al porcentaje sobre la poblaci\u00f3n residente, detr\u00e1s de C\u00e1ceres, <strong>el segundo municipio<\/strong> que tiene m\u00e1s poblaci\u00f3n vinculada <strong>es Zafra<\/strong>, con un 35,36%. A continuaci\u00f3n est\u00e1n Navalmoral de la Mata, con un 33,56%; M\u00e9rida, con un 32,36%, y Coria, con un 30,78%. En el lado contrario est\u00e1n Almendralejo (16,8%), Villanueva de la Serena (19,2%) y Montijo (19,98%).<\/p>\n<p>TRABAJADORES Y ESTUDIANTES<\/p>\n<p>Poniendo el foco sobre la poblaci\u00f3n que se halla vinculada a una localidad por trabajar en ella, <strong>M\u00e9rida es, con diferencia, la que atrae a un mayor n\u00famero de trabajadores que residen en otros lugares<\/strong>: 9.417. No cabe duda de que <strong>la mayor\u00eda son trabajadores de la Administraci\u00f3n auton\u00f3mica<\/strong> que optan por desplazarse a diario a la capital desde sus lugar de residencia. La segunda ciudad que recibe m\u00e1s trabajadores es Badajoz, con 8.271, seguida por C\u00e1ceres, con 7.671, y ya a mucha distancia Don Benito, con 2.851; Plasencia, con 2.745, y Zafra, con 2.443.<\/p>\n<p>Si se comparan estos datos con el n\u00famero de personas que residen y trabajan en la misma ciudad, se ve que <strong>el 36,7% de los 25.680 trabajadores que hay en M\u00e9rida viene a diario de fuera<\/strong>. Es decir, una de cada tres personas que trabajan en la ciudad no tiene su residencia en ella. Un porcentaje casi id\u00e9ntico, el 36,6%, corresponde a Zafra. A continuaci\u00f3n est\u00e1n Montijo (31,5%), Navalmoral de la Mata (30,1%) y Coria (30%). En el extremo opuesto se encuentran Badajoz (15,9%), C\u00e1ceres (20,9%), Plasencia (21%), Villafranca de los Barros (22,9%) y Almendralejo (24%).*<\/p>\n<p>En cuanto a los estudiantes (mayores de 16 a\u00f1os), <strong>C\u00e1ceres es la ciudad que acapara m\u00e1s alumnos no residentes<\/strong>: 8.217. Esta cifra representa el 28,8% del total de los estudiantes que hay en el municipio. El otro gran campus universitario, Badajoz, recibe 7.320 alumnos. Como es l\u00f3gico, a mucha distancia se encuentran M\u00e9rida (2.120), Plasencia (1.684), Don Benito (1.502) y Navalmoral de la Mata (1.213).<\/p>\n<p>SEGUNDA RESIDENCIA<\/p>\n<p>No obstante, <strong>el grupo m\u00e1s voluminoso de poblaci\u00f3n vinculada es el correspondiente a aquellas personas que declaran pasar en cada ciudad m\u00e1s de 14 noches al a\u00f1o<\/strong>. Se trata, fundamentalmente, de gente que tiene una segunda residencia y pasa en ella determinadas temporadas o la utiliza con cierta frecuencia. En este aspecto, <strong>C\u00e1ceres vuelve a ser la ciudad con m\u00e1s poblaci\u00f3n vinculada<\/strong>: 20.941, por delante de las 19.589 de Badajoz. Muy por detr\u00e1s est\u00e1n M\u00e9rida (6.996), Plasencia (6.458) y Don Benito (4.463).<\/p>\n<p>Y para terminar, un \u00faltimo an\u00e1lisis de evoluci\u00f3n. Como apunta el propio INE, <span style=\"text-decoration: underline;\">la poblaci\u00f3n vinculada ha ganado &#8220;mayor relevancia debido a que el n\u00famero de desplazamientos que realizan las personas ha aumentado en los diez \u00faltimos a\u00f1os&#8221;<\/span>. Este hecho se pone de manifiesto al comparar los datos actuales con los que este Instituto obtuvo a partir del Censo del a\u00f1o 2001, el primero en el que calcul\u00f3 la poblaci\u00f3n vinculada de cada municipio. Se constata que la tasa de vinculaci\u00f3n, es decir, <strong>el porcentaje de poblaci\u00f3n vinculada con respecto a la poblaci\u00f3n residente ha crecido notablemente en todas las localidades<\/strong>. Y eso que el n\u00famero de habitantes ha ido aumentando.<\/p>\n<p>En 2001, C\u00e1ceres estaba tambi\u00e9n a la cabeza, pero entonces la poblaci\u00f3n vinculada equival\u00eda al 31,2% de la poblaci\u00f3n residente, frente al 38,77% actual. M\u00e9rida, que era la segunda, ha pasado del 20,9% al 32,36%. Pero <strong>el caso m\u00e1s significativo ha sido el de Zafra<\/strong>, donde la poblaci\u00f3n vinculada ha avanzado 16,9 puntos, hasta colocarse en segunda posici\u00f3n. Tambi\u00e9n se han producido fuertes incrementos en Navalmoral (14,8 puntos), Coria (14,5 puntos) y Miajadas (12,9 puntos). Almendralejo ha sido la localidad con menor subida de la poblaci\u00f3n vinculada, con 4,7 puntos, hasta alcanzar el 16,8%, que es, como ya se ha apuntado, el menor porcentaje en la actualidad.<\/p>\n<p>En el siguiente <span style=\"text-decoration: underline;\">gr\u00e1fico interactivo<\/span> se pueden encontrar las principales cifras comentadas:<\/p>\n<p><script id=\"infogram_0_poblacion-residente-y-poblacion-vinculada\" src=\"\/\/e.infogr.am\/js\/embed.js\" type=\"text\/javascript\"><\/script><\/p>\n<p>*Nota: Las localidades han sido corregidas, gracias al redactor de Hoy Antonio Armero, que ha advertido el error.<\/p>\n<!-- AddThis Advanced Settings generic via filter on the_content --><!-- AddThis Share Buttons generic via filter on the_content -->","protected":false},"excerpt":{"rendered":"<p>M\u00e9rida es la ciudad extreme\u00f1a que recibe a diario m\u00e1s trabajadores procedentes de otras localidades y C\u00e1ceres es la capital que atrae a m\u00e1s estudiantes de otras poblaciones. Son algunos de los datos m\u00e1s significativos de una estad\u00edstica que el Instituto Nacional de Estad\u00edstica ha publicado recientemente sobre la &#8216;poblaci\u00f3n flotante&#8217; o (con m\u00e1s propiedad) [&hellip;]<!-- AddThis Advanced Settings generic via filter on get_the_excerpt --><!-- AddThis Share Buttons generic via filter on get_the_excerpt --><\/p>\n","protected":false},"author":21,"featured_media":0,"comment_status":"open","ping_status":"closed","sticky":false,"template":"","format":"standard","meta":[],"categories":[3],"tags":[28,41,58,87,105,124,143,148,193,235,236,241,252,258,272,274,275,276,343,356,359,364],"_links":{"self":[{"href":"https:\/\/blogs.hoy.es\/extredato\/wp-json\/wp\/v2\/posts\/182"}],"collection":[{"href":"https:\/\/blogs.hoy.es\/extredato\/wp-json\/wp\/v2\/posts"}],"about":[{"href":"https:\/\/blogs.hoy.es\/extredato\/wp-json\/wp\/v2\/types\/post"}],"author":[{"embeddable":true,"href":"https:\/\/blogs.hoy.es\/extredato\/wp-json\/wp\/v2\/users\/21"}],"replies":[{"embeddable":true,"href":"https:\/\/blogs.hoy.es\/extredato\/wp-json\/wp\/v2\/comments?post=182"}],"version-history":[{"count":0,"href":"https:\/\/blogs.hoy.es\/extredato\/wp-json\/wp\/v2\/posts\/182\/revisions"}],"wp:attachment":[{"href":"https:\/\/blogs.hoy.es\/extredato\/wp-json\/wp\/v2\/media?parent=182"}],"wp:term":[{"taxonomy":"category","embeddable":true,"href":"https:\/\/blogs.hoy.es\/extredato\/wp-json\/wp\/v2\/categories?post=182"},{"taxonomy":"post_tag","embeddable":true,"href":"https:\/\/blogs.hoy.es\/extredato\/wp-json\/wp\/v2\/tags?post=182"}],"curies":[{"name":"wp","href":"https:\/\/api.w.org\/{rel}","templated":true}]}}