{"id":192,"date":"2015-08-04T10:41:30","date_gmt":"2015-08-04T09:41:30","guid":{"rendered":"http:\/\/blogs.hoy.es\/extredato\/?p=192"},"modified":"2015-08-04T10:41:30","modified_gmt":"2015-08-04T09:41:30","slug":"el-estado-invertira-en-extremadura-364-millones-en-2016","status":"publish","type":"post","link":"https:\/\/blogs.hoy.es\/extredato\/2015\/08\/04\/el-estado-invertira-en-extremadura-364-millones-en-2016\/","title":{"rendered":"El Estado invertir\u00e1 en Extremadura 364 millones en 2016"},"content":{"rendered":"<p>La inversi\u00f3n real del Estado en Extremadura en 2016 ser\u00e1 de 363,99 millones de euros, seg\u00fan se recoge en el Proyecto de Presupuestos Generales del Estado para 2016, como ha adelantado &#8216;Extremadura en Datos&#8217;.<\/p>\n<p>En comparaci\u00f3n con las dotaciones previstas para 2015, la inversi\u00f3n real del Estado en la regi\u00f3n se reducir\u00e1 en 4,74 millones de euros, un 1,29%. No obstante, el descenso medio de la inversi\u00f3n regionalizada en todo el pa\u00eds ser\u00e1 del 2,03%, hasta situarsen en 11.052,63 millones (la inversi\u00f3n total, incluida la que no se puede repartir por regiones, apenas sube el 0,9%). Pa\u00eds Vasco, Baleares, Comunidad Valenciana y Catalu\u00f1a encabezan los crecimientos de la inversi\u00f3n para el pr\u00f3ximo a\u00f1o.<\/p>\n<p>Si se toma como referencia la inversi\u00f3n por habitante, Extremadura se mantiene un a\u00f1o m\u00e1s como la cuarta comunidad con mayor dotaci\u00f3n, con 331 euros por persona, muy por encima de los 236 euros de la media nacional.<\/p>\n<p><script id=\"infogram_0_evolucion_de_la_inversion_del_estado_en_extremadura\" src=\"\/\/e.infogr.am\/js\/embed.js?cHp\" type=\"text\/javascript\"><\/script><\/p>\n<div style=\"width:100%;border-top:1px solid #acacac;padding-top:3px;font-family:Arial;font-size:10px;text-align:center;\"><a target=\"_blank\" href=\"https:\/\/infogr.am\/evolucion_de_la_inversion_del_estado_en_extremadura\" style=\"color:#acacac;text-decoration:none;\" rel=\"external nofollow\">Evoluci\u00f3n de la inversi\u00f3n del Estado en Extremadura<\/a> | <a style=\"color:#acacac;text-decoration:none;\" href=\"https:\/\/infogr.am\" target=\"_blank\" rel=\"external nofollow\">Create infographics<\/a><\/div>\n<p>Entre las principales inversiones destaca de nuevo la l\u00ednea de Alta Velocidad Madrid-Extremadura, a la que se destinar\u00e1n 200,74 millones de euros, de los que 103,28 corresponden a la provincia de C\u00e1ceres y 97,46 a la de Badajoz.<\/p>\n<p>En materia de <strong>carreteras<\/strong>, los PGE 2016 prev\u00e9n invertir en Extremadura <strong>43,4 millones de euros<\/strong>. Del total, 28,18 millones ir\u00e1n a conservaci\u00f3n de las v\u00edas. Entre los proyectos de obras nuevas hay que mencionar los 7,66 millones para la N-110 entre Navaconcejo y Tornavacas, los 4 millones para la duplicaci\u00f3n del acceso a Badajoz por la N-432 y los 3,3 millones para el viaducto de la A-81 en Castilblanco.<\/p>\n<p>Por su parte, el Ministerio de Agricultura, Alimentaci\u00f3n y Medio Ambiente gastar\u00e1 en la regi\u00f3n <strong>71,4 millones de euros<\/strong>, fundamentalmente destinados a <strong>obras hidr\u00e1ulicas<\/strong>. En este apartado destacan los 9 millones para la modernizaci\u00f3n del abastecimiento a C\u00e1ceres y su entorno o los 5 millones para la modernizaci\u00f3n de las zonas regables de Orellana.<\/p>\n<p>En el <strong>terreno cultural<\/strong>, el Ministerio de Educaci\u00f3n, Cultura y Deporte prev\u00e9 invertir 4 millones de euros en la ampliaci\u00f3n del Museo Nacional de Arte Romano. En cambio, el proyecto del Museo Visigodo de M\u00e9rida vuelve a retrasarse y solo recoge gastos a partir de 2017. Tambi\u00e9n continuar\u00e1n las obras de restauraci\u00f3n en el Monasterio de Guadalupe, la Catedral de Plasencia y la muralla de Jerez de los Caballeros.<\/p>\n<p>En cuanto a otras partidas del Estado para la regi\u00f3n, hay que resaltar que en el proyecto de PGE 2016 no se ha previsto ninguna nueva entrega a cuenta de la deuda hist\u00f3rica.<\/p>\n<p>En el siguiente gr\u00e1fico interactivo se puede consultar el detalle de los proyectos de inversi\u00f3n previstos en los PGE 2016 para Extremadura:<\/p>\n<p><script type='text\/javascript' src='https:\/\/public.tableau.com\/javascripts\/api\/viz_v1.js'><\/script><\/p>\n<div class='tableauPlaceholder' style='width: 584px; height: 1069px;'><noscript><a href=\"#\"><img alt='Dashboard 1 ' src='https:&#47;&#47;public.tableau.com&#47;static&#47;images&#47;PG&#47;PGE2016&#47;Dashboard1&#47;1_rss.png' style='border: none' \/><\/a><\/noscript><object class='tableauViz' width='584' height='1069' style='display:none;'><param name='host_url' value='https%3A%2F%2Fpublic.tableau.com%2F' \/><param name='site_root' value='' \/><param name='name' value='PGE2016&#47;Dashboard1' \/><param name='tabs' value='no' \/><param name='toolbar' value='yes' \/><param name='static_image' value='https:&#47;&#47;public.tableau.com&#47;static&#47;images&#47;PG&#47;PGE2016&#47;Dashboard1&#47;1.png' \/><param name='animate_transition' value='yes' \/><param name='display_static_image' value='yes' \/><param name='display_spinner' value='yes' \/><param name='display_overlay' value='yes' \/><param name='display_count' value='yes' \/><param name='showVizHome' value='no' \/><param name='showTabs' value='y' \/><param name='bootstrapWhenNotified' value='true' \/><\/object><\/div>\n<!-- AddThis Advanced Settings generic via filter on the_content --><!-- AddThis Share Buttons generic via filter on the_content -->","protected":false},"excerpt":{"rendered":"<p>La inversi\u00f3n real del Estado en Extremadura en 2016 ser\u00e1 de 363,99 millones de euros, seg\u00fan se recoge en el Proyecto de Presupuestos Generales del Estado para 2016, como ha adelantado &#8216;Extremadura en Datos&#8217;. En comparaci\u00f3n con las dotaciones previstas para 2015, la inversi\u00f3n real del Estado en la regi\u00f3n se reducir\u00e1 en 4,74 millones [&hellip;]<!-- AddThis Advanced Settings generic via filter on get_the_excerpt --><!-- AddThis Share Buttons generic via filter on get_the_excerpt --><\/p>\n","protected":false},"author":21,"featured_media":0,"comment_status":"open","ping_status":"closed","sticky":false,"template":"","format":"standard","meta":[],"categories":[6],"tags":[14,38,119,148,198,268,284],"_links":{"self":[{"href":"https:\/\/blogs.hoy.es\/extredato\/wp-json\/wp\/v2\/posts\/192"}],"collection":[{"href":"https:\/\/blogs.hoy.es\/extredato\/wp-json\/wp\/v2\/posts"}],"about":[{"href":"https:\/\/blogs.hoy.es\/extredato\/wp-json\/wp\/v2\/types\/post"}],"author":[{"embeddable":true,"href":"https:\/\/blogs.hoy.es\/extredato\/wp-json\/wp\/v2\/users\/21"}],"replies":[{"embeddable":true,"href":"https:\/\/blogs.hoy.es\/extredato\/wp-json\/wp\/v2\/comments?post=192"}],"version-history":[{"count":0,"href":"https:\/\/blogs.hoy.es\/extredato\/wp-json\/wp\/v2\/posts\/192\/revisions"}],"wp:attachment":[{"href":"https:\/\/blogs.hoy.es\/extredato\/wp-json\/wp\/v2\/media?parent=192"}],"wp:term":[{"taxonomy":"category","embeddable":true,"href":"https:\/\/blogs.hoy.es\/extredato\/wp-json\/wp\/v2\/categories?post=192"},{"taxonomy":"post_tag","embeddable":true,"href":"https:\/\/blogs.hoy.es\/extredato\/wp-json\/wp\/v2\/tags?post=192"}],"curies":[{"name":"wp","href":"https:\/\/api.w.org\/{rel}","templated":true}]}}