{"id":197,"date":"2015-09-14T12:01:43","date_gmt":"2015-09-14T11:01:43","guid":{"rendered":"http:\/\/blogs.hoy.es\/extredato\/?p=197"},"modified":"2015-09-14T12:01:43","modified_gmt":"2015-09-14T11:01:43","slug":"mas-de-124-000-extremenos-estan-llamados-a-participar-en-las-proximas-elecciones-catalanas","status":"publish","type":"post","link":"https:\/\/blogs.hoy.es\/extredato\/2015\/09\/14\/mas-de-124-000-extremenos-estan-llamados-a-participar-en-las-proximas-elecciones-catalanas\/","title":{"rendered":"M\u00e1s de 124.000 extreme\u00f1os est\u00e1n llamados a participar en las pr\u00f3ximas elecciones catalanas"},"content":{"rendered":"<p>Catalu\u00f1a est\u00e1 en plena <strong>campa\u00f1a para las elecciones auton\u00f3micas del pr\u00f3ximo 27 de septiembre<\/strong>. La cita electoral va a tener especial relevancia por la estrategia que han desplegado diversas formaciones pol\u00edticas, encabezadas por CDC y ERC, para convertir esta convocatoria en unos comicios plebiscitarios que abran el <strong>camino a la independencia<\/strong>.<\/p>\n<p>En medio de un ambiente cada vez m\u00e1s caliente por el enfrentamiento entre independentistas y no independentistas, <strong>m\u00e1s de 124.000 extreme\u00f1os de nacimiento y residentes en Catalu\u00f1a est\u00e1n llamados a participar en estas elecciones<\/strong>, en las que tendr\u00e1n que <strong>decidir si se inclinan por las siglas de una u otra opci\u00f3n<\/strong>.<\/p>\n<p>Seg\u00fan los datos provisionales del padr\u00f3n del INE a 1 de enero de 2015, <strong>en Catalu\u00f1a residen 124.744 personas nacidas en Extremadura<\/strong>, de las que apenas un 0,5% son menores de edad. Los extreme\u00f1os representan el 1,66% del total de la poblaci\u00f3n y son el <strong>tercer colectivo m\u00e1s numeroso<\/strong>, por detr\u00e1s de los andaluces (606.487, el 8,08%) y los castellanoleoneses (125.812, el 1,68%).<\/p>\n<p><strong>Catalu\u00f1a es la segunda comunidad con mayor n\u00famero de extreme\u00f1os<\/strong>. Siguen siendo muchos, pero la cifra se ha reducido en m\u00e1s de 24.000 personas en la \u00faltima d\u00e9cada, un 16,3%, que es la bajada proporcionalmente m\u00e1s alta de las que se han producido en casi todas las comunidades de destino.<\/p>\n<p>En &#8216;Extremadura en Datos&#8217; hemos hecho, <strong>por primera vez, un estudio detallado de los extreme\u00f1os residentes en Catalu\u00f1a por municipios<\/strong>, con los \u00faltimos datos oficiales disponibles, que corresponden al padr\u00f3n a 1 de enero de 2014.<\/p>\n<p>Este an\u00e1lisis confirma la idea general de que <strong>los extreme\u00f1os se asientan sobre todo en Barcelona y sus municipios de alrededor y tambi\u00e9n en las poblaciones de costa<\/strong>. Pero tambi\u00e9n revela que <strong>los extreme\u00f1os est\u00e1n presentes en muchos m\u00e1s municipios de los que pudiera pensarse<\/strong>. En concreto, se encuentran en cuatro de cada cinco poblaciones (763 de las 947 que hay en Catalu\u00f1a), como se aprecia en este mapa interactivo que permite conocer el detalle de cu\u00e1ntos extreme\u00f1os hay en cada municipio:<\/p>\n<p><iframe loading=\"lazy\" width=\"100%\" height=\"520\" frameborder=\"0\" src=\"https:\/\/extredato.cartodb.com\/viz\/ce2bfae0-5ac0-11e5-8e66-0e4fddd5de28\/embed_map\" allowfullscreen webkitallowfullscreen mozallowfullscreen oallowfullscreen msallowfullscreen><\/iframe><\/p>\n<p>De acuerdo con estos mismos datos, B<strong>arcelona es la ciudad con mayor n\u00famero de extreme\u00f1os<\/strong>, con 16.112, seguida por L&#8217;Hospitales de Llobregat, Matar\u00f3, Badalona, Santa Coloma de Gramanet, Sant Boi de Llobregat, Sabadell, Cornell\u00e0 de Llobregat, Reus y El Prat de Llobregat.<\/p>\n<p>Si en lugar de tomar las cifras absolutas analizamos la <strong>proporci\u00f3n de extreme\u00f1os<\/strong> sobre el total de la poblaci\u00f3n, vemos que <strong>destaca un peque\u00f1o pueblo de Girona, Palau de Santa Eul\u00e0lia<\/strong>. De sus 98 habitantes, 22 son originarios de Extremadura, lo que representa el 22,45%. Descontando los municipios de menos de 100 habitantes, Montmel\u00f3 se coloca como la localidad con mayor proporci\u00f3n de extreme\u00f1os, con un 8,77% del total de su poblaci\u00f3n. Por detr\u00e1s est\u00e1n otros municipios barceloneses como Canovelles, Santa Margarida de Montbui, Vilanova del Cam\u00ed, Llinars del Vall\u00e8s y \u00d2dena. En los siguientes gr\u00e1ficos se muestran los datos en detalle:<\/p>\n<p><script id=\"infogram_0_extremenos_en_cataluna\" src=\"\/\/e.infogr.am\/js\/embed.js?b7B\" type=\"text\/javascript\"><\/script><\/p>\n<div style=\"width:100%;border-top:1px solid #acacac;padding-top:3px;font-family:Arial;font-size:10px;text-align:center;\"><a target=\"_blank\" href=\"https:\/\/infogr.am\/extremenos_en_cataluna\" style=\"color:#acacac;text-decoration:none;\" rel=\"external nofollow\">Extreme\u00f1os en Catalu\u00f1a<\/a> | <a style=\"color:#acacac;text-decoration:none;\" href=\"https:\/\/infogr.am\" target=\"_blank\" rel=\"external nofollow\">Create infographics<\/a><\/div>\n<!-- AddThis Advanced Settings generic via filter on the_content --><!-- AddThis Share Buttons generic via filter on the_content -->","protected":false},"excerpt":{"rendered":"<p>Catalu\u00f1a est\u00e1 en plena campa\u00f1a para las elecciones auton\u00f3micas del pr\u00f3ximo 27 de septiembre. La cita electoral va a tener especial relevancia por la estrategia que han desplegado diversas formaciones pol\u00edticas, encabezadas por CDC y ERC, para convertir esta convocatoria en unos comicios plebiscitarios que abran el camino a la independencia. En medio de un [&hellip;]<!-- AddThis Advanced Settings generic via filter on get_the_excerpt --><!-- AddThis Share Buttons generic via filter on get_the_excerpt --><\/p>\n","protected":false},"author":21,"featured_media":0,"comment_status":"open","ping_status":"closed","sticky":false,"template":"","format":"standard","meta":[],"categories":[3],"tags":[47,83,84,148,150,193,247,274],"_links":{"self":[{"href":"https:\/\/blogs.hoy.es\/extredato\/wp-json\/wp\/v2\/posts\/197"}],"collection":[{"href":"https:\/\/blogs.hoy.es\/extredato\/wp-json\/wp\/v2\/posts"}],"about":[{"href":"https:\/\/blogs.hoy.es\/extredato\/wp-json\/wp\/v2\/types\/post"}],"author":[{"embeddable":true,"href":"https:\/\/blogs.hoy.es\/extredato\/wp-json\/wp\/v2\/users\/21"}],"replies":[{"embeddable":true,"href":"https:\/\/blogs.hoy.es\/extredato\/wp-json\/wp\/v2\/comments?post=197"}],"version-history":[{"count":0,"href":"https:\/\/blogs.hoy.es\/extredato\/wp-json\/wp\/v2\/posts\/197\/revisions"}],"wp:attachment":[{"href":"https:\/\/blogs.hoy.es\/extredato\/wp-json\/wp\/v2\/media?parent=197"}],"wp:term":[{"taxonomy":"category","embeddable":true,"href":"https:\/\/blogs.hoy.es\/extredato\/wp-json\/wp\/v2\/categories?post=197"},{"taxonomy":"post_tag","embeddable":true,"href":"https:\/\/blogs.hoy.es\/extredato\/wp-json\/wp\/v2\/tags?post=197"}],"curies":[{"name":"wp","href":"https:\/\/api.w.org\/{rel}","templated":true}]}}