{"id":204,"date":"2015-11-16T09:00:29","date_gmt":"2015-11-16T08:00:29","guid":{"rendered":"http:\/\/blogs.hoy.es\/extredato\/?p=204"},"modified":"2015-11-16T09:00:29","modified_gmt":"2015-11-16T08:00:29","slug":"los-pgex-2016-en-una-presentacion-interactiva","status":"publish","type":"post","link":"https:\/\/blogs.hoy.es\/extredato\/2015\/11\/16\/los-pgex-2016-en-una-presentacion-interactiva\/","title":{"rendered":"Los PGEx 2016, en una presentaci\u00f3n interactiva"},"content":{"rendered":"<p>El pasado viernes 13 de noviembre entr\u00f3 por fin en la Asamblea de Extremadura el <strong>proyecto de Presupuestos Generales de Extremadura para 2016<\/strong>. Este a\u00f1o, por motivos de un <strong>cambio significativo en los fondos europeos<\/strong> que deben entrar en los Presupuestos, <strong>la Junta de Extremadura ha modificado los datos que se incluyen habitualmente en la documentaci\u00f3n<\/strong> que forma parte del proyecto, de tal forma que desagrega aquellos gastos que se financiar\u00e1n con fondos propios de aquellos otros que cuentan con financiaci\u00f3n europea.<\/p>\n<p>En <em>Extremadura en Datos<\/em> hemos <strong>recopilado todos los datos<\/strong> en la siguiente <strong>aplicaci\u00f3n interactiva<\/strong>, con el fin de poder consultar <strong>las grandes cifras agregadas<\/strong> de estas cuentas con sus principales detalles, incluso con la posibilidad de separar fuentes de financiaci\u00f3n, para saber c\u00f3mo se financiar\u00e1n y en qu\u00e9 se gastar\u00e1n los Presupuestos de la comunidad aut\u00f3noma:<\/p>\n<p><script type='text\/javascript' src='https:\/\/public.tableau.com\/javascripts\/api\/viz_v1.js'><\/script><\/p>\n<div class='tableauPlaceholder' style='width: 550px; height: 1829px;'><noscript><a href=\"#\"><img alt='Dashboard ' src='https:&#47;&#47;public.tableau.com&#47;static&#47;images&#47;PG&#47;PGEx2016_0&#47;Dashboard&#47;1_rss.png' style='border: none' \/><\/a><\/noscript><object class='tableauViz' width='550' height='1829' style='display:none;'><param name='host_url' value='https%3A%2F%2Fpublic.tableau.com%2F' \/><param name='site_root' value='' \/><param name='name' value='PGEx2016_0&#47;Dashboard' \/><param name='tabs' value='no' \/><param name='toolbar' value='yes' \/><param name='static_image' value='https:&#47;&#47;public.tableau.com&#47;static&#47;images&#47;PG&#47;PGEx2016_0&#47;Dashboard&#47;1.png' \/><param name='animate_transition' value='yes' \/><param name='display_static_image' value='yes' \/><param name='display_spinner' value='yes' \/><param name='display_overlay' value='yes' \/><param name='display_count' value='yes' \/><param name='showVizHome' value='no' \/><param name='showTabs' value='y' \/><param name='bootstrapWhenNotified' value='true' \/><\/object><\/div>\n<p>&nbsp;<\/p>\n<!-- AddThis Advanced Settings generic via filter on the_content --><!-- AddThis Share Buttons generic via filter on the_content -->","protected":false},"excerpt":{"rendered":"<p>El pasado viernes 13 de noviembre entr\u00f3 por fin en la Asamblea de Extremadura el proyecto de Presupuestos Generales de Extremadura para 2016. Este a\u00f1o, por motivos de un cambio significativo en los fondos europeos que deben entrar en los Presupuestos, la Junta de Extremadura ha modificado los datos que se incluyen habitualmente en la [&hellip;]<!-- AddThis Advanced Settings generic via filter on get_the_excerpt --><!-- AddThis Share Buttons generic via filter on get_the_excerpt --><\/p>\n","protected":false},"author":21,"featured_media":0,"comment_status":"open","ping_status":"closed","sticky":false,"template":"","format":"standard","meta":[],"categories":[6],"tags":[14,73,148,160,167,194,269,277,283],"_links":{"self":[{"href":"https:\/\/blogs.hoy.es\/extredato\/wp-json\/wp\/v2\/posts\/204"}],"collection":[{"href":"https:\/\/blogs.hoy.es\/extredato\/wp-json\/wp\/v2\/posts"}],"about":[{"href":"https:\/\/blogs.hoy.es\/extredato\/wp-json\/wp\/v2\/types\/post"}],"author":[{"embeddable":true,"href":"https:\/\/blogs.hoy.es\/extredato\/wp-json\/wp\/v2\/users\/21"}],"replies":[{"embeddable":true,"href":"https:\/\/blogs.hoy.es\/extredato\/wp-json\/wp\/v2\/comments?post=204"}],"version-history":[{"count":0,"href":"https:\/\/blogs.hoy.es\/extredato\/wp-json\/wp\/v2\/posts\/204\/revisions"}],"wp:attachment":[{"href":"https:\/\/blogs.hoy.es\/extredato\/wp-json\/wp\/v2\/media?parent=204"}],"wp:term":[{"taxonomy":"category","embeddable":true,"href":"https:\/\/blogs.hoy.es\/extredato\/wp-json\/wp\/v2\/categories?post=204"},{"taxonomy":"post_tag","embeddable":true,"href":"https:\/\/blogs.hoy.es\/extredato\/wp-json\/wp\/v2\/tags?post=204"}],"curies":[{"name":"wp","href":"https:\/\/api.w.org\/{rel}","templated":true}]}}