{"id":208,"date":"2015-12-31T11:47:07","date_gmt":"2015-12-31T10:47:07","guid":{"rendered":"http:\/\/blogs.hoy.es\/extredato\/?p=208"},"modified":"2015-12-31T11:47:07","modified_gmt":"2015-12-31T10:47:07","slug":"oliva-plasencia-municipio-mas-poblacion-gano-2014","status":"publish","type":"post","link":"https:\/\/blogs.hoy.es\/extredato\/2015\/12\/31\/oliva-plasencia-municipio-mas-poblacion-gano-2014\/","title":{"rendered":"Oliva de Plasencia fue el municipio que m\u00e1s poblaci\u00f3n gan\u00f3 en 2014"},"content":{"rendered":"<p><strong>Oliva de Plasencia encabeza<\/strong>, con 72 habitantes m\u00e1s, el <strong>listado de municipios que consiguieron ganar poblaci\u00f3n en 2014<\/strong>, de acuerdo con los datos del \u00faltimo padr\u00f3n oficial, referido al 1 de enero de 2015 y publicado hace unos d\u00edas.<\/p>\n<p>En concreto, hubo <strong>91 localidades que vieron crecer su n\u00famero de habitantes<\/strong>, pero apenas representan <strong>el 23,45% de los municipios extreme\u00f1os<\/strong>. Adem\u00e1s, se trata de peque\u00f1os crecimientos en poblaciones peque\u00f1as, de modo que solo han contribuido a suavizar la p\u00e9rdida de habitantes registrada en la regi\u00f3n: <strong>6.635 empadronados menos<\/strong>, hasta un total de <strong>1.092.997<\/strong>.<\/p>\n<p>Tras Oliva de Plasencia, est\u00e1n Valdelacalzada, Valdelacasa de Tajo, Saucedilla, Navaconcejo, Zafra, Casares de las Hurdes, Collado de la Vera, Ladrillar y Hoyos: <\/p>\n<p><iframe class=\"highcharts-iframe\" src=\"\/\/cloud.highcharts.com\/embed\/emajyw\" style=\"border: 0; width: 100%; height: 500px\"><\/iframe><\/p>\n<p>Si analizamos la variaci\u00f3n relativa, Oliva de Plasencia es tambi\u00e9n la localidad que alcanza el mayor crecimiento, con una subida del 27,3%. Le siguen Garg\u00fcera (18,9%), Collado de la Vera (16%), Ladrillar (12,7%) y Ruanes (11,9%).<\/p>\n<p>Se da la circunstancia de que las grandes poblaciones, que suelen ser las que tirar al alza, fueron en 2014 las que registraron los mayores descensos de poblaci\u00f3n. As\u00ed, Almendralejo perdi\u00f3 749 habitantes, Badajoz rest\u00f3 625 y C\u00e1ceres baj\u00f3 en 238. Por detr\u00e1s est\u00e1n Montijo, Navalmoral de la Mata, Plasencia, Azuaga, Moraleja, Cabeza del Buey y Castuera.<\/p>\n<p><iframe class=\"highcharts-iframe\" src=\"\/\/cloud.highcharts.com\/embed\/yxumux\" style=\"border: 0; width: 100%; height: 500px\"><\/iframe><\/p>\n<p>Pese a que los municipios grandes pesaron mucho en la p\u00e9rdida de habitantes de la regi\u00f3n, los mayores descensos relativos se localizaron en peque\u00f1as localidades, como Villames\u00edas (-11,1%), Cachorrilla (-7,9%), Segura de Toro (-6,4%), Jarilla (-6,4%), Pedroso de Acim (-6,3%), Viandar de la Vera (-6,3%), Santib\u00e1\u00f1ez el Alto (-6,2%) y Reina (-6,1%).<\/p>\n<p>En el siguiente buscador puede conocer la poblaci\u00f3n oficial de su municipio a 1 de enero de 2015 y su varaci\u00f3n:<\/p>\n<p><script type='text\/javascript' src='https:\/\/public.tableau.com\/javascripts\/api\/viz_v1.js'><\/script><\/p>\n<div class='tableauPlaceholder' style='width: 564px; height: 369px;'><noscript><a href=\"#\"><img alt='Padr\u00f3n 1-1-2015 ' src='https:&#47;&#47;public.tableau.com&#47;static&#47;images&#47;Pa&#47;Padrn1-1-2015&#47;Padrn1-1-2015&#47;1_rss.png' style='border: none' \/><\/a><\/noscript><object class='tableauViz' width='564' height='369' style='display:none;'><param name='host_url' value='https%3A%2F%2Fpublic.tableau.com%2F' \/><param name='site_root' value='' \/><param name='name' value='Padrn1-1-2015&#47;Padrn1-1-2015' \/><param name='tabs' value='no' \/><param name='toolbar' value='yes' \/><param name='static_image' value='https:&#47;&#47;public.tableau.com&#47;static&#47;images&#47;Pa&#47;Padrn1-1-2015&#47;Padrn1-1-2015&#47;1.png' \/><param name='animate_transition' value='yes' \/><param name='display_static_image' value='yes' \/><param name='display_spinner' value='yes' \/><param name='display_overlay' value='yes' \/><param name='display_count' value='yes' \/><param name='showVizHome' value='no' \/><param name='showTabs' value='y' \/><param name='bootstrapWhenNotified' value='true' \/><\/object><\/div>\n<!-- AddThis Advanced Settings generic via filter on the_content --><!-- AddThis Share Buttons generic via filter on the_content -->","protected":false},"excerpt":{"rendered":"<p>Oliva de Plasencia encabeza, con 72 habitantes m\u00e1s, el listado de municipios que consiguieron ganar poblaci\u00f3n en 2014, de acuerdo con los datos del \u00faltimo padr\u00f3n oficial, referido al 1 de enero de 2015 y publicado hace unos d\u00edas. En concreto, hubo 91 localidades que vieron crecer su n\u00famero de habitantes, pero apenas representan el [&hellip;]<!-- AddThis Advanced Settings generic via filter on get_the_excerpt --><!-- AddThis Share Buttons generic via filter on get_the_excerpt --><\/p>\n","protected":false},"author":21,"featured_media":0,"comment_status":"open","ping_status":"closed","sticky":false,"template":"","format":"standard","meta":[],"categories":[3],"tags":[12,13,28,40,41,56,58,59,76,82,96,148,164,173,180,204,215,241,243,251,252,257,261,267,272,274,295,306,315,316,319,350,351,355,357,364],"_links":{"self":[{"href":"https:\/\/blogs.hoy.es\/extredato\/wp-json\/wp\/v2\/posts\/208"}],"collection":[{"href":"https:\/\/blogs.hoy.es\/extredato\/wp-json\/wp\/v2\/posts"}],"about":[{"href":"https:\/\/blogs.hoy.es\/extredato\/wp-json\/wp\/v2\/types\/post"}],"author":[{"embeddable":true,"href":"https:\/\/blogs.hoy.es\/extredato\/wp-json\/wp\/v2\/users\/21"}],"replies":[{"embeddable":true,"href":"https:\/\/blogs.hoy.es\/extredato\/wp-json\/wp\/v2\/comments?post=208"}],"version-history":[{"count":0,"href":"https:\/\/blogs.hoy.es\/extredato\/wp-json\/wp\/v2\/posts\/208\/revisions"}],"wp:attachment":[{"href":"https:\/\/blogs.hoy.es\/extredato\/wp-json\/wp\/v2\/media?parent=208"}],"wp:term":[{"taxonomy":"category","embeddable":true,"href":"https:\/\/blogs.hoy.es\/extredato\/wp-json\/wp\/v2\/categories?post=208"},{"taxonomy":"post_tag","embeddable":true,"href":"https:\/\/blogs.hoy.es\/extredato\/wp-json\/wp\/v2\/tags?post=208"}],"curies":[{"name":"wp","href":"https:\/\/api.w.org\/{rel}","templated":true}]}}