{"id":215,"date":"2017-09-07T13:25:12","date_gmt":"2017-09-07T12:25:12","guid":{"rendered":"http:\/\/blogs.hoy.es\/extredato\/?p=215"},"modified":"2017-09-07T15:38:26","modified_gmt":"2017-09-07T14:38:26","slug":"barrio-madrid-viven-mas-extremenos","status":"publish","type":"post","link":"https:\/\/blogs.hoy.es\/extredato\/2017\/09\/07\/barrio-madrid-viven-mas-extremenos\/","title":{"rendered":"\u00bfEn qu\u00e9 barrio de Madrid viven m\u00e1s extreme\u00f1os?"},"content":{"rendered":"<p>Ya sab\u00edamos que <strong>Madrid<\/strong> es la ciudad que acapara <strong>mayor n\u00famero de extreme\u00f1os en el exterior<\/strong>. Seg\u00fan public\u00f3 recientemente el Instituto de Estad\u00edstica de Extremadura, con datos del padr\u00f3n oficial a 1 de enero de 2016, en la capital del pa\u00eds viv\u00edan <strong>85.070 personas nacidas en Extremadura<\/strong>. Es curioso que Madrid es la <strong>segunda ciudad espa\u00f1ola con mayor n\u00famero de extreme\u00f1os de origen<\/strong>, por detr\u00e1s de Badajoz (125.798 de sus 142.331 habitantes), pero por delante de C\u00e1ceres (tiene 79.697 extreme\u00f1os entre sus 91.894 habitantes).<\/p>\n<p>Lo que no se hab\u00eda dado a conocer hasta ahora es la distribuci\u00f3n de los extreme\u00f1os entre los distintos <strong>barrios de Madrid<\/strong>. \u00bfEn cu\u00e1l de ellos viven m\u00e1s paisanos? En <a href=\"http:\/\/www.allisdata.es\" rel=\"external nofollow\">Allisdata<\/a> hemos conseguido los datos del padr\u00f3n del Ayuntamiento de Madrid a 1 de enero de este mismo a\u00f1o. Y vemos que, en cifras absolutas, <strong>el barrio con m\u00e1s personas nacidas en Extremadura es&#8230; Aluche, en el distrito de Latina, con 2.605<\/strong>. Le sigue otro barrio de la misma zona, <strong>Las \u00c1guilas<\/strong>, con 2.295 extreme\u00f1os. Se corresponde, por tanto, con la idea general de que los emigrantes de la regi\u00f3n se instalaron sobre todo en los barrios del sur de Madrid. Sin embargo, el tercero con mayor n\u00famero de extreme\u00f1os est\u00e1 al norte, en <strong>Fuencarral<\/strong>, y es el barrio del Pilar, con 2.079. El <strong>casco hist\u00f3rico de Vallecas<\/strong>, con 2.077, y <strong>San Andr\u00e9s<\/strong>, en el distrito de Villaverde, con 2.014, son los otros barrios que superann los dos millares de extreme\u00f1os.<\/p>\n<p>Ahora bien, esta clasificaci\u00f3n est\u00e1 determinada en parte por el tama\u00f1o de los barrios. Lo m\u00e1s adecuado para evitar esa distorsi\u00f3n es analizar la <strong>densidad de extreme\u00f1os<\/strong>, es decir, el porcentaje de personas nacidas en Extremadura sobre el total de habitantes del barrio. Desde este punto de vista, <strong>el barrio con mayor proporci\u00f3n de extreme\u00f1os es Los \u00c1ngeles, en Villaverde, donde representan el 5,09% del total de la poblaci\u00f3n<\/strong>. Limitando con \u00e9ste se encuentra <strong>Orcasitas<\/strong>, ya en el distrito de Usera, con el 4,97%. Les siguen <strong>Ambroz <\/strong>(no cabe nombre m\u00e1s extreme\u00f1o), en Vic\u00e1lvaro, con el 4,69%; <strong>San Andr\u00e9s<\/strong>, en Villaverde, con el 4,64%; y <strong>Palomeras Suroeste<\/strong>, en el Puente de Vallecas, con el 4,54%.<\/p>\n<p>Si ponemos los datos en un mapa, observamos que la mayor concentraci\u00f3n de extreme\u00f1os se localiza en los barrios del arco sur de Madrid, aunque tambi\u00e9n destacan zonas del norte como el barrio del Pilar, El Pardo y el barrio del Aeropuerto. En el siguiente <span style=\"text-decoration: underline;\">gr\u00e1fico interactivo<\/span> se pueden consultar los datos de cada barrio:<\/p>\n<p><iframe loading=\"lazy\" src=\"https:\/\/allisdata.carto.com\/viz\/b31f87d9-788c-474a-9656-8f0a2f43f1b5\/embed_map\" width=\"100%\" height=\"520\" frameborder=\"0\" allowfullscreen=\"allowfullscreen\"><\/iframe><\/p>\n<p>Otra curiosidad es que <strong>la poblaci\u00f3n de extreme\u00f1os en Madrid no ha dejado de reducirse<\/strong>. Seg\u00fan el adelanto del padr\u00f3n a 1 de enero de 2017 realizado por el Ayuntamiento de la capital, ahora hay 83.871 extreme\u00f1os residentes. Son 16.309 menos que hace una d\u00e9cada, cifra que supone una bajada del 16,3%.<\/p>\n<div id=\"highcharts-eledugi\"><script src='\/\/cloud.highcharts.com\/inject\/eledugi\/2' defer='defer'><\/script><\/div>\n<!-- AddThis Advanced Settings generic via filter on the_content --><!-- AddThis Share Buttons generic via filter on the_content -->","protected":false},"excerpt":{"rendered":"<p>Ya sab\u00edamos que Madrid es la ciudad que acapara mayor n\u00famero de extreme\u00f1os en el exterior. Seg\u00fan public\u00f3 recientemente el Instituto de Estad\u00edstica de Extremadura, con datos del padr\u00f3n oficial a 1 de enero de 2016, en la capital del pa\u00eds viv\u00edan 85.070 personas nacidas en Extremadura. Es curioso que Madrid es la segunda ciudad [&hellip;]<!-- AddThis Advanced Settings generic via filter on get_the_excerpt --><!-- AddThis Share Buttons generic via filter on get_the_excerpt --><\/p>\n","protected":false},"author":21,"featured_media":221,"comment_status":"open","ping_status":"closed","sticky":false,"template":"","format":"standard","meta":[],"categories":[3],"tags":[373,374,148,149,150,227,261,274],"_links":{"self":[{"href":"https:\/\/blogs.hoy.es\/extredato\/wp-json\/wp\/v2\/posts\/215"}],"collection":[{"href":"https:\/\/blogs.hoy.es\/extredato\/wp-json\/wp\/v2\/posts"}],"about":[{"href":"https:\/\/blogs.hoy.es\/extredato\/wp-json\/wp\/v2\/types\/post"}],"author":[{"embeddable":true,"href":"https:\/\/blogs.hoy.es\/extredato\/wp-json\/wp\/v2\/users\/21"}],"replies":[{"embeddable":true,"href":"https:\/\/blogs.hoy.es\/extredato\/wp-json\/wp\/v2\/comments?post=215"}],"version-history":[{"count":5,"href":"https:\/\/blogs.hoy.es\/extredato\/wp-json\/wp\/v2\/posts\/215\/revisions"}],"predecessor-version":[{"id":220,"href":"https:\/\/blogs.hoy.es\/extredato\/wp-json\/wp\/v2\/posts\/215\/revisions\/220"}],"wp:featuredmedia":[{"embeddable":true,"href":"https:\/\/blogs.hoy.es\/extredato\/wp-json\/wp\/v2\/media\/221"}],"wp:attachment":[{"href":"https:\/\/blogs.hoy.es\/extredato\/wp-json\/wp\/v2\/media?parent=215"}],"wp:term":[{"taxonomy":"category","embeddable":true,"href":"https:\/\/blogs.hoy.es\/extredato\/wp-json\/wp\/v2\/categories?post=215"},{"taxonomy":"post_tag","embeddable":true,"href":"https:\/\/blogs.hoy.es\/extredato\/wp-json\/wp\/v2\/tags?post=215"}],"curies":[{"name":"wp","href":"https:\/\/api.w.org\/{rel}","templated":true}]}}