{"id":233,"date":"2018-03-22T10:09:53","date_gmt":"2018-03-22T09:09:53","guid":{"rendered":"http:\/\/blogs.hoy.es\/extredato\/?p=233"},"modified":"2018-03-22T10:20:41","modified_gmt":"2018-03-22T09:20:41","slug":"en-que-paises-viven-mas-extremenos","status":"publish","type":"post","link":"https:\/\/blogs.hoy.es\/extredato\/2018\/03\/22\/en-que-paises-viven-mas-extremenos\/","title":{"rendered":"\u00bfEn qu\u00e9 pa\u00edses viven m\u00e1s extreme\u00f1os?"},"content":{"rendered":"<p>Los recientes datos del Padr\u00f3n de Espa\u00f1oles Residentes en el Exterior (PERE), publicados por el Instituto Nacional de Estad\u00edstica, indican que <strong>el n\u00famero de extreme\u00f1os en el extranjero sigue subiendo<\/strong>. Pero tambi\u00e9n se aprecia que <strong>el ritmo de subida se est\u00e1 frenando<\/strong>.<\/p>\n<p>En concreto, a 1 de enero de 2018 hab\u00eda <strong>31.220 personas con nacionalidad espa\u00f1ola residentes en otros pa\u00edses e inscritos a efectos electorales en Extremadura<\/strong>. Es la cifra m\u00e1s alta desde que comenz\u00f3 a elaborarse esta estad\u00edstica en 2009. Si se compara con un a\u00f1o antes, se ha producido un aumento de 566 personas, un 1,85%. Ahora bien, es la menor subida de los \u00faltimos cuatro a\u00f1os y supone casi la mitad que el aumento producido a lo largo de 2014.<\/p>\n<p>Hay que se\u00f1alar que este incremento de 566 personas no quiere decir que a lo largo del a\u00f1o pasado emigraran 566 extreme\u00f1os. En realidad, se produjeron 1.304 nuevas inscripciones de espa\u00f1oles residentes en el extranjero, aunque se desconoce la motivaci\u00f3n (emigraci\u00f3n, adquisici\u00f3n de nacionalidad, retorno de nacionalizados o nacimientos de hijos de espa\u00f1oles). Pero tambi\u00e9n se produjeron 738 bajas (por retorno, fallecimiento o p\u00e9rdida de la nacionalidad), de ah\u00ed que el saldo sea esa subida de 566 personas. La estad\u00edstica no contabiliza a quienes se marchan o regresan sin declarar esos movimientos en las embajadas y consulados de Espa\u00f1a.<\/p>\n<div id=\"highcharts-SJo-T-e5M\"><script src=\"https:\/\/cloud.highcharts.com\/inject\/SJo-T-e5M\/\" defer=\"defer\"><\/script><\/div>\n<p>Entrando en los detalles, se ve que <strong>quienes siguen impulsando casi todo ese crecimiento no son espa\u00f1oles de origen<\/strong>, sino personas que tienen la nacionalidad espa\u00f1ola sin haber nacido en Espa\u00f1a. Es el caso de los hijos de los espa\u00f1oles que residen en el extranjero o el de aquellos inmigrantes que, tras adquirirar la nacionalidad espa\u00f1ola, regresan a sus pa\u00edses de origen. O tambi\u00e9n, sobre todo en a\u00f1os anteriores, el de descendientes de espa\u00f1oles a los que se les ha concedido la nacionalidad en virtud de la Ley de Memoria Hist\u00f3rica. Si el n\u00famero total de extreme\u00f1os en el extranjero ha subido en 566 personas, la cifra de esos extreme\u00f1os no nacidos en Espa\u00f1a ha aumentado en 492 personas, mientras que la de los espa\u00f1oles de origen tan s\u00f3lo lo ha hecho en 81.<\/p>\n<p>No es un hecho espor\u00e1dico, sino que responde a una tendencia m\u00e1s o menos constante que se viene produciendo desde el inicio de esta estad\u00edstica.<\/p>\n<div id=\"highcharts-BJCiKfe9z\"><script src=\"https:\/\/cloud.highcharts.com\/inject\/BJCiKfe9z\/\" defer=\"defer\"><\/script><\/div>\n<p>Los datos del INE revelan, adem\u00e1s, que el n\u00famero de ciudadanos espa\u00f1oles realmente nacidos en Extremadura y residentes en el extranjero -al margen de si est\u00e1n inscritas aqu\u00ed o en otra comunidad- se ha situado en 16.709. Son tan s\u00f3lo 72 m\u00e1s que el a\u00f1o anterior, un 0,43%. Es decir, un ritmo de subida muy bajo.<\/p>\n<p>La <strong>edad media<\/strong> de los extreme\u00f1os que viven en otros pa\u00edses es de <strong>46 a\u00f1os<\/strong>. El tramo entre los 50 y los 59 a\u00f1os es el m\u00e1s numeroso, con un 15% del total. Una cuarta parte de esos extreme\u00f1os tiene entre 20 y 40 a\u00f1os y otra cuarta parte est\u00e1 en edad de jubilaci\u00f3n.<\/p>\n<p>Como pa\u00eds de destino <strong>destaca con claridad Francia, donde reside una cuarta parte de los extreme\u00f1os en el extranjero<\/strong>. A principios de este a\u00f1o resid\u00edan all\u00ed 8.291 extreme\u00f1os, el 26,56% del total de los espa\u00f1oles inscritos en la regi\u00f3n. Por detr\u00e1s est\u00e1n Alemania, con 5.286 (16,93%), y Argentina, con 3.752 (12,02%). Estos tres pa\u00edses re\u00fanen a m\u00e1s de la mitad de los extreme\u00f1os que hay fuera de Espa\u00f1a. Si se cuentan los diez primeros pa\u00edses (junto a los tres mencionados est\u00e1n Suiza, Brasil, Reino Unido, B\u00e9lgica, Estados Unidos, M\u00e9xico y Portugal), se abarca casi el 83% del total. Es curioso que en Portugal, pese a su proximidad (o, tal vez, a causa de ella), tan s\u00f3lo hay 704 extreme\u00f1os residentes.<\/p>\n<div id=\"highcharts-H1nbozecG\"><script src=\"https:\/\/cloud.highcharts.com\/inject\/H1nbozecG\/\" defer=\"defer\"><\/script><\/div>\n<p>Entre esos principales pa\u00edses, <strong>el que m\u00e1s est\u00e1 viendo crecer la cifra de extreme\u00f1os residentes es el Reino Unido<\/strong>, uno de los destinos m\u00e1s atractivos para la emigraci\u00f3n actual de los j\u00f3venes, que en el \u00faltimo a\u00f1o ha ganado 113 extreme\u00f1os, un 10,59%. En tan s\u00f3lo cinco a\u00f1os, la poblaci\u00f3n de extreme\u00f1os residentes en este pa\u00eds ha crecido un 68,3%.<\/p>\n<p>Otros destinos europeos que m\u00e1s extreme\u00f1os sumaron el a\u00f1o pasado son <strong>Suecia <\/strong>(10,42%) e <strong>Irlanda <\/strong>(14,12%), aunque apenas rondan el centenar de residentes totales. En el \u00faltimo lustro casi se ha duplicado la cifra de extreme\u00f1os en Irlanda (90,2%) y Austria (98,1%) y tambi\u00e9n ha crecido muy notablemente en Noruega (76,5%), Suecia (63,1%), Dinamarca (46,7%) o Italia (41,3%).<\/p>\n<p>En Am\u00e9rica destacan <strong>Ecuador y Bolivia<\/strong>, pa\u00edses en los que el n\u00famero de extreme\u00f1os ha crecido un 20,16% y un 10,87%, respectivamente, sobre todo por aquellos que no han nacido en Extremadura. Se deduce, por tanto, que en estos casos tiene mucho que ver el retorno a sus pa\u00edses de origen por parte de inmigrantes que han conseguido la nacionalidad espa\u00f1ola. De hecho, la poblaci\u00f3n extreme\u00f1a en Ecuador se ha triplicado en los \u00faltimos cinco a\u00f1os.<\/p>\n<p>Por el oriente, el caso m\u00e1s llamativo es el de los <strong>Emiratos \u00c1rabes Unidos<\/strong>. Aunque la presencia de extreme\u00f1os es relativamente escasa (50), el a\u00f1o pasado subi\u00f3 un 21,95% y acumula un 212,5% en el \u00faltimo lustro.<\/p>\n<p>En el siguiente mapa interactivo se puede consultar el detalle por pa\u00edses:<\/p>\n<div class='tableauPlaceholder' id='viz1521709584362' style='position: relative'><noscript><a href=\"#\"><img alt='Dashboard 1 ' src='https:&#47;&#47;public.tableau.com&#47;static&#47;images&#47;Ex&#47;Extremeosenelextranjero&#47;Dashboard1&#47;1_rss.png' style='border: none' \/><\/a><\/noscript><object class='tableauViz'  style='display:none;'><param name='host_url' value='https%3A%2F%2Fpublic.tableau.com%2F' \/><param name='embed_code_version' value='3' \/><param name='site_root' value='' \/><param name='name' value='Extremeosenelextranjero&#47;Dashboard1' \/><param name='tabs' value='no' \/><param name='toolbar' value='yes' \/><param name='static_image' value='https:&#47;&#47;public.tableau.com&#47;static&#47;images&#47;Ex&#47;Extremeosenelextranjero&#47;Dashboard1&#47;1.png' \/><param name='animate_transition' value='yes' \/><param name='display_static_image' value='yes' \/><param name='display_spinner' value='yes' \/><param name='display_overlay' value='yes' \/><param name='display_count' value='yes' \/><param name='filter' value='publish=yes' \/><\/object><\/div>\n<p>                <script type='text\/javascript'>                    var divElement = document.getElementById('viz1521709584362');                    var vizElement = divElement.getElementsByTagName('object')[0];                    vizElement.style.minWidth='320px';vizElement.style.maxWidth='650px';vizElement.style.width='100%';vizElement.style.minHeight='427px';vizElement.style.maxHeight='887px';vizElement.style.height=(divElement.offsetWidth*0.75)+'px';                    var scriptElement = document.createElement('script');                    scriptElement.src = 'https:\/\/public.tableau.com\/javascripts\/api\/viz_v1.js';                    vizElement.parentNode.insertBefore(scriptElement, vizElement);                <\/script><\/p>\n<!-- AddThis Advanced Settings generic via filter on the_content --><!-- AddThis Share Buttons generic via filter on the_content -->","protected":false},"excerpt":{"rendered":"<p>Los recientes datos del Padr\u00f3n de Espa\u00f1oles Residentes en el Exterior (PERE), publicados por el Instituto Nacional de Estad\u00edstica, indican que el n\u00famero de extreme\u00f1os en el extranjero sigue subiendo. Pero tambi\u00e9n se aprecia que el ritmo de subida se est\u00e1 frenando. En concreto, a 1 de enero de 2018 hab\u00eda 31.220 personas con nacionalidad [&hellip;]<!-- AddThis Advanced Settings generic via filter on get_the_excerpt --><!-- AddThis Share Buttons generic via filter on get_the_excerpt --><\/p>\n","protected":false},"author":21,"featured_media":0,"comment_status":"open","ping_status":"closed","sticky":false,"template":"","format":"standard","meta":[],"categories":[3],"tags":[129,382,148,150,381,380,284,296,356],"_links":{"self":[{"href":"https:\/\/blogs.hoy.es\/extredato\/wp-json\/wp\/v2\/posts\/233"}],"collection":[{"href":"https:\/\/blogs.hoy.es\/extredato\/wp-json\/wp\/v2\/posts"}],"about":[{"href":"https:\/\/blogs.hoy.es\/extredato\/wp-json\/wp\/v2\/types\/post"}],"author":[{"embeddable":true,"href":"https:\/\/blogs.hoy.es\/extredato\/wp-json\/wp\/v2\/users\/21"}],"replies":[{"embeddable":true,"href":"https:\/\/blogs.hoy.es\/extredato\/wp-json\/wp\/v2\/comments?post=233"}],"version-history":[{"count":9,"href":"https:\/\/blogs.hoy.es\/extredato\/wp-json\/wp\/v2\/posts\/233\/revisions"}],"predecessor-version":[{"id":243,"href":"https:\/\/blogs.hoy.es\/extredato\/wp-json\/wp\/v2\/posts\/233\/revisions\/243"}],"wp:attachment":[{"href":"https:\/\/blogs.hoy.es\/extredato\/wp-json\/wp\/v2\/media?parent=233"}],"wp:term":[{"taxonomy":"category","embeddable":true,"href":"https:\/\/blogs.hoy.es\/extredato\/wp-json\/wp\/v2\/categories?post=233"},{"taxonomy":"post_tag","embeddable":true,"href":"https:\/\/blogs.hoy.es\/extredato\/wp-json\/wp\/v2\/tags?post=233"}],"curies":[{"name":"wp","href":"https:\/\/api.w.org\/{rel}","templated":true}]}}