{"id":256,"date":"2018-08-06T11:21:24","date_gmt":"2018-08-06T10:21:24","guid":{"rendered":"http:\/\/blogs.hoy.es\/extredato\/?p=256"},"modified":"2018-08-06T11:24:52","modified_gmt":"2018-08-06T10:24:52","slug":"sorpresa-demoscopica","status":"publish","type":"post","link":"https:\/\/blogs.hoy.es\/extredato\/2018\/08\/06\/sorpresa-demoscopica\/","title":{"rendered":"Sorpresa demosc\u00f3pica"},"content":{"rendered":"<p>La primera ola de calor de este verano ha llegado acompa\u00f1ada de otra ola, en este caso demosc\u00f3pica: el <strong>bar\u00f3metro del CIS de julio<\/strong>. Como es habitual por estas fechas, conocemos otra de sus encuestas con intenci\u00f3n de voto, que sirve para otear el panorama antes de las vacaciones pol\u00edticas. Pero en esta ocasi\u00f3n el bar\u00f3metro, \u00a0el <strong>primero de este tipo desde que Pedro S\u00e1nchez preside el Gobierno<\/strong>, trae bastantes datos importantes.<\/p>\n<p>El primero de ellos es la estimaci\u00f3n de voto, seg\u00fan la cual <strong>el PSOE se dispara casi ocho puntos <\/strong>y ganar\u00eda ahora las elecciones generales con el 29,9% de los votos. Tendr\u00eda una ventaja de cerca de diez puntos sobre el PP, que se quedar\u00eda en el 20,4%, el mismo porcentaje que Ciudadanos, mientras que Unidos Podemos bajar\u00eda al 15,6%, uno de sus peores resultados.<\/p>\n<p><strong>La subida de los socialistas se ve\u00eda venir<\/strong>, porque todos los sondeos publicados en las \u00faltimas semanas colocaban al PSOE en primera posici\u00f3n, pero el pron\u00f3stico del CIS supera a todos los dem\u00e1s. Sorprende, puesto que el bar\u00f3metro de abril de este organismo p\u00fablico se mostr\u00f3 bastante m\u00e1s moderado con el crecimiento que viv\u00eda Ciudadanos hace apenas tres meses. De ah\u00ed que algunos partidos aseguren ver en este sondeo la mano del nuevo presidente del CIS, el soci\u00f3logo Jos\u00e9 F\u00e9lix Tezanos, hasta hace poco secretario de Estudios y Programas del PSOE.<\/p>\n<div id=\"highcharts-Ez9c10Fmm\"><script src=\"https:\/\/cloud.highcharts.com\/inject\/Ez9c10Fmm\/\" defer=\"defer\"><\/script><\/div>\n<p>M\u00e1s all\u00e1 de si el CIS se ha pasado con la \u2018cocina\u2019 \u2013el procedimiento por el que las intenciones y simpat\u00edas de voto declaradas por los ciudadanos se transforman en estimaciones de voto en unas supuestas elecciones\u2013, no hay que perder de vista que el trabajo de campo de este bar\u00f3metro se realiz\u00f3 a principios de julio. Entonces <strong>S\u00e1nchez y su equipo llevaban apenas un mes en el Gobierno <\/strong>y el PP se hallaba en medio de unas <strong>in\u00e9ditas e inciertas primarias<\/strong><strong>, mientras Ciudadanos y Podemos segu\u00edan buscando sitio en el nuevo tablero de juego. Adem\u00e1s, en los \u00faltimos a\u00f1os se ha consolidado en Espa\u00f1a una <strong>volatilidad de voto<\/strong> que la partida puede volver a cambiar en poco tiempo.<\/strong><\/p>\n<p>Acercando la lupa, este bar\u00f3metro deja algunos datos muy interesantes para el an\u00e1lisis. Por ejemplo, se ve que el <strong>PP retiene cada vez a un menor porcentaje de su electorado<\/strong> de las \u00faltimas generales: s\u00f3lo el 58,5% de quienes les apoyaron entonces volver\u00eda a hacerlo ahora (en abril, con Rajoy todav\u00eda en el Gobierno, era el 63,2%). Un 21,5% optar\u00eda ahora por Ciudadanos y un 10,6% se abstendr\u00eda. En cambio, <strong>el PSOE se beneficia por un lado de una reactivaci\u00f3n de sus votantes<\/strong>: la retenci\u00f3n de voto sube al 84,4%, gracias sobre todo a que quienes pensaban irse a la abstenci\u00f3n se han reducido al 5,2%, menos de la mitad que en abril. Y, por otro, atraer\u00eda a un 8% de los votantes de Ciudadanos, a un 3,9% del PP y al menos a un 14% de los de Unidos Podemos y sus confluencias.<\/p>\n<div id=\"attachment_258\" style=\"width: 610px\" class=\"wp-caption alignnone\"><a href=\"https:\/\/static-blogs.hoy.es\/wp-content\/uploads\/sites\/17\/2018\/08\/transferenciasvotojul16-e1533550026381.png\"><img aria-describedby=\"caption-attachment-258\" loading=\"lazy\" class=\"wp-image-258 size-full\" src=\"https:\/\/static-blogs.hoy.es\/wp-content\/uploads\/sites\/17\/2018\/08\/transferenciasvotojul16-e1533550026381.png\" alt=\"Tabla de transferencia de votos\" width=\"600\" height=\"179\" \/><\/a><p id=\"caption-attachment-258\" class=\"wp-caption-text\">As\u00ed se mover\u00eda el voto en comparaci\u00f3n con 2016. Elaboraci\u00f3n propia a partir de datos del CIS<\/p><\/div>\n<p>Desde el punto de vista ideol\u00f3gico, <strong>los socialistas recuperan espacio frente a Podemos o Ciudadanos entre quienes se ubican en el centro-izquierda<\/strong>. Y se imponen ahora en intenci\u00f3n de voto y simpat\u00eda en todas las franjas de edad superiores a los 25 a\u00f1os, incluso entre los mayores de 65, quienes ven\u00edan confiando mayoritariamente en el PP.<\/p>\n<p>El buen momento del PSOE se refleja tambi\u00e9n a la valoraci\u00f3n de su l\u00edder. <strong>Pedro S\u00e1nchez<\/strong> ha alcanzado en este sondeo la puntuaci\u00f3n media m\u00e1s alta desde que sale en los bar\u00f3metros del CIS. Justo lo contrario le ocurre a <strong>Albert Rivera, que obtiene su valoraci\u00f3n m\u00e1s baja de la serie hist\u00f3rica<\/strong>. Mariano Rajoy, reci\u00e9n salido del Gobierno, mejor algo su valoraci\u00f3n, pero sin llegar al nivel de alcanz\u00f3 las tras \u00faltimas elecciones. Y Pablo Iglesias tambi\u00e9n recupera puntuaci\u00f3n, seguramente por su papel en la moci\u00f3n de censura, pero tampoco llega a las cifras de hace un par de a\u00f1os.<\/p>\n<div id=\"highcharts-5fpTPx6di\"><script src=\"https:\/\/cloud.highcharts.com\/inject\/5fpTPx6di\/\" defer=\"defer\"><\/script><\/div>\n<p>Para saber si la recuperaci\u00f3n del PSOE es un efecto pasajero o no <strong>habr\u00e1 que esperar al bar\u00f3metro de octubre<\/strong>, una vez superado el periodo de gracia de los primeros cien d\u00edas de gobierno y el rodaje del nuevo liderazgo de Pablo Casado en el PP y se sepa si habr\u00e1 presupuestos para el pr\u00f3ximo a\u00f1o. Queda menos de un a\u00f1o para las europeas, auton\u00f3micas y municipales y <strong>la tensi\u00f3n electoral va en aumento<\/strong>.<\/p>\n<!-- AddThis Advanced Settings generic via filter on the_content --><!-- AddThis Share Buttons generic via filter on the_content -->","protected":false},"excerpt":{"rendered":"<p>La primera ola de calor de este verano ha llegado acompa\u00f1ada de otra ola, en este caso demosc\u00f3pica: el bar\u00f3metro del CIS de julio. Como es habitual por estas fechas, conocemos otra de sus encuestas con intenci\u00f3n de voto, que sirve para otear el panorama antes de las vacaciones pol\u00edticas. Pero en esta ocasi\u00f3n el [&hellip;]<!-- AddThis Advanced Settings generic via filter on get_the_excerpt --><!-- AddThis Share Buttons generic via filter on get_the_excerpt --><\/p>\n","protected":false},"author":21,"featured_media":0,"comment_status":"open","ping_status":"closed","sticky":false,"template":"","format":"standard","meta":[],"categories":[7],"tags":[384,383,385,127,387,281,289,386,388],"_links":{"self":[{"href":"https:\/\/blogs.hoy.es\/extredato\/wp-json\/wp\/v2\/posts\/256"}],"collection":[{"href":"https:\/\/blogs.hoy.es\/extredato\/wp-json\/wp\/v2\/posts"}],"about":[{"href":"https:\/\/blogs.hoy.es\/extredato\/wp-json\/wp\/v2\/types\/post"}],"author":[{"embeddable":true,"href":"https:\/\/blogs.hoy.es\/extredato\/wp-json\/wp\/v2\/users\/21"}],"replies":[{"embeddable":true,"href":"https:\/\/blogs.hoy.es\/extredato\/wp-json\/wp\/v2\/comments?post=256"}],"version-history":[{"count":5,"href":"https:\/\/blogs.hoy.es\/extredato\/wp-json\/wp\/v2\/posts\/256\/revisions"}],"predecessor-version":[{"id":262,"href":"https:\/\/blogs.hoy.es\/extredato\/wp-json\/wp\/v2\/posts\/256\/revisions\/262"}],"wp:attachment":[{"href":"https:\/\/blogs.hoy.es\/extredato\/wp-json\/wp\/v2\/media?parent=256"}],"wp:term":[{"taxonomy":"category","embeddable":true,"href":"https:\/\/blogs.hoy.es\/extredato\/wp-json\/wp\/v2\/categories?post=256"},{"taxonomy":"post_tag","embeddable":true,"href":"https:\/\/blogs.hoy.es\/extredato\/wp-json\/wp\/v2\/tags?post=256"}],"curies":[{"name":"wp","href":"https:\/\/api.w.org\/{rel}","templated":true}]}}