{"id":31,"date":"2012-04-19T18:54:36","date_gmt":"2012-04-19T17:54:36","guid":{"rendered":"http:\/\/blogs.hoy.es\/extredato\/?p=31"},"modified":"2012-04-19T18:54:36","modified_gmt":"2012-04-19T17:54:36","slug":"el-numero-de-extremenos-en-el-exterior-baja-de-600-000","status":"publish","type":"post","link":"https:\/\/blogs.hoy.es\/extredato\/2012\/04\/19\/el-numero-de-extremenos-en-el-exterior-baja-de-600-000\/","title":{"rendered":"El n\u00famero de extreme\u00f1os en el exterior baja de 600.000"},"content":{"rendered":"<p><strong>La poblaci\u00f3n extreme\u00f1a en el exterior contin\u00faa descendiendo sin pausa<\/strong>. A 1 de enero de 2012, el n\u00famero de personas nacidas en Extremadura y afincadas en otras regiones espa\u00f1olas baja del nivel de los 600.000 y se sit\u00faa en <strong>592.240 personas, 7.909 menos<\/strong> (-1,32%) que el a\u00f1o anterior, seg\u00fan el <a href=\"http:\/\/www.ine.es\/prensa\/np710.pdf\" target=\"_blank\" rel=\"external nofollow\">avance del Padr\u00f3n Municipal<\/a> publicado hoy por el INE.<\/p>\n<div>Por volumen, <strong>los mayores descensos se producen en Madrid<\/strong>, con 2.607 extreme\u00f1os menos, y <strong>Catalu\u00f1a<\/strong>, con 2.211 menos. Tambi\u00e9n hay ca\u00eddas mayores que la media en Asturias, Baleares, Cantabria, Comunidad Valenciana, Pa\u00eds Vasco, Andaluc\u00eda y La Rioja. La \u00fanica comunidad aut\u00f3noma que gana extreme\u00f1os de nacimiento es Canarias, con 15 m\u00e1s que el a\u00f1o anterior.<\/div>\n<p>En general, <strong>uno de cada tres extreme\u00f1os en el exterior reside en Madrid<\/strong>, que suma 214.180 personas. Le siguen Catalu\u00f1a, con 131.883 extreme\u00f1os, y a m\u00e1s distancia Andaluc\u00eda, con 59.957, y Pa\u00eds Vasco, con 56.467, que son las comunidades que hist\u00f3ricamente han acogido al grueso de la emigraci\u00f3n extreme\u00f1a.<\/p>\n<div>Si miramos la evoluci\u00f3n de la \u00faltima d\u00e9cada, las \u00fanicas regiones que han sumado extreme\u00f1os son Castilla-La Mancha (3.186), Galicia (175), Murcia (166), Cantabria (109), Castilla y Le\u00f3n (94) y La Rioja (10).<\/div>\n<p><strong>Cada vez menos extreme\u00f1os<\/strong><\/p>\n<div>Otro dato significativo es que <strong>el n\u00famero de extreme\u00f1os tambi\u00e9n cae dentro de la propia Extremadura<\/strong>. En concreto, disminuye en 4.007 personas, hasta situarse en 946.230 personas. No obstante, como el descenso es menor con respecto a los que est\u00e1n fuera, el porcentaje de extreme\u00f1os residentes en la regi\u00f3n sube hasta el 61,5%, mientras que el de <strong>los emigrantes a otras regiones baja al 38,5%<\/strong>.<\/div>\n<p>Sumando los datos parciales tenemos que el <strong>n\u00famero total de extreme\u00f1os<\/strong> que viven en Espa\u00f1a es de 1.538.470, lo que supone un descenso de <strong>casi 12.000 extreme\u00f1os en el \u00faltimo a\u00f1o y cerca de 77.000 desde el a\u00f1o 2002<\/strong>.<\/p>\n<table width=\"432\" border=\"0\" cellspacing=\"0\" cellpadding=\"0\">\n<colgroup>\n<col width=\"148\" \/>\n<col width=\"65\" \/>\n<col width=\"16\" \/>\n<col span=\"2\" width=\"65\" \/> <\/colgroup>\n<tbody>\n<tr>\n<td width=\"148\" height=\"16\"><strong>\u00a0N\u00ba personas nacidas en Extremadura<\/strong><\/td>\n<td width=\"65\"><\/td>\n<td width=\"16\"><\/td>\n<td style=\"text-align: center;\" colspan=\"2\" width=\"130\">2012\/2011<\/td>\n<\/tr>\n<tr>\n<td style=\"text-align: center;\" height=\"16\">\u00a0C.A. residencia<\/td>\n<td style=\"text-align: center;\"><strong>2012<\/strong><\/td>\n<td><\/td>\n<td style=\"text-align: center;\">Total<\/td>\n<td style=\"text-align: center;\">Dif. %<\/td>\n<\/tr>\n<tr>\n<td style=\"text-align: left;\" width=\"148\" height=\"16\"><strong>Extremadura<\/strong><\/td>\n<td style=\"text-align: right;\"><strong>946.230<\/strong><\/td>\n<td><\/td>\n<td align=\"right\"><strong>-4.007<\/strong><\/td>\n<td align=\"right\"><strong>-0,42%<\/strong><\/td>\n<\/tr>\n<tr>\n<td height=\"16\"><\/td>\n<td><\/td>\n<td><\/td>\n<td><\/td>\n<td><\/td>\n<\/tr>\n<tr>\n<td width=\"148\" height=\"15\">Andaluc\u00eda<\/td>\n<td style=\"text-align: right;\">59.957<\/td>\n<td><\/td>\n<td align=\"right\">-844<\/td>\n<td align=\"right\">-1,39%<\/td>\n<\/tr>\n<tr>\n<td width=\"148\" height=\"15\">Arag\u00f3n<\/td>\n<td style=\"text-align: right;\">7.997<\/td>\n<td><\/td>\n<td align=\"right\">-95<\/td>\n<td align=\"right\">-1,17%<\/td>\n<\/tr>\n<tr>\n<td width=\"148\" height=\"15\">Asturias<\/td>\n<td style=\"text-align: right;\">6.563<\/td>\n<td><\/td>\n<td align=\"right\">-119<\/td>\n<td align=\"right\">-1,78%<\/td>\n<\/tr>\n<tr>\n<td width=\"148\" height=\"15\">Baleares<\/td>\n<td style=\"text-align: right;\">12.404<\/td>\n<td><\/td>\n<td align=\"right\">-207<\/td>\n<td align=\"right\">-1,64%<\/td>\n<\/tr>\n<tr>\n<td width=\"148\" height=\"15\">Canarias<\/td>\n<td style=\"text-align: right;\">5.033<\/td>\n<td><\/td>\n<td align=\"right\">15<\/td>\n<td align=\"right\">0,30%<\/td>\n<\/tr>\n<tr>\n<td width=\"148\" height=\"15\">Cantabria<\/td>\n<td style=\"text-align: right;\">2.421<\/td>\n<td><\/td>\n<td align=\"right\">-39<\/td>\n<td align=\"right\">-1,59%<\/td>\n<\/tr>\n<tr>\n<td width=\"148\" height=\"15\">Castilla y Le\u00f3n<\/td>\n<td style=\"text-align: right;\">19.513<\/td>\n<td><\/td>\n<td align=\"right\">-129<\/td>\n<td align=\"right\">-0,66%<\/td>\n<\/tr>\n<tr>\n<td width=\"148\" height=\"15\">Castilla-La Mancha<\/td>\n<td style=\"text-align: right;\">27.889<\/td>\n<td><\/td>\n<td align=\"right\">-200<\/td>\n<td align=\"right\">-0,71%<\/td>\n<\/tr>\n<tr>\n<td width=\"148\" height=\"15\">Catalu\u00f1a<\/td>\n<td style=\"text-align: right;\">131.883<\/td>\n<td><\/td>\n<td align=\"right\">-2.211<\/td>\n<td align=\"right\">-1,65%<\/td>\n<\/tr>\n<tr>\n<td style=\"text-align: left;\" width=\"148\" height=\"15\">Comunitat Valenciana<\/td>\n<td style=\"text-align: right;\">32.288<\/td>\n<td><\/td>\n<td align=\"right\">-497<\/td>\n<td align=\"right\">-1,52%<\/td>\n<\/tr>\n<tr>\n<td width=\"148\" height=\"15\">Galicia<\/td>\n<td style=\"text-align: right;\">3.628<\/td>\n<td><\/td>\n<td align=\"right\">-19<\/td>\n<td align=\"right\">-0,52%<\/td>\n<\/tr>\n<tr>\n<td width=\"148\" height=\"15\">Madrid<\/td>\n<td style=\"text-align: right;\">214.180<\/td>\n<td><\/td>\n<td align=\"right\">-2.607<\/td>\n<td align=\"right\">-1,20%<\/td>\n<\/tr>\n<tr>\n<td width=\"148\" height=\"15\">Murcia<\/td>\n<td style=\"text-align: right;\">2.910<\/td>\n<td><\/td>\n<td align=\"right\">-14<\/td>\n<td align=\"right\">-0,48%<\/td>\n<\/tr>\n<tr>\n<td width=\"148\" height=\"15\">Navarra<\/td>\n<td style=\"text-align: right;\">6.197<\/td>\n<td><\/td>\n<td align=\"right\">-80<\/td>\n<td align=\"right\">-1,27%<\/td>\n<\/tr>\n<tr>\n<td width=\"148\" height=\"15\">Pa\u00eds Vasco<\/td>\n<td style=\"text-align: right;\">56.467<\/td>\n<td><\/td>\n<td align=\"right\">-825<\/td>\n<td align=\"right\">-1,44%<\/td>\n<\/tr>\n<tr>\n<td width=\"148\" height=\"15\">La Rioja<\/td>\n<td style=\"text-align: right;\">2.203<\/td>\n<td><\/td>\n<td align=\"right\">-31<\/td>\n<td align=\"right\">-1,39%<\/td>\n<\/tr>\n<tr>\n<td width=\"148\" height=\"15\">Ceuta<\/td>\n<td style=\"text-align: right;\">437<\/td>\n<td><\/td>\n<td align=\"right\">-3<\/td>\n<td align=\"right\">-0,68%<\/td>\n<\/tr>\n<tr>\n<td width=\"148\" height=\"16\">Melilla<\/td>\n<td style=\"text-align: right;\">270<\/td>\n<td><\/td>\n<td align=\"right\">-4<\/td>\n<td align=\"right\">-1,46%<\/td>\n<\/tr>\n<tr>\n<td width=\"148\" height=\"16\"><strong>Total otras regiones<\/strong><\/td>\n<td align=\"right\"><strong>592.240<\/strong><\/td>\n<td><\/td>\n<td align=\"right\"><strong>-7.909<\/strong><\/td>\n<td align=\"right\"><strong>-1,32%<\/strong><\/td>\n<\/tr>\n<tr>\n<td height=\"16\"><\/td>\n<td><\/td>\n<td><\/td>\n<td><\/td>\n<td><\/td>\n<\/tr>\n<tr>\n<td width=\"148\" height=\"16\"><strong>Total extreme\u00f1os<\/strong><\/td>\n<td style=\"text-align: right;\"><strong>1.538.470<\/strong><\/td>\n<td><\/td>\n<td align=\"right\"><strong>-11.916<\/strong><\/td>\n<td align=\"right\"><strong>-0,77%<\/strong><\/td>\n<\/tr>\n<tr>\n<td height=\"15\"><\/td>\n<td><\/td>\n<td><\/td>\n<td><\/td>\n<td><\/td>\n<\/tr>\n<tr>\n<td height=\"16\"><\/td>\n<td><\/td>\n<td><\/td>\n<td><\/td>\n<td><\/td>\n<\/tr>\n<tr>\n<td height=\"16\">% sobre total de extreme\u00f1os<\/td>\n<td><\/td>\n<td><\/td>\n<td><\/td>\n<td><\/td>\n<\/tr>\n<tr>\n<td width=\"148\" height=\"15\">Extremadura<\/td>\n<td align=\"right\"><strong>61,5%<\/strong><\/td>\n<td><\/td>\n<td><\/td>\n<td><\/td>\n<\/tr>\n<tr>\n<td width=\"148\" height=\"16\">Otras regiones<\/td>\n<td align=\"right\"><strong>38,5%<\/strong><\/td>\n<td><\/td>\n<td><\/td>\n<td><\/td>\n<\/tr>\n<\/tbody>\n<\/table>\n<p>En cuanto a <strong>la poblaci\u00f3n residente en Extremadura<\/strong>, el n\u00famero <strong>se ha reducido en 2.662 personas en el \u00faltimo a\u00f1o<\/strong>, de modo que el total baja hasta 1.106.705, un 0,2% menos. <strong>Es el primer descenso en diez a\u00f1os<\/strong>. En cambio, la poblaci\u00f3n extranjera residente en la regi\u00f3n sube en 599 personas, un 1,4%, de modo que suponen ya el 3,8% de la poblaci\u00f3n total de la regi\u00f3n.<\/p>\n<p>Pero <strong>mucho ojo con concluir que la reducci\u00f3n de empadronados en la regi\u00f3n se debe a la emigraci\u00f3n<\/strong>. Ya hemos explicado varias veces en este blog que la evoluci\u00f3n del padr\u00f3n no se debe s\u00f3lo a las migraciones y que hay que tener mucho cuidado para evitar confusiones, puesto que el padr\u00f3n es solo una foto fija de una poblaci\u00f3n concreta en un momento determinado, pero sin detallar a qu\u00e9 se deben los posibles cambios.<\/p>\n<!-- AddThis Advanced Settings generic via filter on the_content --><!-- AddThis Share Buttons generic via filter on the_content -->","protected":false},"excerpt":{"rendered":"<p>La poblaci\u00f3n extreme\u00f1a en el exterior contin\u00faa descendiendo sin pausa. A 1 de enero de 2012, el n\u00famero de personas nacidas en Extremadura y afincadas en otras regiones espa\u00f1olas baja del nivel de los 600.000 y se sit\u00faa en 592.240 personas, 7.909 menos (-1,32%) que el a\u00f1o anterior, seg\u00fan el avance del Padr\u00f3n Municipal publicado [&hellip;]<!-- AddThis Advanced Settings generic via filter on get_the_excerpt --><!-- AddThis Share Buttons generic via filter on get_the_excerpt --><\/p>\n","protected":false},"author":21,"featured_media":0,"comment_status":"open","ping_status":"closed","sticky":false,"template":"","format":"standard","meta":[],"categories":[3],"tags":[148,150,193,261,274],"_links":{"self":[{"href":"https:\/\/blogs.hoy.es\/extredato\/wp-json\/wp\/v2\/posts\/31"}],"collection":[{"href":"https:\/\/blogs.hoy.es\/extredato\/wp-json\/wp\/v2\/posts"}],"about":[{"href":"https:\/\/blogs.hoy.es\/extredato\/wp-json\/wp\/v2\/types\/post"}],"author":[{"embeddable":true,"href":"https:\/\/blogs.hoy.es\/extredato\/wp-json\/wp\/v2\/users\/21"}],"replies":[{"embeddable":true,"href":"https:\/\/blogs.hoy.es\/extredato\/wp-json\/wp\/v2\/comments?post=31"}],"version-history":[{"count":0,"href":"https:\/\/blogs.hoy.es\/extredato\/wp-json\/wp\/v2\/posts\/31\/revisions"}],"wp:attachment":[{"href":"https:\/\/blogs.hoy.es\/extredato\/wp-json\/wp\/v2\/media?parent=31"}],"wp:term":[{"taxonomy":"category","embeddable":true,"href":"https:\/\/blogs.hoy.es\/extredato\/wp-json\/wp\/v2\/categories?post=31"},{"taxonomy":"post_tag","embeddable":true,"href":"https:\/\/blogs.hoy.es\/extredato\/wp-json\/wp\/v2\/tags?post=31"}],"curies":[{"name":"wp","href":"https:\/\/api.w.org\/{rel}","templated":true}]}}