{"id":34,"date":"2012-04-25T11:24:57","date_gmt":"2012-04-25T10:24:57","guid":{"rendered":"http:\/\/blogs.hoy.es\/extredato\/?p=34"},"modified":"2012-04-25T11:24:57","modified_gmt":"2012-04-25T10:24:57","slug":"extremadura-registra-la-mayor-caida-de-recaudacion-tributaria-del-pais","status":"publish","type":"post","link":"https:\/\/blogs.hoy.es\/extredato\/2012\/04\/25\/extremadura-registra-la-mayor-caida-de-recaudacion-tributaria-del-pais\/","title":{"rendered":"Extremadura registra la mayor ca\u00edda de recaudaci\u00f3n tributaria del pa\u00eds"},"content":{"rendered":"<p>La <strong>negativa evoluci\u00f3n de la econom\u00eda extreme\u00f1a<\/strong> en comparaci\u00f3n con la media nacional est\u00e1 dejando su reflejo en los <strong>ingresos tributarios del Estado<\/strong>. En el primer trimestre del a\u00f1o, Extremadura registra <strong>la mayor ca\u00edda<\/strong> de la recaudaci\u00f3n tributaria del pa\u00eds, con un <strong>descenso del 21,2%<\/strong> frente a una disminuci\u00f3n media nacional del 5,9%, seg\u00fan los datos publicados por la <a href=\"http:\/\/www.agenciatributaria.es\" rel=\"external nofollow\">Agencia Tributaria<\/a>.<\/p>\n<p>Hasta marzo, las administraciones p\u00fablicas han recaudado en la regi\u00f3n 236,6 millones de euros, mientras que en el mismo periodo del a\u00f1o anterior hab\u00edan ingresado 300,4 millones.<\/p>\n<p>El dato m\u00e1s negativo es el de la <strong>recaudaci\u00f3n por IVA<\/strong>, que ha ca\u00eddo un 56,2%, al pasar de 99 a 43,4 millones de euros en los tres primeros meses. En cambio, la media nacional solo se reduce un 9,1%.<\/p>\n<p>La otra partida de mayor peso, el <strong>IRPF<\/strong>, experimenta un descenso del 3,8% y baja de 194,7 a 187,4 millones de euros. La media del pa\u00eds solo cae el 0,2%.<\/p>\n<p>Estos importantes recortes en la recaudaci\u00f3n no tendr\u00e1 incidencia inmediata en los ingresos de la Junta de Extremadura, pues el Estado continuar\u00e1 realizando sus transferencia con arreglo a las previsiones presupuestarias. Sin embargo, si la tendencia se mantiene, causar\u00e1 una merma muy importante <strong>dentro de dos a\u00f1os<\/strong>, cuando se liquide el actual ejercicio del sistema de financiaci\u00f3n auton\u00f3mica y haya que devolver lo ingresado de m\u00e1s.<\/p>\n<p>No son buenas noticias, por tanto, para el Gobierno extreme\u00f1o, justo el d\u00eda en que el consejero de Econom\u00eda y Hacienda ha explicado los \u00faltimos ajustes presupuestarios en materia de ingresos y ha anunciado nuevos impuestos.<\/p>\n<!-- AddThis Advanced Settings generic via filter on the_content --><!-- AddThis Share Buttons generic via filter on the_content -->","protected":false},"excerpt":{"rendered":"<p>La negativa evoluci\u00f3n de la econom\u00eda extreme\u00f1a en comparaci\u00f3n con la media nacional est\u00e1 dejando su reflejo en los ingresos tributarios del Estado. En el primer trimestre del a\u00f1o, Extremadura registra la mayor ca\u00edda de la recaudaci\u00f3n tributaria del pa\u00eds, con un descenso del 21,2% frente a una disminuci\u00f3n media nacional del 5,9%, seg\u00fan los [&hellip;]<!-- AddThis Advanced Settings generic via filter on get_the_excerpt --><!-- AddThis Share Buttons generic via filter on get_the_excerpt --><\/p>\n","protected":false},"author":21,"featured_media":0,"comment_status":"open","ping_status":"closed","sticky":false,"template":"","format":"standard","meta":[],"categories":[2],"tags":[148,190,200,202,291],"_links":{"self":[{"href":"https:\/\/blogs.hoy.es\/extredato\/wp-json\/wp\/v2\/posts\/34"}],"collection":[{"href":"https:\/\/blogs.hoy.es\/extredato\/wp-json\/wp\/v2\/posts"}],"about":[{"href":"https:\/\/blogs.hoy.es\/extredato\/wp-json\/wp\/v2\/types\/post"}],"author":[{"embeddable":true,"href":"https:\/\/blogs.hoy.es\/extredato\/wp-json\/wp\/v2\/users\/21"}],"replies":[{"embeddable":true,"href":"https:\/\/blogs.hoy.es\/extredato\/wp-json\/wp\/v2\/comments?post=34"}],"version-history":[{"count":0,"href":"https:\/\/blogs.hoy.es\/extredato\/wp-json\/wp\/v2\/posts\/34\/revisions"}],"wp:attachment":[{"href":"https:\/\/blogs.hoy.es\/extredato\/wp-json\/wp\/v2\/media?parent=34"}],"wp:term":[{"taxonomy":"category","embeddable":true,"href":"https:\/\/blogs.hoy.es\/extredato\/wp-json\/wp\/v2\/categories?post=34"},{"taxonomy":"post_tag","embeddable":true,"href":"https:\/\/blogs.hoy.es\/extredato\/wp-json\/wp\/v2\/tags?post=34"}],"curies":[{"name":"wp","href":"https:\/\/api.w.org\/{rel}","templated":true}]}}