{"id":36,"date":"2012-05-03T13:23:25","date_gmt":"2012-05-03T12:23:25","guid":{"rendered":"http:\/\/blogs.hoy.es\/extredato\/?p=36"},"modified":"2012-05-03T13:23:25","modified_gmt":"2012-05-03T12:23:25","slug":"de-que-se-mueren-los-extremenos","status":"publish","type":"post","link":"https:\/\/blogs.hoy.es\/extredato\/2012\/05\/03\/de-que-se-mueren-los-extremenos\/","title":{"rendered":"\u00bfDe qu\u00e9 se mueren los extreme\u00f1os?"},"content":{"rendered":"<p>No todo en este blog son datos econ\u00f3micos. Hay tambi\u00e9n <strong>algunas estad\u00edsticas curiosas<\/strong> que nos muestran algunas particularidades de la imagen actual de la regi\u00f3n. Es el caso de las <strong>defunciones seg\u00fan causa de muerte<\/strong>, cuyos datos definitivos del a\u00f1o 2010 acaba de publicar el <a href=\"http:\/\/www.ine.es\/jaxi\/menu.do?type=pcaxis&#038;path=\/t15\/p417&#038;file=inebase&#038;L=0\" rel=\"external nofollow\">Instituto Nacional de Estad\u00edstica<\/a>.<\/p>\n<p>Y \u00bfde qu\u00e9 se mueren los extreme\u00f1os? Pues fundamentalmente por tres motivos:<strong> enfermedades circulatorias, tumores y enfermedades respiratorias<\/strong>. <strong>Siete de cada diez extreme\u00f1os que fallecen lo hacen por alguna de estas tres causas<\/strong>.<\/p>\n<p>De los 10.816 fallecimientos registrados en Extremadura en 2010, casi un tercio (3.441 personas, el 31,8%), se debi\u00f3 a enfermedades relacionadas con el sistema circulatorio, sobre todo de <strong>tipo cerebrovascular <\/strong>(969),<strong> infartos <\/strong>(682)<strong> e insuficiencias card\u00edacas <\/strong>(494).<\/p>\n<p>Los <strong>tumores<\/strong> el siguiente grupo m\u00e1s importante, pues acabaron con la vida de 3.023 extreme\u00f1os, el 27,9% del total. Los m\u00e1s repetidos son los de <strong>pulm\u00f3n<\/strong>, bronquios o tr\u00e1quea (626), <strong>colon<\/strong> (331), <strong>est\u00f3mago<\/strong> (178), <strong>mama<\/strong> (162), <strong>p\u00e1ncreas<\/strong> (158) y <strong>pr\u00f3stata<\/strong> (151).<\/p>\n<p>Entre las enfermedades respiratorias, responsables del fallecimiento de 1.254 personas (el 11,6%), destacan las de car\u00e1cter cr\u00f3nico (366) y las neumon\u00edas (336).<\/p>\n<p>Los dem\u00e1s grupos de causas registran porcentajes inferiores al 10%. Las enfermedades del sistema digestivo, por ejemplo, motivaron 605 defunciones; las del sistema nervioso, el 4,2%; las del sistema genitourinario, el 3,1%; las endocrinas, nutricionales y metab\u00f3licas, el 2,7%; las relacionadas con trastornos mentales y del comportamiento, el 2,5%; las infecciones y parasitarias, el 1,8%; y las del sistema osteomuscular, el 1,2%. El resto de los fallecimientos por motivos de salud se debe a enfermedades muy minoritarias o a s\u00edntomas que no han sido clasificados.<\/p>\n<p>No obstante, a\u00fan queda un grupo que no est\u00e1 relacionado con las enfermedades, sino con lo que se denominan &#8220;causas externas&#8221;. Aqu\u00ed se registran 292 casos, el 2,7% del total. En este grupo se incluyen <strong>81 suicidios, 63 fallecidos en accidente de tr\u00e1fico<\/strong> de veh\u00edculos a motor, 26 ahogamientos o sofocaciones accidentales, 21 ca\u00eddas accidentales y 15 casos de complicaciones de la atenci\u00f3n m\u00e9dica y quir\u00fargica.<\/p>\n<p>Por lo que se refiere a los suicidios, la misma estad\u00edstica ofrece datos detallados y dice que <strong>dos de cada tres extreme\u00f1os que se quitan la vida lo hacen por ahorcamiento<\/strong>.<\/p>\n<p>En general, y como se ve en el siguiente cuadro, <strong>no hay diferencias muy significativas de porcentaje<\/strong> entre las causas de defunci\u00f3n en Extremadura y la media nacional.<\/p>\n<table width=\"601\" border=\"0\" cellspacing=\"0\" cellpadding=\"0\">\n<colgroup>\n<col width=\"32\" \/>\n<col width=\"357\" \/>\n<col span=\"4\" width=\"53\" \/> <\/colgroup>\n<tbody>\n<tr>\n<td width=\"32\" height=\"12\"><\/td>\n<td width=\"357\"><\/td>\n<td colspan=\"2\" width=\"106\">Extremadura<\/td>\n<td colspan=\"2\" width=\"106\">Espa\u00f1a<\/td>\n<\/tr>\n<tr>\n<td colspan=\"2\" width=\"389\" height=\"12\">Todas las causas<\/td>\n<td>10.816<\/td>\n<td><\/td>\n<td>382.047<\/td>\n<td><\/td>\n<\/tr>\n<tr>\n<td colspan=\"2\" width=\"389\" height=\"12\">I.Enfermedades infecciosas y parasitarias<\/td>\n<td>190<\/td>\n<td>1,8%<\/td>\n<td>6.489<\/td>\n<td>1,7%<\/td>\n<\/tr>\n<tr>\n<td height=\"12\"><\/td>\n<td>\u00a0\u00a0 001 Enfermedades infecciosas intestinales<\/td>\n<td>25<\/td>\n<td>0,2%<\/td>\n<td>768<\/td>\n<td>0,2%<\/td>\n<\/tr>\n<tr>\n<td height=\"12\"><\/td>\n<td>\u00a0\u00a0 002 Tuberculosis y sus efectos tard\u00edos<\/td>\n<td>10<\/td>\n<td>0,1%<\/td>\n<td>392<\/td>\n<td>0,1%<\/td>\n<\/tr>\n<tr>\n<td height=\"12\"><\/td>\n<td>\u00a0\u00a0 003 Enfermedad meningoc\u00f3cica<\/td>\n<td>0<\/td>\n<td>0,0%<\/td>\n<td>22<\/td>\n<td>0,0%<\/td>\n<\/tr>\n<tr>\n<td height=\"12\"><\/td>\n<td>\u00a0\u00a0 004 Septicemia<\/td>\n<td>117<\/td>\n<td>1,1%<\/td>\n<td>2.816<\/td>\n<td>0,7%<\/td>\n<\/tr>\n<tr>\n<td height=\"12\"><\/td>\n<td>\u00a0\u00a0 005 Hepatitis v\u00edrica<\/td>\n<td>14<\/td>\n<td>0,1%<\/td>\n<td>934<\/td>\n<td>0,2%<\/td>\n<\/tr>\n<tr>\n<td height=\"12\"><\/td>\n<td>\u00a0\u00a0 006 SIDA<\/td>\n<td>14<\/td>\n<td>0,1%<\/td>\n<td>1.020<\/td>\n<td>0,3%<\/td>\n<\/tr>\n<tr>\n<td height=\"12\"><\/td>\n<td>\u00a0\u00a0 007 VIH+ (portador, evidencias de laboratorio del VIH,&#8230;)<\/td>\n<td>0<\/td>\n<td>0,0%<\/td>\n<td>0<\/td>\n<td>0,0%<\/td>\n<\/tr>\n<tr>\n<td height=\"12\"><\/td>\n<td>\u00a0\u00a0 008 Resto de enfermedades infecciosas y parasitarias y sus efectos tard\u00edos<\/td>\n<td>10<\/td>\n<td>0,1%<\/td>\n<td>537<\/td>\n<td>0,1%<\/td>\n<\/tr>\n<tr>\n<td colspan=\"2\" width=\"389\" height=\"12\">II.Tumores<\/td>\n<td>3.023<\/td>\n<td>27,9%<\/td>\n<td>107.220<\/td>\n<td>28,1%<\/td>\n<\/tr>\n<tr>\n<td height=\"12\"><\/td>\n<td>\u00a0\u00a0 009 Tumor maligno del labio, de la cavidad bucal y de la faringe<\/td>\n<td>55<\/td>\n<td>0,5%<\/td>\n<td>2.277<\/td>\n<td>0,6%<\/td>\n<\/tr>\n<tr>\n<td height=\"12\"><\/td>\n<td>\u00a0\u00a0 010 Tumor maligno del es\u00f3fago<\/td>\n<td>36<\/td>\n<td>0,3%<\/td>\n<td>1.808<\/td>\n<td>0,5%<\/td>\n<\/tr>\n<tr>\n<td height=\"12\"><\/td>\n<td>\u00a0\u00a0 011 Tumor maligno del est\u00f3mago<\/td>\n<td>178<\/td>\n<td>1,6%<\/td>\n<td>5.851<\/td>\n<td>1,5%<\/td>\n<\/tr>\n<tr>\n<td height=\"12\"><\/td>\n<td>\u00a0\u00a0 012 Tumor maligno del colon<\/td>\n<td>331<\/td>\n<td>3,1%<\/td>\n<td>11.241<\/td>\n<td>2,9%<\/td>\n<\/tr>\n<tr>\n<td height=\"12\"><\/td>\n<td>\u00a0\u00a0 013 Tumor maligno del recto, de la porci\u00f3n rectosigmoide y del ano<\/td>\n<td>96<\/td>\n<td>0,9%<\/td>\n<td>3.642<\/td>\n<td>1,0%<\/td>\n<\/tr>\n<tr>\n<td height=\"12\"><\/td>\n<td>\u00a0\u00a0 014 Tumor maligno del h\u00edgado y de las v\u00edas biliares intrahep\u00e1ticas<\/td>\n<td>125<\/td>\n<td>1,2%<\/td>\n<td>4.767<\/td>\n<td>1,2%<\/td>\n<\/tr>\n<tr>\n<td height=\"12\"><\/td>\n<td>\u00a0\u00a0 015 Tumor maligno del p\u00e1ncreas<\/td>\n<td>158<\/td>\n<td>1,5%<\/td>\n<td>5.716<\/td>\n<td>1,5%<\/td>\n<\/tr>\n<tr>\n<td height=\"12\"><\/td>\n<td>\u00a0\u00a0 016 Otros tumores malignos digestivos<\/td>\n<td>59<\/td>\n<td>0,5%<\/td>\n<td>2.331<\/td>\n<td>0,6%<\/td>\n<\/tr>\n<tr>\n<td height=\"12\"><\/td>\n<td>\u00a0\u00a0 017 Tumor maligno de la laringe<\/td>\n<td>41<\/td>\n<td>0,4%<\/td>\n<td>1.506<\/td>\n<td>0,4%<\/td>\n<\/tr>\n<tr>\n<td height=\"12\"><\/td>\n<td>\u00a0\u00a0 018 Tumor maligno de la tr\u00e1quea, de los bronquios y del pulm\u00f3n<\/td>\n<td>626<\/td>\n<td>5,8%<\/td>\n<td>20.755<\/td>\n<td>5,4%<\/td>\n<\/tr>\n<tr>\n<td height=\"12\"><\/td>\n<td>\u00a0\u00a0 019 Otros tumores malignos respiratorios e intrator\u00e1cicos<\/td>\n<td>5<\/td>\n<td>0,0%<\/td>\n<td>498<\/td>\n<td>0,1%<\/td>\n<\/tr>\n<tr>\n<td height=\"12\"><\/td>\n<td>\u00a0\u00a0 020 Tumor maligno del hueso y de los cart\u00edlagos articulares<\/td>\n<td>7<\/td>\n<td>0,1%<\/td>\n<td>313<\/td>\n<td>0,1%<\/td>\n<\/tr>\n<tr>\n<td height=\"12\"><\/td>\n<td>\u00a0\u00a0 021 Melanoma maligno de la piel<\/td>\n<td>15<\/td>\n<td>0,1%<\/td>\n<td>975<\/td>\n<td>0,3%<\/td>\n<\/tr>\n<tr>\n<td height=\"12\"><\/td>\n<td>\u00a0\u00a0 022 Otros tumores malignos de la piel y de los tejidos blandos<\/td>\n<td>32<\/td>\n<td>0,3%<\/td>\n<td>1.248<\/td>\n<td>0,3%<\/td>\n<\/tr>\n<tr>\n<td height=\"12\"><\/td>\n<td>\u00a0\u00a0 023 Tumor maligno de la mama<\/td>\n<td>162<\/td>\n<td>1,5%<\/td>\n<td>6.371<\/td>\n<td>1,7%<\/td>\n<\/tr>\n<tr>\n<td height=\"12\"><\/td>\n<td>\u00a0\u00a0 024 Tumor maligno del cuello del \u00fatero<\/td>\n<td>16<\/td>\n<td>0,1%<\/td>\n<td>667<\/td>\n<td>0,2%<\/td>\n<\/tr>\n<tr>\n<td height=\"12\"><\/td>\n<td>\u00a0\u00a0 025 Tumor maligno de otras partes del \u00fatero<\/td>\n<td>31<\/td>\n<td>0,3%<\/td>\n<td>1.489<\/td>\n<td>0,4%<\/td>\n<\/tr>\n<tr>\n<td height=\"12\"><\/td>\n<td>\u00a0\u00a0 026 Tumor maligno del ovario<\/td>\n<td>46<\/td>\n<td>0,4%<\/td>\n<td>1.943<\/td>\n<td>0,5%<\/td>\n<\/tr>\n<tr>\n<td height=\"12\"><\/td>\n<td>\u00a0\u00a0 027 Tumor maligno de otros \u00f3rganos genitales femeninos<\/td>\n<td>19<\/td>\n<td>0,2%<\/td>\n<td>474<\/td>\n<td>0,1%<\/td>\n<\/tr>\n<tr>\n<td height=\"12\"><\/td>\n<td>\u00a0\u00a0 028 Tumor maligno de la pr\u00f3stata<\/td>\n<td>151<\/td>\n<td>1,4%<\/td>\n<td>5.875<\/td>\n<td>1,5%<\/td>\n<\/tr>\n<tr>\n<td height=\"12\"><\/td>\n<td>\u00a0\u00a0 029 Tumor maligno de otros \u00f3rganos genitales masculinos<\/td>\n<td>5<\/td>\n<td>0,0%<\/td>\n<td>194<\/td>\n<td>0,1%<\/td>\n<\/tr>\n<tr>\n<td height=\"12\"><\/td>\n<td>\u00a0\u00a0 030 Tumor maligno del ri\u00f1\u00f3n, excepto de la pelvis renal<\/td>\n<td>46<\/td>\n<td>0,4%<\/td>\n<td>1.934<\/td>\n<td>0,5%<\/td>\n<\/tr>\n<tr>\n<td height=\"12\"><\/td>\n<td>\u00a0\u00a0 031 Tumor maligno de la vejiga<\/td>\n<td>143<\/td>\n<td>1,3%<\/td>\n<td>4.936<\/td>\n<td>1,3%<\/td>\n<\/tr>\n<tr>\n<td height=\"12\"><\/td>\n<td>\u00a0\u00a0 032 Otros tumores malignos de las v\u00edas urinarias<\/td>\n<td>5<\/td>\n<td>0,0%<\/td>\n<td>454<\/td>\n<td>0,1%<\/td>\n<\/tr>\n<tr>\n<td height=\"12\"><\/td>\n<td>\u00a0\u00a0 033 Tumor maligno del enc\u00e9falo<\/td>\n<td>52<\/td>\n<td>0,5%<\/td>\n<td>2.636<\/td>\n<td>0,7%<\/td>\n<\/tr>\n<tr>\n<td height=\"12\"><\/td>\n<td>\u00a0\u00a0 034 Otros tumores malignos neurol\u00f3gicos y endocrinos<\/td>\n<td>18<\/td>\n<td>0,2%<\/td>\n<td>644<\/td>\n<td>0,2%<\/td>\n<\/tr>\n<tr>\n<td height=\"12\"><\/td>\n<td>\u00a0\u00a0 035 Tumor maligno de sitios mal definidos, secundarios y de sitios no especificados<\/td>\n<td>188<\/td>\n<td>1,7%<\/td>\n<td>5.002<\/td>\n<td>1,3%<\/td>\n<\/tr>\n<tr>\n<td height=\"12\"><\/td>\n<td>\u00a0\u00a0 036 Tumor maligno del tejido linf\u00e1tico, de los \u00f3rganos hematopoy\u00e9ticos y de tejidos afines<\/td>\n<td>120<\/td>\n<td>1,1%<\/td>\n<td>4.487<\/td>\n<td>1,2%<\/td>\n<\/tr>\n<tr>\n<td height=\"12\"><\/td>\n<td>\u00a0\u00a0 037 Leucemia<\/td>\n<td>95<\/td>\n<td>0,9%<\/td>\n<td>3.273<\/td>\n<td>0,9%<\/td>\n<\/tr>\n<tr>\n<td height=\"12\"><\/td>\n<td>\u00a0\u00a0 038 Tumores in situ<\/td>\n<td>0<\/td>\n<td>0,0%<\/td>\n<td>8<\/td>\n<td>0,0%<\/td>\n<\/tr>\n<tr>\n<td height=\"12\"><\/td>\n<td>\u00a0\u00a0 039 Tumores benignos<\/td>\n<td>3<\/td>\n<td>0,0%<\/td>\n<td>582<\/td>\n<td>0,2%<\/td>\n<\/tr>\n<tr>\n<td height=\"12\"><\/td>\n<td>\u00a0\u00a0 040 S\u00edndrome mielodispl\u00e1sico<\/td>\n<td>42<\/td>\n<td>0,4%<\/td>\n<td>868<\/td>\n<td>0,2%<\/td>\n<\/tr>\n<tr>\n<td height=\"12\"><\/td>\n<td>\u00a0\u00a0 041 Otros tumores de comportamiento incierto o desconocido<\/td>\n<td>117<\/td>\n<td>1,1%<\/td>\n<td>2.455<\/td>\n<td>0,6%<\/td>\n<\/tr>\n<tr>\n<td colspan=\"2\" height=\"12\">\u00a0III.Enf. de sangre y de \u00f3rg. hematopoy\u00e9ticos y ciertos trast. Que afectan mecan. Inmunidad<\/td>\n<td>41<\/td>\n<td>0,4%<\/td>\n<td>1.519<\/td>\n<td>0,4%<\/td>\n<\/tr>\n<tr>\n<td height=\"12\"><\/td>\n<td>\u00a0\u00a0 042 Enfermedades de la sangre y de los \u00f3rganos hematopoy\u00e9ticos<\/td>\n<td>34<\/td>\n<td>0,3%<\/td>\n<td>1.402<\/td>\n<td>0,4%<\/td>\n<\/tr>\n<tr>\n<td height=\"12\"><\/td>\n<td>\u00a0\u00a0 043 Ciertos trastornos que afectan al mecanismo de la inmunidad<\/td>\n<td>7<\/td>\n<td>0,1%<\/td>\n<td>117<\/td>\n<td>0,0%<\/td>\n<\/tr>\n<tr>\n<td colspan=\"2\" width=\"389\" height=\"12\">IV.Enfermedades endocrinas, nutricionales y metab\u00f3licas<\/td>\n<td>293<\/td>\n<td>2,7%<\/td>\n<td>12.598<\/td>\n<td>3,3%<\/td>\n<\/tr>\n<tr>\n<td height=\"12\"><\/td>\n<td>\u00a0\u00a0 044 Diabetes mellitus<\/td>\n<td>223<\/td>\n<td>2,1%<\/td>\n<td>9.799<\/td>\n<td>2,6%<\/td>\n<\/tr>\n<tr>\n<td height=\"12\"><\/td>\n<td>\u00a0\u00a0 045 Otras enfermedades endocrinas, nutricionales y metab\u00f3licas<\/td>\n<td>70<\/td>\n<td>0,6%<\/td>\n<td>2.799<\/td>\n<td>0,7%<\/td>\n<\/tr>\n<tr>\n<td colspan=\"2\" width=\"389\" height=\"12\">V.Trastornos mentales y del comportamiento<\/td>\n<td>272<\/td>\n<td>2,5%<\/td>\n<td>14.821<\/td>\n<td>3,9%<\/td>\n<\/tr>\n<tr>\n<td height=\"12\"><\/td>\n<td>\u00a0\u00a0 046 Trastornos mentales org\u00e1nicos, senil y presenil<\/td>\n<td>260<\/td>\n<td>2,4%<\/td>\n<td>14.125<\/td>\n<td>3,7%<\/td>\n<\/tr>\n<tr>\n<td height=\"12\"><\/td>\n<td>\u00a0\u00a0 047 Trastornos mentales debidos al uso de alcohol<\/td>\n<td>9<\/td>\n<td>0,1%<\/td>\n<td>286<\/td>\n<td>0,1%<\/td>\n<\/tr>\n<tr>\n<td height=\"12\"><\/td>\n<td>\u00a0\u00a0 048 Trastornos mentales debidos al uso de drogas (drogodependencia, toxicoman\u00eda)<\/td>\n<td>1<\/td>\n<td>0,0%<\/td>\n<td>48<\/td>\n<td>0,0%<\/td>\n<\/tr>\n<tr>\n<td height=\"12\"><\/td>\n<td>\u00a0\u00a0 049 Otros trastornos mentales y del comportamiento<\/td>\n<td>2<\/td>\n<td>0,0%<\/td>\n<td>362<\/td>\n<td>0,1%<\/td>\n<\/tr>\n<tr>\n<td style=\"text-align: left;\" colspan=\"2\" height=\"12\">VI-VIII.Enfermedades del sistema nervioso y de los \u00f3rganos de los sentidos<\/td>\n<td style=\"text-align: left;\">449<\/td>\n<td>4,2%<\/td>\n<td>19.285<\/td>\n<td>5,0%<\/td>\n<\/tr>\n<tr>\n<td height=\"12\"><\/td>\n<td>\u00a0\u00a0 050 Meningitis (otras en 003)<\/td>\n<td>5<\/td>\n<td>0,0%<\/td>\n<td>141<\/td>\n<td>0,0%<\/td>\n<\/tr>\n<tr>\n<td height=\"12\"><\/td>\n<td>\u00a0\u00a0 051 Enfermedad de Alzheimer<\/td>\n<td>276<\/td>\n<td>2,6%<\/td>\n<td>11.343<\/td>\n<td>3,0%<\/td>\n<\/tr>\n<tr>\n<td height=\"12\"><\/td>\n<td>\u00a0\u00a0 052 Otras enfermedades del sistema nervioso y de los \u00f3rganos de los sentidos<\/td>\n<td>168<\/td>\n<td>1,6%<\/td>\n<td>7.801<\/td>\n<td>2,0%<\/td>\n<\/tr>\n<tr>\n<td colspan=\"2\" width=\"389\" height=\"12\">IX.Enfermedades del sistema circulatorio<\/td>\n<td>3.441<\/td>\n<td>31,8%<\/td>\n<td>119.128<\/td>\n<td>31,2%<\/td>\n<\/tr>\n<tr>\n<td height=\"12\"><\/td>\n<td>\u00a0\u00a0 053 Enfermedades card\u00edacas reum\u00e1ticas cr\u00f3nicas<\/td>\n<td>42<\/td>\n<td>0,4%<\/td>\n<td>1.811<\/td>\n<td>0,5%<\/td>\n<\/tr>\n<tr>\n<td height=\"12\"><\/td>\n<td>\u00a0\u00a0 054 Enfermedades hipertensivas<\/td>\n<td>175<\/td>\n<td>1,6%<\/td>\n<td>9.474<\/td>\n<td>2,5%<\/td>\n<\/tr>\n<tr>\n<td height=\"12\"><\/td>\n<td>\u00a0\u00a0 055 Infarto agudo de miocardio<\/td>\n<td>682<\/td>\n<td>6,3%<\/td>\n<td>18.684<\/td>\n<td>4,9%<\/td>\n<\/tr>\n<tr>\n<td height=\"12\"><\/td>\n<td>\u00a0\u00a0 056 Otras enfermedades isqu\u00e9micas del coraz\u00f3n<\/td>\n<td>328<\/td>\n<td>3,0%<\/td>\n<td>16.584<\/td>\n<td>4,3%<\/td>\n<\/tr>\n<tr>\n<td height=\"12\"><\/td>\n<td>\u00a0\u00a0 057 Insuficiencia card\u00edaca<\/td>\n<td>494<\/td>\n<td>4,6%<\/td>\n<td>16.038<\/td>\n<td>4,2%<\/td>\n<\/tr>\n<tr>\n<td height=\"12\"><\/td>\n<td>\u00a0\u00a0 058 Otras enfermedades del coraz\u00f3n<\/td>\n<td>612<\/td>\n<td>5,7%<\/td>\n<td>20.531<\/td>\n<td>5,4%<\/td>\n<\/tr>\n<tr>\n<td height=\"12\"><\/td>\n<td>\u00a0\u00a0 059 Enfermedades cerebrovasculares<\/td>\n<td>969<\/td>\n<td>9,0%<\/td>\n<td>30.161<\/td>\n<td>7,9%<\/td>\n<\/tr>\n<tr>\n<td height=\"12\"><\/td>\n<td>\u00a0\u00a0 060 Aterosclerosis<\/td>\n<td>41<\/td>\n<td>0,4%<\/td>\n<td>1.897<\/td>\n<td>0,5%<\/td>\n<\/tr>\n<tr>\n<td height=\"12\"><\/td>\n<td>\u00a0\u00a0 061 Otras enfermedades de los vasos sangu\u00edneos<\/td>\n<td>98<\/td>\n<td>0,9%<\/td>\n<td>3.948<\/td>\n<td>1,0%<\/td>\n<\/tr>\n<tr>\n<td colspan=\"2\" width=\"389\" height=\"12\">X.Enfermedades del sistema respiratorio<\/td>\n<td>1.254<\/td>\n<td>11,6%<\/td>\n<td>40.266<\/td>\n<td>10,5%<\/td>\n<\/tr>\n<tr>\n<td height=\"12\"><\/td>\n<td>\u00a0\u00a0 062 Influenza (gripe) (incluye gripe aviar y gripe A)<\/td>\n<td>2<\/td>\n<td>0,0%<\/td>\n<td>57<\/td>\n<td>0,0%<\/td>\n<\/tr>\n<tr>\n<td height=\"12\"><\/td>\n<td>\u00a0\u00a0 063 Neumon\u00eda<\/td>\n<td>336<\/td>\n<td>3,1%<\/td>\n<td>7.525<\/td>\n<td>2,0%<\/td>\n<\/tr>\n<tr>\n<td height=\"12\"><\/td>\n<td>\u00a0\u00a0 064 Enfermedades cr\u00f3nicas de las v\u00edas respiratorias inferiores (excepto Asma)<\/td>\n<td>366<\/td>\n<td>3,4%<\/td>\n<td>14.664<\/td>\n<td>3,8%<\/td>\n<\/tr>\n<tr>\n<td height=\"12\"><\/td>\n<td>\u00a0\u00a0 065 Asma<\/td>\n<td>12<\/td>\n<td>0,1%<\/td>\n<td>1.012<\/td>\n<td>0,3%<\/td>\n<\/tr>\n<tr>\n<td height=\"12\"><\/td>\n<td>\u00a0\u00a0 066 Insuficiencia respiratoria<\/td>\n<td>34<\/td>\n<td>0,3%<\/td>\n<td>2.284<\/td>\n<td>0,6%<\/td>\n<\/tr>\n<tr>\n<td height=\"12\"><\/td>\n<td>\u00a0\u00a0 067 Otras enfermedades del sistema respiratorio<\/td>\n<td>504<\/td>\n<td>4,7%<\/td>\n<td>14.724<\/td>\n<td>3,9%<\/td>\n<\/tr>\n<tr>\n<td colspan=\"2\" width=\"389\" height=\"12\">XI.Enfermedades del sistema digestivo<\/td>\n<td>605<\/td>\n<td>5,6%<\/td>\n<td>19.097<\/td>\n<td>5,0%<\/td>\n<\/tr>\n<tr>\n<td height=\"12\"><\/td>\n<td>\u00a0\u00a0 068 \u00dalcera de est\u00f3mago, duodeno y yeyuno<\/td>\n<td>22<\/td>\n<td>0,2%<\/td>\n<td>519<\/td>\n<td>0,1%<\/td>\n<\/tr>\n<tr>\n<td height=\"12\"><\/td>\n<td>\u00a0\u00a0 069 Enteritis y colitis no infecciosas<\/td>\n<td>8<\/td>\n<td>0,1%<\/td>\n<td>184<\/td>\n<td>0,0%<\/td>\n<\/tr>\n<tr>\n<td height=\"12\"><\/td>\n<td>\u00a0\u00a0 070 Enfermedad vascular intestinal<\/td>\n<td>103<\/td>\n<td>1,0%<\/td>\n<td>2.761<\/td>\n<td>0,7%<\/td>\n<\/tr>\n<tr>\n<td height=\"12\"><\/td>\n<td>\u00a0\u00a0 071 Cirrosis y otras enfermedades cr\u00f3nicas del h\u00edgado<\/td>\n<td>92<\/td>\n<td>0,9%<\/td>\n<td>5.505<\/td>\n<td>1,4%<\/td>\n<\/tr>\n<tr>\n<td height=\"12\"><\/td>\n<td>\u00a0\u00a0 072 Otras enfermedades del sistema digestivo<\/td>\n<td>380<\/td>\n<td>3,5%<\/td>\n<td>10.128<\/td>\n<td>2,7%<\/td>\n<\/tr>\n<tr>\n<td colspan=\"2\" width=\"389\" height=\"12\">XII.Enfermedades de la piel y del tejido subcut\u00e1neo<\/td>\n<td>37<\/td>\n<td>0,3%<\/td>\n<td>1.144<\/td>\n<td>0,3%<\/td>\n<\/tr>\n<tr>\n<td colspan=\"2\" height=\"12\">XIII.Enfermedades del sistema osteomuscular y del tejido conjuntivo<\/td>\n<td>129<\/td>\n<td>1,2%<\/td>\n<td>3.327<\/td>\n<td>0,9%<\/td>\n<\/tr>\n<tr>\n<td height=\"12\"><\/td>\n<td>\u00a0\u00a0 074 Artritis reumatoide y osteoartrosis<\/td>\n<td>7<\/td>\n<td>0,1%<\/td>\n<td>362<\/td>\n<td>0,1%<\/td>\n<\/tr>\n<tr>\n<td height=\"12\"><\/td>\n<td>\u00a0\u00a0 075 Osteoporosis y fractura patol\u00f3gica<\/td>\n<td>91<\/td>\n<td>0,8%<\/td>\n<td>2.027<\/td>\n<td>0,5%<\/td>\n<\/tr>\n<tr>\n<td height=\"12\"><\/td>\n<td>\u00a0\u00a0 076 Otras enfermedades del sistema osteomuscular y del tejido conjuntivo<\/td>\n<td>31<\/td>\n<td>0,3%<\/td>\n<td>938<\/td>\n<td>0,2%<\/td>\n<\/tr>\n<tr>\n<td colspan=\"2\" width=\"389\" height=\"12\">XIV.Enfermedades del sistema genitourinario<\/td>\n<td>336<\/td>\n<td>3,1%<\/td>\n<td>10.493<\/td>\n<td>2,7%<\/td>\n<\/tr>\n<tr>\n<td height=\"12\"><\/td>\n<td>\u00a0\u00a0 077 Enfermedades del ri\u00f1\u00f3n y del ur\u00e9ter<\/td>\n<td>203<\/td>\n<td>1,9%<\/td>\n<td>6.984<\/td>\n<td>1,8%<\/td>\n<\/tr>\n<tr>\n<td height=\"12\"><\/td>\n<td>\u00a0\u00a0 078 Enfermedades de los \u00f3rganos genitales masculinos<\/td>\n<td>3<\/td>\n<td>0,0%<\/td>\n<td>283<\/td>\n<td>0,1%<\/td>\n<\/tr>\n<tr>\n<td height=\"12\"><\/td>\n<td>\u00a0\u00a0 079 Enfermedades de los \u00f3rganos genitales femeninos y trastornos de la mama<\/td>\n<td>5<\/td>\n<td>0,0%<\/td>\n<td>62<\/td>\n<td>0,0%<\/td>\n<\/tr>\n<tr>\n<td height=\"12\"><\/td>\n<td>\u00a0\u00a0 080 Otras enfermedades del sistema genitourinario<\/td>\n<td>125<\/td>\n<td>1,2%<\/td>\n<td>3.164<\/td>\n<td>0,8%<\/td>\n<\/tr>\n<tr>\n<td colspan=\"2\" width=\"389\" height=\"12\">XV.Embarazo, parto y puerperio<\/td>\n<td>0<\/td>\n<td>0,0%<\/td>\n<td>20<\/td>\n<td>0,0%<\/td>\n<\/tr>\n<tr>\n<td colspan=\"2\" width=\"389\" height=\"12\">XVI.Afecciones originadas en el periodo perinatal<\/td>\n<td>28<\/td>\n<td>0,3%<\/td>\n<td>831<\/td>\n<td>0,2%<\/td>\n<\/tr>\n<tr>\n<td colspan=\"2\" height=\"12\">XVII.Malformaciones cong\u00e9nitas, deformidades y anomal\u00edas cromos\u00f3micas<\/td>\n<td>18<\/td>\n<td>0,2%<\/td>\n<td>971<\/td>\n<td>0,3%<\/td>\n<\/tr>\n<tr>\n<td height=\"12\"><\/td>\n<td>\u00a0\u00a0 083 Malformaciones cong\u00e9nitas del sistema nervioso<\/td>\n<td>2<\/td>\n<td>0,0%<\/td>\n<td>93<\/td>\n<td>0,0%<\/td>\n<\/tr>\n<tr>\n<td height=\"12\"><\/td>\n<td>\u00a0\u00a0 084 Malformaciones cong\u00e9nitas del sistema circulatorio<\/td>\n<td>10<\/td>\n<td>0,1%<\/td>\n<td>397<\/td>\n<td>0,1%<\/td>\n<\/tr>\n<tr>\n<td height=\"12\"><\/td>\n<td>\u00a0\u00a0 085 Otras malformaciones cong\u00e9nitas, deformidades y anomal\u00edas cromos\u00f3micas<\/td>\n<td>6<\/td>\n<td>0,1%<\/td>\n<td>481<\/td>\n<td>0,1%<\/td>\n<\/tr>\n<tr>\n<td colspan=\"2\" height=\"12\">XVIII.S\u00edntomas, signos y hallazgos anormales cl\u00ednicos y de laboratorio, no clasificados en otra parte<\/td>\n<td>408<\/td>\n<td>3,8%<\/td>\n<td>10.772<\/td>\n<td>2,8%<\/td>\n<\/tr>\n<tr>\n<td height=\"12\"><\/td>\n<td>\u00a0\u00a0 086 Paro card\u00edaco, muerte sin asistencia y causa desconocida de mortalidad<\/td>\n<td>243<\/td>\n<td>2,2%<\/td>\n<td>6.253<\/td>\n<td>1,6%<\/td>\n<\/tr>\n<tr>\n<td height=\"12\"><\/td>\n<td>\u00a0\u00a0 087 Senilidad<\/td>\n<td>85<\/td>\n<td>0,8%<\/td>\n<td>1.778<\/td>\n<td>0,5%<\/td>\n<\/tr>\n<tr>\n<td height=\"12\"><\/td>\n<td>\u00a0\u00a0 088 Muerte s\u00fabita infantil<\/td>\n<td>1<\/td>\n<td>0,0%<\/td>\n<td>60<\/td>\n<td>0,0%<\/td>\n<\/tr>\n<tr>\n<td height=\"12\"><\/td>\n<td>\u00a0\u00a0 089 Resto de s\u00edntomas, signos y hallazgos anormales cl\u00ednicos y de laboratorio<\/td>\n<td>79<\/td>\n<td>0,7%<\/td>\n<td>2.681<\/td>\n<td>0,7%<\/td>\n<\/tr>\n<tr>\n<td colspan=\"2\" height=\"12\">XX.Causas externas de mortalidad<\/td>\n<td>292<\/td>\n<td>2,7%<\/td>\n<td>14.066<\/td>\n<td>3,7%<\/td>\n<\/tr>\n<tr>\n<td height=\"12\"><\/td>\n<td>\u00a0\u00a0 090 Accidentes de tr\u00e1fico de veh\u00edculos de motor<\/td>\n<td>63<\/td>\n<td>0,58%<\/td>\n<td>2.336<\/td>\n<td>0,61%<\/td>\n<\/tr>\n<tr>\n<td height=\"12\"><\/td>\n<td>\u00a0\u00a0 091 Otros accidentes de transporte<\/td>\n<td>13<\/td>\n<td>0,12%<\/td>\n<td>240<\/td>\n<td>0,06%<\/td>\n<\/tr>\n<tr>\n<td height=\"12\"><\/td>\n<td>\u00a0\u00a0 092 Ca\u00eddas accidentales<\/td>\n<td>21<\/td>\n<td>0,19%<\/td>\n<td>1.982<\/td>\n<td>0,52%<\/td>\n<\/tr>\n<tr>\n<td height=\"12\"><\/td>\n<td>\u00a0\u00a0 093 Ahogamiento, sumersi\u00f3n y sofocaci\u00f3n accidentales<\/td>\n<td>26<\/td>\n<td>0,24%<\/td>\n<td>2.067<\/td>\n<td>0,54%<\/td>\n<\/tr>\n<tr>\n<td height=\"12\"><\/td>\n<td>\u00a0\u00a0 094 Accidentes por fuego, humo y sustancias calientes<\/td>\n<td>4<\/td>\n<td>0,04%<\/td>\n<td>190<\/td>\n<td>0,05%<\/td>\n<\/tr>\n<tr>\n<td height=\"12\"><\/td>\n<td>\u00a0\u00a0 095 Envenenamiento accidental por psicof\u00e1rmacos y drogas de abuso<\/td>\n<td>2<\/td>\n<td>0,02%<\/td>\n<td>497<\/td>\n<td>0,13%<\/td>\n<\/tr>\n<tr>\n<td height=\"12\"><\/td>\n<td>\u00a0\u00a0 096 Otros envenenamientos accidentales<\/td>\n<td>3<\/td>\n<td>0,03%<\/td>\n<td>225<\/td>\n<td>0,06%<\/td>\n<\/tr>\n<tr>\n<td height=\"12\"><\/td>\n<td>\u00a0\u00a0 097 Otros accidentes<\/td>\n<td>57<\/td>\n<td>0,53%<\/td>\n<td>2.519<\/td>\n<td>0,66%<\/td>\n<\/tr>\n<tr>\n<td height=\"12\"><\/td>\n<td>\u00a0\u00a0 098 Suicidio y lesiones autoinfligidas<\/td>\n<td>81<\/td>\n<td>0,75%<\/td>\n<td>3.158<\/td>\n<td>0,83%<\/td>\n<\/tr>\n<tr>\n<td height=\"12\"><\/td>\n<td>\u00a0\u00a0 099\u00a0 Agresiones (Homicidios)<\/td>\n<td>3<\/td>\n<td>0,03%<\/td>\n<td>329<\/td>\n<td>0,09%<\/td>\n<\/tr>\n<tr>\n<td height=\"12\"><\/td>\n<td>\u00a0\u00a0 100 Eventos de intenci\u00f3n no determinada<\/td>\n<td>4<\/td>\n<td>0,04%<\/td>\n<td>52<\/td>\n<td>0,01%<\/td>\n<\/tr>\n<tr>\n<td height=\"12\"><\/td>\n<td>\u00a0\u00a0 101 Complicaciones de la atenci\u00f3n m\u00e9dica y quir\u00fargica<\/td>\n<td>15<\/td>\n<td>0,14%<\/td>\n<td>419<\/td>\n<td>0,11%<\/td>\n<\/tr>\n<tr>\n<td height=\"12\"><\/td>\n<td>\u00a0\u00a0 102 Otras causas externas y sus efectos tard\u00edos<\/td>\n<td>0<\/td>\n<td>0,00%<\/td>\n<td>52<\/td>\n<td>0,01%<\/td>\n<\/tr>\n<\/tbody>\n<\/table>\n<p>Fuente: INE<\/p>\n<!-- AddThis Advanced Settings generic via filter on the_content --><!-- AddThis Share Buttons generic via filter on the_content -->","protected":false},"excerpt":{"rendered":"<p>No todo en este blog son datos econ\u00f3micos. Hay tambi\u00e9n algunas estad\u00edsticas curiosas que nos muestran algunas particularidades de la imagen actual de la regi\u00f3n. Es el caso de las defunciones seg\u00fan causa de muerte, cuyos datos definitivos del a\u00f1o 2010 acaba de publicar el Instituto Nacional de Estad\u00edstica. Y \u00bfde qu\u00e9 se mueren los [&hellip;]<!-- AddThis Advanced Settings generic via filter on get_the_excerpt --><!-- AddThis Share Buttons generic via filter on get_the_excerpt --><\/p>\n","protected":false},"author":21,"featured_media":0,"comment_status":"open","ping_status":"closed","sticky":false,"template":"","format":"standard","meta":[],"categories":[3],"tags":[85,133,148,193,244,274],"_links":{"self":[{"href":"https:\/\/blogs.hoy.es\/extredato\/wp-json\/wp\/v2\/posts\/36"}],"collection":[{"href":"https:\/\/blogs.hoy.es\/extredato\/wp-json\/wp\/v2\/posts"}],"about":[{"href":"https:\/\/blogs.hoy.es\/extredato\/wp-json\/wp\/v2\/types\/post"}],"author":[{"embeddable":true,"href":"https:\/\/blogs.hoy.es\/extredato\/wp-json\/wp\/v2\/users\/21"}],"replies":[{"embeddable":true,"href":"https:\/\/blogs.hoy.es\/extredato\/wp-json\/wp\/v2\/comments?post=36"}],"version-history":[{"count":0,"href":"https:\/\/blogs.hoy.es\/extredato\/wp-json\/wp\/v2\/posts\/36\/revisions"}],"wp:attachment":[{"href":"https:\/\/blogs.hoy.es\/extredato\/wp-json\/wp\/v2\/media?parent=36"}],"wp:term":[{"taxonomy":"category","embeddable":true,"href":"https:\/\/blogs.hoy.es\/extredato\/wp-json\/wp\/v2\/categories?post=36"},{"taxonomy":"post_tag","embeddable":true,"href":"https:\/\/blogs.hoy.es\/extredato\/wp-json\/wp\/v2\/tags?post=36"}],"curies":[{"name":"wp","href":"https:\/\/api.w.org\/{rel}","templated":true}]}}