{"id":40,"date":"2012-05-10T11:10:55","date_gmt":"2012-05-10T10:10:55","guid":{"rendered":"http:\/\/blogs.hoy.es\/extredato\/?p=40"},"modified":"2012-05-10T11:10:55","modified_gmt":"2012-05-10T10:10:55","slug":"extremadura-cerro-el-primer-trimestre-con-superavit-presupuestario","status":"publish","type":"post","link":"https:\/\/blogs.hoy.es\/extredato\/2012\/05\/10\/extremadura-cerro-el-primer-trimestre-con-superavit-presupuestario\/","title":{"rendered":"Extremadura cerr\u00f3 el primer trimestre con super\u00e1vit presupuestario"},"content":{"rendered":"<p><strong>La econom\u00eda de guerra en la que se halla sumida la Administraci\u00f3n regional ha hecho posible que Extremadura cerrara el primer trimestre del a\u00f1o con super\u00e1vit presupuestario.<\/strong> Seg\u00fan el <a href=\"http:\/\/doe.juntaex.es\/pdfs\/doe\/2012\/820o\/12060653.pdf\" rel=\"external nofollow\">informe de ejecuci\u00f3n trimestral publicado<\/a> por el Gobierno regional, las <strong>operaciones no financieras<\/strong> (operaciones corrientes y de capital) arrojaron un resultado positivo de <strong>43.198.145,99 euros<\/strong>. Esta cantidad ser\u00e1 la que la Intervenci\u00f3n General del Estado tome como base para calcular, aplicando determinadas modificaciones, el d\u00e9ficit o super\u00e1vit en t\u00e9rminos de Contabilidad Nacional, un dato que el Ministerio de Hacienda dar\u00e1 a conocer pr\u00f3ximamente.<\/p>\n<p>Si a ese resultado se le suman las variaciones de activos financieros, se obtiene otra magnitud presupuestaria significativa, <strong>la capacidad o necesidad de financiaci\u00f3n, que tambi\u00e9n muestra un resultado positivo<\/strong> de 43.225.833,33 euros.<\/p>\n<p>En cuanto al <strong>saldo presupuestario total<\/strong>, que a\u00f1ade a la cifra anterior las variaciones de pasivos financieros (operaciones relacionadas con el endeudamiento), el <strong>super\u00e1vit es de 83.225.833,33 euros<\/strong>.<\/p>\n<p>Desde el punto de vista de las operaciones de caja (lo que entra y sale de la tesorer\u00eda durante el periodo, al margen del ejercicio al que correspondan), en los tres primeros meses de 2012 se ha obtenido un <strong>super\u00e1vit de caja no financiero de 111.539.123,98 euros<\/strong>.<\/p>\n<p>Hay que se\u00f1alar, no obstante, que el primer trimestre del a\u00f1o suele ser un periodo de baja ejecuci\u00f3n presupuestaria. De hecho, tan s\u00f3lo se ha ejecutado el 17,27% de los ingresos y el 15,59% de los gastos. Por eso,\u00a0 <strong>estos datos no sirven para pronosticar c\u00f3mo acabar\u00e1 el a\u00f1o, pero s\u00ed establecen un punto de partida<\/strong>, que siempre ser\u00e1 mejor si es positivo, como ha ocurrido en 2012.<\/p>\n<!-- AddThis Advanced Settings generic via filter on the_content --><!-- AddThis Share Buttons generic via filter on the_content -->","protected":false},"excerpt":{"rendered":"<p>La econom\u00eda de guerra en la que se halla sumida la Administraci\u00f3n regional ha hecho posible que Extremadura cerrara el primer trimestre del a\u00f1o con super\u00e1vit presupuestario. Seg\u00fan el informe de ejecuci\u00f3n trimestral publicado por el Gobierno regional, las operaciones no financieras (operaciones corrientes y de capital) arrojaron un resultado positivo de 43.198.145,99 euros. Esta [&hellip;]<!-- AddThis Advanced Settings generic via filter on get_the_excerpt --><!-- AddThis Share Buttons generic via filter on get_the_excerpt --><\/p>\n","protected":false},"author":21,"featured_media":0,"comment_status":"open","ping_status":"closed","sticky":false,"template":"","format":"standard","meta":[],"categories":[6],"tags":[10,114,126,148,210,282,331],"_links":{"self":[{"href":"https:\/\/blogs.hoy.es\/extredato\/wp-json\/wp\/v2\/posts\/40"}],"collection":[{"href":"https:\/\/blogs.hoy.es\/extredato\/wp-json\/wp\/v2\/posts"}],"about":[{"href":"https:\/\/blogs.hoy.es\/extredato\/wp-json\/wp\/v2\/types\/post"}],"author":[{"embeddable":true,"href":"https:\/\/blogs.hoy.es\/extredato\/wp-json\/wp\/v2\/users\/21"}],"replies":[{"embeddable":true,"href":"https:\/\/blogs.hoy.es\/extredato\/wp-json\/wp\/v2\/comments?post=40"}],"version-history":[{"count":0,"href":"https:\/\/blogs.hoy.es\/extredato\/wp-json\/wp\/v2\/posts\/40\/revisions"}],"wp:attachment":[{"href":"https:\/\/blogs.hoy.es\/extredato\/wp-json\/wp\/v2\/media?parent=40"}],"wp:term":[{"taxonomy":"category","embeddable":true,"href":"https:\/\/blogs.hoy.es\/extredato\/wp-json\/wp\/v2\/categories?post=40"},{"taxonomy":"post_tag","embeddable":true,"href":"https:\/\/blogs.hoy.es\/extredato\/wp-json\/wp\/v2\/tags?post=40"}],"curies":[{"name":"wp","href":"https:\/\/api.w.org\/{rel}","templated":true}]}}