{"id":45,"date":"2012-05-29T11:47:41","date_gmt":"2012-05-29T10:47:41","guid":{"rendered":"http:\/\/blogs.hoy.es\/extredato\/?p=45"},"modified":"2012-05-29T11:47:41","modified_gmt":"2012-05-29T10:47:41","slug":"la-fusion-de-caja3-ibercaja-y-liberbank-podria-afectar-a-45-localidades-extremenas","status":"publish","type":"post","link":"https:\/\/blogs.hoy.es\/extredato\/2012\/05\/29\/la-fusion-de-caja3-ibercaja-y-liberbank-podria-afectar-a-45-localidades-extremenas\/","title":{"rendered":"La fusi\u00f3n de Caja3, Ibercaja y Liberbank podr\u00eda afectar a 46 localidades extreme\u00f1as"},"content":{"rendered":"<p><strong>El solapamiento de oficinas en Extremadura ser\u00e1 uno de los principales quebraderos de cabeza<\/strong> que tendr\u00e1n que resolver los directivos de la entidad que surja de la fusi\u00f3n de <a href=\"http:\/\/www.caja3.es\" rel=\"external nofollow\">Banco Cajatres<\/a> (en el que participa Caja Badajoz), <a href=\"http:\/\/www.ibercaja.es\" rel=\"external nofollow\">Ibercaja Banco<\/a> y <a href=\"http:\/\/www.liberbank.es\" rel=\"external nofollow\">Liberbank<\/a> (del que es socia Caja Extremadura), cuya uni\u00f3n ser\u00e1 sometida a la decisi\u00f3n de sus respectivos consejos de administraci\u00f3n esta misma tarde, seg\u00fan han <a href=\"http:\/\/www.cnmv.es\/Portal\/HR\/verDoc.axd?t={a214c101-30a3-473f-a932-66e05fe5d6cc}\" rel=\"external nofollow\">comunicado a la CNMV<\/a>.<\/p>\n<p>Precisamente <strong>este problema fue uno de los argumentos esgrimidos en su d\u00eda por los directivos de Caja Badajoz y Caja Extremadura para descartar una fusi\u00f3n de las entidades extreme\u00f1as<\/strong>, asunto que incluso fue estudiado por una <a href=\"http:\/\/www.asambleaex.es\/descargas\/publicaciones\/boae\/07\/2009-02-09\/07BOAE182.pdf\" rel=\"external nofollow\">comisi\u00f3n de la Asamblea de Extremadura<\/a>. Pero ahora el transcurso de los acontecimientos va camino de forzar esa uni\u00f3n.<\/p>\n<p>Pol\u00edticos como el presidente de la Junta de Extremadura, Jos\u00e9 Antonio Monago, <strong>se oponen a la fusi\u00f3n por las repercusiones negativas que el cierre de oficinas tendr\u00e1 para el empleo en la regi\u00f3n<\/strong>. Para valorarlo, nada mejor que pasar de las palabras a los n\u00fameros. Y en un estudio somero se constata que <strong>la fusi\u00f3n podr\u00eda afectar a 46 localidades extreme\u00f1as en las que existen oficinas de ambas cajas. En total, 174 sucursales tienen su futuro en el aire, 96 de Caja Extremadura y 78 de Caja Badajoz.<\/strong><\/p>\n<p><strong>La peor parte se la lleva la provincia de Badajoz,<\/strong> puesto que Caja Extremadura, de origen cacere\u00f1o, hab\u00eda establecido una amplia red de sucursales en la otra provincia, pero la caja pacense se hab\u00eda introducido menos en C\u00e1ceres. As\u00ed pues, hay 36 municipios pacense que podr\u00eda ver reducido el n\u00famero de oficinas. De ellos, ocho tienen m\u00e1s de una sucursal de caja entidad. En concreto, Badajoz acumula 34, M\u00e9rida suma 9, Almendralejo tiene 6, Don Benito 5, Villanueva de la Serena 4, Zafra 4, Villafranca de los Barros 3 y Jerez de los Caballeros 3.<\/p>\n<p>En cambio, <strong>en C\u00e1ceres los solapamientos afectan solamente a diez localidades<\/strong>, cuatro de ellas con m\u00e1s de dos oficinas: C\u00e1ceres suma 22, Plasencia 11, Navalmoral 4 y Coria 3.<\/p>\n<table width=\"359\" border=\"0\" cellspacing=\"0\" cellpadding=\"0\">\n<colgroup>\n<col width=\"167\" \/>\n<col span=\"2\" width=\"65\" \/> <\/colgroup>\n<tbody>\n<tr>\n<td width=\"167\" height=\"15\"><\/td>\n<td width=\"65\"><strong>Caja Badajoz<\/strong><\/td>\n<td width=\"65\"><strong>Caja Extremadura<\/strong><\/td>\n<\/tr>\n<tr>\n<td height=\"15\">ALANGE<\/td>\n<td align=\"right\">1<\/td>\n<td align=\"right\">1<\/td>\n<\/tr>\n<tr>\n<td height=\"15\">ALMENDRALEJO<\/td>\n<td align=\"right\">4<\/td>\n<td align=\"right\">2<\/td>\n<\/tr>\n<tr>\n<td height=\"15\">ARROYO DE SAN SERV\u00c1N<\/td>\n<td align=\"right\">1<\/td>\n<td align=\"right\">1<\/td>\n<\/tr>\n<tr>\n<td height=\"15\">AZUAGA<\/td>\n<td align=\"right\">1<\/td>\n<td align=\"right\">1<\/td>\n<\/tr>\n<tr>\n<td height=\"15\">BADAJOZ<\/td>\n<td align=\"right\">21<\/td>\n<td align=\"right\">13<\/td>\n<\/tr>\n<tr>\n<td height=\"15\">CABEZA DEL BUEY<\/td>\n<td align=\"right\">1<\/td>\n<td align=\"right\">1<\/td>\n<\/tr>\n<tr>\n<td height=\"15\">CALAMONTE<\/td>\n<td align=\"right\">1<\/td>\n<td align=\"right\">1<\/td>\n<\/tr>\n<tr>\n<td height=\"15\">CAMPANARIO<\/td>\n<td align=\"right\">1<\/td>\n<td align=\"right\">1<\/td>\n<\/tr>\n<tr>\n<td height=\"15\">CASAS DE DON PEDRO<\/td>\n<td align=\"right\">1<\/td>\n<td align=\"right\">1<\/td>\n<\/tr>\n<tr>\n<td height=\"15\">CASTILBLANCO<\/td>\n<td align=\"right\">1<\/td>\n<td align=\"right\">1<\/td>\n<\/tr>\n<tr>\n<td height=\"15\">CASTUERA<\/td>\n<td align=\"right\">1<\/td>\n<td align=\"right\">1<\/td>\n<\/tr>\n<tr>\n<td height=\"15\">DON BENITO<\/td>\n<td align=\"right\">2<\/td>\n<td align=\"right\">3<\/td>\n<\/tr>\n<tr>\n<td height=\"15\">FREGENAL DE LA SIERRA<\/td>\n<td align=\"right\">1<\/td>\n<td align=\"right\">1<\/td>\n<\/tr>\n<tr>\n<td height=\"15\">GUARE\u00d1A<\/td>\n<td align=\"right\">1<\/td>\n<td align=\"right\">1<\/td>\n<\/tr>\n<tr>\n<td height=\"15\">HERRERA DEL DUQUE<\/td>\n<td align=\"right\">1<\/td>\n<td align=\"right\">1<\/td>\n<\/tr>\n<tr>\n<td height=\"15\">JEREZ DE LOS CABALLEROS<\/td>\n<td align=\"right\">2<\/td>\n<td align=\"right\">1<\/td>\n<\/tr>\n<tr>\n<td height=\"15\">LA ZARZA<\/td>\n<td align=\"right\">1<\/td>\n<td align=\"right\">1<\/td>\n<\/tr>\n<tr>\n<td height=\"15\">LLERENA<\/td>\n<td align=\"right\">1<\/td>\n<td align=\"right\">1<\/td>\n<\/tr>\n<tr>\n<td height=\"15\">LOS SANTOS DE MAIMONA<\/td>\n<td align=\"right\">1<\/td>\n<td align=\"right\">1<\/td>\n<\/tr>\n<tr>\n<td height=\"15\">MERIDA<\/td>\n<td align=\"right\">4<\/td>\n<td align=\"right\">5<\/td>\n<\/tr>\n<tr>\n<td height=\"15\">MONESTERIO<\/td>\n<td align=\"right\">1<\/td>\n<td align=\"right\">1<\/td>\n<\/tr>\n<tr>\n<td height=\"15\">MONTERRUBIO DE LA SERENA<\/td>\n<td align=\"right\">1<\/td>\n<td align=\"right\">1<\/td>\n<\/tr>\n<tr>\n<td height=\"15\">MONTIJO<\/td>\n<td align=\"right\">1<\/td>\n<td align=\"right\">1<\/td>\n<\/tr>\n<tr>\n<td height=\"15\">NAVALVILLAR DE PELA<\/td>\n<td align=\"right\">1<\/td>\n<td align=\"right\">1<\/td>\n<\/tr>\n<tr>\n<td height=\"15\">OLIVA DE LA FRONTERA<\/td>\n<td align=\"right\">1<\/td>\n<td align=\"right\">1<\/td>\n<\/tr>\n<tr>\n<td height=\"15\">OLIVENZA<\/td>\n<td align=\"right\">1<\/td>\n<td align=\"right\">1<\/td>\n<\/tr>\n<tr>\n<td height=\"15\">ORELLANA LA VIEJA<\/td>\n<td align=\"right\">1<\/td>\n<td align=\"right\">1<\/td>\n<\/tr>\n<tr>\n<td height=\"15\">PUEBLA DE LA CALZADA<\/td>\n<td align=\"right\">1<\/td>\n<td align=\"right\">1<\/td>\n<\/tr>\n<tr>\n<td height=\"15\">QUINTANA DE LA SERENA<\/td>\n<td align=\"right\">1<\/td>\n<td align=\"right\">1<\/td>\n<\/tr>\n<tr>\n<td height=\"15\">SAN VICENTE DE ALCANTARA<\/td>\n<td align=\"right\">1<\/td>\n<td align=\"right\">1<\/td>\n<\/tr>\n<tr>\n<td height=\"15\">SANTA AMALIA<\/td>\n<td align=\"right\">1<\/td>\n<td align=\"right\">1<\/td>\n<\/tr>\n<tr>\n<td height=\"15\">TALAVERA LA REAL<\/td>\n<td align=\"right\">1<\/td>\n<td align=\"right\">1<\/td>\n<\/tr>\n<tr>\n<td height=\"15\">VILLAFRANCA DE LOS BARROS<\/td>\n<td align=\"right\">2<\/td>\n<td align=\"right\">1<\/td>\n<\/tr>\n<tr>\n<td height=\"15\">VILLANUEVA DE LA SERENA<\/td>\n<td align=\"right\">2<\/td>\n<td align=\"right\">2<\/td>\n<\/tr>\n<tr>\n<td height=\"15\">ZAFRA<\/td>\n<td align=\"right\">3<\/td>\n<td align=\"right\">1<\/td>\n<\/tr>\n<tr>\n<td height=\"15\">C\u00c1CERES<\/td>\n<td align=\"right\">2<\/td>\n<td align=\"right\">20<\/td>\n<\/tr>\n<tr>\n<td height=\"15\">CORIA<\/td>\n<td align=\"right\">1<\/td>\n<td align=\"right\">2<\/td>\n<\/tr>\n<tr>\n<td height=\"15\">GUADALUPE<\/td>\n<td align=\"right\">1<\/td>\n<td align=\"right\">1<\/td>\n<\/tr>\n<tr>\n<td height=\"15\">JARAIZ DE LA VERA<\/td>\n<td align=\"right\">1<\/td>\n<td align=\"right\">1<\/td>\n<\/tr>\n<tr>\n<td height=\"15\">MIAJADAS<\/td>\n<td align=\"right\">1<\/td>\n<td align=\"right\">1<\/td>\n<\/tr>\n<tr>\n<td height=\"15\">NAVALMORAL DE LA MATA<\/td>\n<td align=\"right\">1<\/td>\n<td align=\"right\">3<\/td>\n<\/tr>\n<tr>\n<td height=\"15\">PLASENCIA<\/td>\n<td align=\"right\">1<\/td>\n<td align=\"right\">10<\/td>\n<\/tr>\n<tr>\n<td height=\"15\">TALAYUELA<\/td>\n<td align=\"right\">1<\/td>\n<td align=\"right\">1<\/td>\n<\/tr>\n<tr>\n<td height=\"15\">TRUJILLO<\/td>\n<td align=\"right\">1<\/td>\n<td align=\"right\">1<\/td>\n<\/tr>\n<tr>\n<td height=\"15\">VALENCIA DE ALCANTARA<\/td>\n<td align=\"right\">1<\/td>\n<td align=\"right\">1<\/td>\n<\/tr>\n<tr>\n<td height=\"15\"><\/td>\n<td align=\"right\">78<\/td>\n<td align=\"right\">96<\/td>\n<\/tr>\n<\/tbody>\n<\/table>\n<p>No obstante, el problema no se acaba dentro de los l\u00edmites administrativos de Extremadura. Tanto Caja Badajoz como Caja Extremadura <strong>tienen oficinas en otras provincias, y en ellas tambi\u00e9n se producen duplicidades en diez ciudades<\/strong>. Salamanca, C\u00f3rdoba y Sevilla tienen muchas papeletas para que les toque alg\u00fan cierre de oficinas:<\/p>\n<table width=\"340\" border=\"0\" cellspacing=\"0\" cellpadding=\"0\">\n<colgroup>\n<col span=\"4\" width=\"65\" \/> <\/colgroup>\n<tbody>\n<tr>\n<td width=\"65\" height=\"15\"><\/td>\n<td width=\"65\"><\/td>\n<td width=\"65\"><strong>Caja Badajoz<\/strong><\/td>\n<td width=\"65\"><strong>Caja Extremadura<\/strong><\/td>\n<\/tr>\n<tr>\n<td height=\"15\">BARCELONA<\/td>\n<td>CORNELL\u00c1<\/td>\n<td align=\"right\">1<\/td>\n<td align=\"right\">1<\/td>\n<\/tr>\n<tr>\n<td height=\"15\">C\u00d3RDOBA<\/td>\n<td>C\u00d3RDOBA<\/td>\n<td align=\"right\">4<\/td>\n<td align=\"right\">2<\/td>\n<\/tr>\n<tr>\n<td rowspan=\"5\" width=\"65\" height=\"75\">MADRID<\/td>\n<td>ALCORC\u00d3N<\/td>\n<td align=\"right\">1<\/td>\n<td align=\"right\">1<\/td>\n<\/tr>\n<tr>\n<td height=\"15\">FUENLABRADA<\/td>\n<td align=\"right\">1<\/td>\n<td align=\"right\">1<\/td>\n<\/tr>\n<tr>\n<td height=\"15\">GETAFE<\/td>\n<td align=\"right\">1<\/td>\n<td align=\"right\">1<\/td>\n<\/tr>\n<tr>\n<td height=\"15\">LEGAN\u00c9S<\/td>\n<td align=\"right\">1<\/td>\n<td align=\"right\">1<\/td>\n<\/tr>\n<tr>\n<td height=\"15\">MADRID<\/td>\n<td align=\"right\">1<\/td>\n<td align=\"right\">3<\/td>\n<\/tr>\n<tr>\n<td height=\"15\">SALAMANCA<\/td>\n<td>SALAMANCA<\/td>\n<td align=\"right\">3<\/td>\n<td align=\"right\">5<\/td>\n<\/tr>\n<tr>\n<td height=\"15\">SEVILLA<\/td>\n<td>SEVILLA<\/td>\n<td align=\"right\">5<\/td>\n<td align=\"right\">2<\/td>\n<\/tr>\n<tr>\n<td height=\"15\">TOLEDO<\/td>\n<td>TALAVERA DE LA REINA<\/td>\n<td align=\"right\">1<\/td>\n<td align=\"right\">1<\/td>\n<\/tr>\n<tr>\n<td height=\"15\"><\/td>\n<td><\/td>\n<td align=\"right\">19<\/td>\n<td align=\"right\">18<\/td>\n<\/tr>\n<\/tbody>\n<\/table>\n<p>La tarea que tienen por delante los directivos, si la fusi\u00f3n supera todos los tr\u00e1mites, es <strong>analizar caso por caso y determinar si el volumen de negocio en cada una de estas poblaciones es suficiente como para mantener el n\u00famero actual de oficinas y personal<\/strong>.<\/p>\n<p>Y en esos c\u00e1lculos no s\u00f3lo entrar\u00e1n las oficinas de las dos cajas extreme\u00f1as, sino tambi\u00e9n las de sus socias. <strong>Ibercaja, por ejemplo, tiene sendas oficinas en C\u00e1ceres y Badajoz<\/strong>. Adem\u00e1s, la caja aragonesa tiene una presencia muy importante en Catalu\u00f1a y Madrid, lo cual pone <strong>en el aire el futuro de las sucursales extreme\u00f1as en esas comunidades<\/strong>.<\/p>\n<p>El problema del solapamiento de oficinas hac\u00eda parecer poco recomendable la fusi\u00f3n de Caja3, Ibercaja y Liberbank, pero <strong>otras combinaciones tampoco son f\u00e1ciles<\/strong>. Si Caja3 o Liberbank hubieran apostado por fusionarse con Unicaja, <strong>surgir\u00eda otro enorme inconveniente con el m\u00e1s de medio centenar de oficinas de Caja Espa\u00f1a-Duero en Extremadura<\/strong>, muchas de las cuales se encuentran en localidades peque\u00f1as de la provincia de C\u00e1ceres, lo cual tendr\u00eda un impacto a\u00fan m\u00e1s negativo para el entorno rural de la regi\u00f3n.<\/p>\n<p>De todas formas, habr\u00e1 que esperar a ver c\u00f3mo se desarrollan las negociaciones para concretar la fusi\u00f3n.<\/p>\n<!-- AddThis Advanced Settings generic via filter on the_content --><!-- AddThis Share Buttons generic via filter on the_content -->","protected":false},"excerpt":{"rendered":"<p>El solapamiento de oficinas en Extremadura ser\u00e1 uno de los principales quebraderos de cabeza que tendr\u00e1n que resolver los directivos de la entidad que surja de la fusi\u00f3n de Banco Cajatres (en el que participa Caja Badajoz), Ibercaja Banco y Liberbank (del que es socia Caja Extremadura), cuya uni\u00f3n ser\u00e1 sometida a la decisi\u00f3n de [&hellip;]<!-- AddThis Advanced Settings generic via filter on get_the_excerpt --><!-- AddThis Share Buttons generic via filter on get_the_excerpt --><\/p>\n","protected":false},"author":21,"featured_media":0,"comment_status":"open","ping_status":"closed","sticky":false,"template":"","format":"standard","meta":[],"categories":[4],"tags":[60,62,63,65,83,148,162,183,220,227,256,307,323,328],"_links":{"self":[{"href":"https:\/\/blogs.hoy.es\/extredato\/wp-json\/wp\/v2\/posts\/45"}],"collection":[{"href":"https:\/\/blogs.hoy.es\/extredato\/wp-json\/wp\/v2\/posts"}],"about":[{"href":"https:\/\/blogs.hoy.es\/extredato\/wp-json\/wp\/v2\/types\/post"}],"author":[{"embeddable":true,"href":"https:\/\/blogs.hoy.es\/extredato\/wp-json\/wp\/v2\/users\/21"}],"replies":[{"embeddable":true,"href":"https:\/\/blogs.hoy.es\/extredato\/wp-json\/wp\/v2\/comments?post=45"}],"version-history":[{"count":0,"href":"https:\/\/blogs.hoy.es\/extredato\/wp-json\/wp\/v2\/posts\/45\/revisions"}],"wp:attachment":[{"href":"https:\/\/blogs.hoy.es\/extredato\/wp-json\/wp\/v2\/media?parent=45"}],"wp:term":[{"taxonomy":"category","embeddable":true,"href":"https:\/\/blogs.hoy.es\/extredato\/wp-json\/wp\/v2\/categories?post=45"},{"taxonomy":"post_tag","embeddable":true,"href":"https:\/\/blogs.hoy.es\/extredato\/wp-json\/wp\/v2\/tags?post=45"}],"curies":[{"name":"wp","href":"https:\/\/api.w.org\/{rel}","templated":true}]}}