{"id":5,"date":"2012-01-18T13:12:33","date_gmt":"2012-01-18T13:12:33","guid":{"rendered":"http:\/\/blogs.hoy.es\/extredato\/?p=5"},"modified":"2012-01-18T13:12:33","modified_gmt":"2012-01-18T13:12:33","slug":"verdades-mentiras-y-estadisticas","status":"publish","type":"post","link":"https:\/\/blogs.hoy.es\/extredato\/2012\/01\/18\/verdades-mentiras-y-estadisticas\/","title":{"rendered":"Verdades, mentiras y estad\u00edsticas"},"content":{"rendered":"<p>Nos hemos acostumbrado, sobre todo en los \u00faltimos tiempos, a que los medios de comunici\u00f3n nos inunden a diario con cientos de cifras. La omnipresente crisis econ\u00f3mica se traduce en un sinf\u00edn de n\u00fameros sobre el paro, el d\u00e9ficit, la deuda, el PIB, el IPC, los presupuestos, los impuestos,&#8230; El problema es que, con cierta frecuencia, se lanzan esos datos sin saber muy bien qu\u00e9 quieren decir, qu\u00e9 importancia tienen, cu\u00e1les son los verdaderamente relevantes,&#8230; A veces, incluso, se confunden conceptos, de tal modo que lo que se pretend\u00eda como informaci\u00f3n se convierte en desinformaci\u00f3n.<\/p>\n<p>A la falta de formaci\u00f3n espec\u00edfica sobre temas econ\u00f3micos que tienen muchos periodistas (por culpa de las interminables jornadas de trabajo o por escaso inter\u00e9s personal) se le une ese mismo problema entre los pol\u00edticos, que en demasiadas ocasiones se equivocan al hablar de temas econ\u00f3micos, por desconocimiento o, lo que es peor, porque tienen la intenci\u00f3n de confundir y enga\u00f1ar a los ciudadanos. Seg\u00fan un dicho c\u00e9lebre, existen &#8220;verdades, mentiras y estad\u00edsticas&#8221;, porque con frecuencia las cifras tienen muchos puntos de vista. Y a ello se agarran muy a menudo esos pol\u00edticos.<\/p>\n<p>Con toda la humildad del mundo, porque a\u00fan no soy economista (pero estoy en ello), desde este blog voy a intentar contrastar algunas cifras, en ocasiones no s\u00f3lo sobre econom\u00eda, que se dan sobre Extremadura y aclarar algunos conceptos econ\u00f3micos que se utilizan err\u00f3neamente, con el \u00e1nimo de contribuir a una mejor informaci\u00f3n de los extreme\u00f1os.<\/p>\n<!-- AddThis Advanced Settings generic via filter on the_content --><!-- AddThis Share Buttons generic via filter on the_content -->","protected":false},"excerpt":{"rendered":"<p>Nos hemos acostumbrado, sobre todo en los \u00faltimos tiempos, a que los medios de comunici\u00f3n nos inunden a diario con cientos de cifras. La omnipresente crisis econ\u00f3mica se traduce en un sinf\u00edn de n\u00fameros sobre el paro, el d\u00e9ficit, la deuda, el PIB, el IPC, los presupuestos, los impuestos,&#8230; El problema es que, con cierta [&hellip;]<!-- AddThis Advanced Settings generic via filter on get_the_excerpt --><!-- AddThis Share Buttons generic via filter on get_the_excerpt --><\/p>\n","protected":false},"author":21,"featured_media":0,"comment_status":"open","ping_status":"closed","sticky":false,"template":"","format":"standard","meta":[],"categories":[7],"tags":[],"_links":{"self":[{"href":"https:\/\/blogs.hoy.es\/extredato\/wp-json\/wp\/v2\/posts\/5"}],"collection":[{"href":"https:\/\/blogs.hoy.es\/extredato\/wp-json\/wp\/v2\/posts"}],"about":[{"href":"https:\/\/blogs.hoy.es\/extredato\/wp-json\/wp\/v2\/types\/post"}],"author":[{"embeddable":true,"href":"https:\/\/blogs.hoy.es\/extredato\/wp-json\/wp\/v2\/users\/21"}],"replies":[{"embeddable":true,"href":"https:\/\/blogs.hoy.es\/extredato\/wp-json\/wp\/v2\/comments?post=5"}],"version-history":[{"count":0,"href":"https:\/\/blogs.hoy.es\/extredato\/wp-json\/wp\/v2\/posts\/5\/revisions"}],"wp:attachment":[{"href":"https:\/\/blogs.hoy.es\/extredato\/wp-json\/wp\/v2\/media?parent=5"}],"wp:term":[{"taxonomy":"category","embeddable":true,"href":"https:\/\/blogs.hoy.es\/extredato\/wp-json\/wp\/v2\/categories?post=5"},{"taxonomy":"post_tag","embeddable":true,"href":"https:\/\/blogs.hoy.es\/extredato\/wp-json\/wp\/v2\/tags?post=5"}],"curies":[{"name":"wp","href":"https:\/\/api.w.org\/{rel}","templated":true}]}}