{"id":51,"date":"2012-06-13T13:37:54","date_gmt":"2012-06-13T12:37:54","guid":{"rendered":"http:\/\/blogs.hoy.es\/extredato\/?p=51"},"modified":"2012-06-13T13:37:54","modified_gmt":"2012-06-13T12:37:54","slug":"la-reduccion-de-diputados-propuesta-por-el-pp-no-afectaria-a-la-actual-correlacion-de-fuerzas","status":"publish","type":"post","link":"https:\/\/blogs.hoy.es\/extredato\/2012\/06\/13\/la-reduccion-de-diputados-propuesta-por-el-pp-no-afectaria-a-la-actual-correlacion-de-fuerzas\/","title":{"rendered":"La reducci\u00f3n de diputados propuesta por el PP no afectar\u00eda a la actual correlaci\u00f3n de fuerzas"},"content":{"rendered":"<p>El PP extreme\u00f1o acaba de presentar en la Asamblea de Extremadura su propuesta para reducir a 45 el n\u00famero de diputados, tal como anunci\u00f3 ayer el presidente de la Junta y l\u00edder de los populares, Jos\u00e9 Antonio Monago. La <a href=\"http:\/\/www.boe.es\/aeboe\/consultas\/bases_datos\/doc.php?id=BOE-A-1987-8817\" rel=\"external nofollow\">Ley 2\/1987, de 16 de marzo, de elecciones a la Asamblea de Extremadura<\/a> establece que a cada provincia le corresponde un m\u00ednimo de 20 diputados y que los 25 restantes se reparten en proporci\u00f3n a la poblaci\u00f3n provincial. En la actualidad, eso significa que Badajoz cuenta con 36 diputados y C\u00e1ceres con 29. La iniciativa presentada hoy por el PP propone reducir a 14 el n\u00famero m\u00ednimo de diputados por provincia y bajar de 25 a 17 los esca\u00f1os que se reparten seg\u00fan la poblaci\u00f3n. Eso supondr\u00eda que Badajoz obtendr\u00eda ahora mismo 25 diputados y C\u00e1ceres se quedar\u00eda con 20.<\/p>\n<p>As\u00ed pues, <a href=\"https:\/\/blogs.hoy.es\/extredato\/2012\/05\/17\/eliminar-20-diputados-de-la-asamblea-daria-mayoria-absoluta-al-pp\/\">actualizando el ejercicio de pol\u00edtica-ficci\u00f3n<\/a> ya publicado hace unas semanas en este blog (entonces el c\u00e1lculo era sobre 26+19, quitando diez diputados fijos a cada provincia), obtenemos que el nuevo criterio de reparto no afectar\u00eda a la actual correlaci\u00f3n de fuerzas de la Asamblea -en el hipot\u00e9tico caso de que su aplicaci\u00f3n fuera inmediata-, puesto que los resultados ser\u00edan: 22 esca\u00f1os para el PP, 21 para el PSOE y 2 para IU.<\/p>\n<p>&nbsp;<\/p>\n<table width=\"228\" border=\"0\" cellspacing=\"0\" cellpadding=\"0\">\n<colgroup>\n<col width=\"114\" \/>\n<col span=\"3\" width=\"38\" \/> <\/colgroup>\n<tbody>\n<tr>\n<td width=\"114\" height=\"15\"><\/td>\n<td style=\"text-align: center;\" width=\"38\"><strong>PP<\/strong><\/td>\n<td style=\"text-align: center;\" width=\"38\"><strong>PSOE<\/strong><\/td>\n<td style=\"text-align: center;\" width=\"38\"><strong>IU<\/strong><\/td>\n<\/tr>\n<tr>\n<td height=\"15\">Badajoz<\/td>\n<td style=\"text-align: center;\" align=\"right\">12<\/td>\n<td style=\"text-align: center;\" align=\"right\">12<\/td>\n<td style=\"text-align: center;\" align=\"right\">1<\/td>\n<\/tr>\n<tr>\n<td height=\"15\">C\u00e1ceres<\/td>\n<td style=\"text-align: center;\" align=\"right\">10<\/td>\n<td style=\"text-align: center;\" align=\"right\">9<\/td>\n<td style=\"text-align: center;\" align=\"right\">1<\/td>\n<\/tr>\n<tr>\n<td height=\"15\">Total<\/td>\n<td style=\"text-align: center;\" align=\"right\"><strong>22<\/strong><\/td>\n<td style=\"text-align: center;\" align=\"right\"><strong>21<\/strong><\/td>\n<td style=\"text-align: center;\" align=\"right\"><strong>2<\/strong><\/td>\n<\/tr>\n<\/tbody>\n<\/table>\n<p>&nbsp;<\/p>\n<p>Se constata, por tanto, con respecto a lo que ya se dec\u00eda en este blog, que el resultado depende de d\u00f3nde se reducen los diputados, si de la cuota fija o de la proporcional a la poblaci\u00f3n, y en qu\u00e9 cuant\u00eda. El PP opta por reducir las dos cuotas, de tal forma que mantengan un peso similar al actual.<\/p>\n<p>De todas formas, en caso de que se aprobara una reforma de la Ley Electoral extreme\u00f1a, los cambios abr\u00edan de aplicarse a la siguiente legislatura -hacerlo ahora probablemente ser\u00eda imposible desde el punto de vista legal, porque no se puede desposeer a nadie de su esca\u00f1o as\u00ed como as\u00ed-, de tal manera que el nuevo criterio comenzar\u00eda a funcionar desde cero y as\u00ed todos los partidos jugar\u00edan con las mismas reglas desde el principio de la partida.<\/p>\n<!-- AddThis Advanced Settings generic via filter on the_content --><!-- AddThis Share Buttons generic via filter on the_content -->","protected":false},"excerpt":{"rendered":"<p>El PP extreme\u00f1o acaba de presentar en la Asamblea de Extremadura su propuesta para reducir a 45 el n\u00famero de diputados, tal como anunci\u00f3 ayer el presidente de la Junta y l\u00edder de los populares, Jos\u00e9 Antonio Monago. La Ley 2\/1987, de 16 de marzo, de elecciones a la Asamblea de Extremadura establece que a [&hellip;]<!-- AddThis Advanced Settings generic via filter on get_the_excerpt --><!-- AddThis Share Buttons generic via filter on get_the_excerpt --><\/p>\n","protected":false},"author":21,"featured_media":0,"comment_status":"open","ping_status":"closed","sticky":false,"template":"","format":"standard","meta":[],"categories":[7],"tags":[123,148,201,206,219,281,289,294],"_links":{"self":[{"href":"https:\/\/blogs.hoy.es\/extredato\/wp-json\/wp\/v2\/posts\/51"}],"collection":[{"href":"https:\/\/blogs.hoy.es\/extredato\/wp-json\/wp\/v2\/posts"}],"about":[{"href":"https:\/\/blogs.hoy.es\/extredato\/wp-json\/wp\/v2\/types\/post"}],"author":[{"embeddable":true,"href":"https:\/\/blogs.hoy.es\/extredato\/wp-json\/wp\/v2\/users\/21"}],"replies":[{"embeddable":true,"href":"https:\/\/blogs.hoy.es\/extredato\/wp-json\/wp\/v2\/comments?post=51"}],"version-history":[{"count":0,"href":"https:\/\/blogs.hoy.es\/extredato\/wp-json\/wp\/v2\/posts\/51\/revisions"}],"wp:attachment":[{"href":"https:\/\/blogs.hoy.es\/extredato\/wp-json\/wp\/v2\/media?parent=51"}],"wp:term":[{"taxonomy":"category","embeddable":true,"href":"https:\/\/blogs.hoy.es\/extredato\/wp-json\/wp\/v2\/categories?post=51"},{"taxonomy":"post_tag","embeddable":true,"href":"https:\/\/blogs.hoy.es\/extredato\/wp-json\/wp\/v2\/tags?post=51"}],"curies":[{"name":"wp","href":"https:\/\/api.w.org\/{rel}","templated":true}]}}