{"id":53,"date":"2012-06-15T10:40:41","date_gmt":"2012-06-15T09:40:41","guid":{"rendered":"http:\/\/blogs.hoy.es\/extredato\/?p=53"},"modified":"2012-06-15T10:40:41","modified_gmt":"2012-06-15T09:40:41","slug":"la-deuda-publica-extremena-alcanza-ya-los-2-0716-millones-de-euros","status":"publish","type":"post","link":"https:\/\/blogs.hoy.es\/extredato\/2012\/06\/15\/la-deuda-publica-extremena-alcanza-ya-los-2-0716-millones-de-euros\/","title":{"rendered":"La deuda p\u00fablica extreme\u00f1a alcanza ya los 2.071,6 millones de euros"},"content":{"rendered":"<p><strong>La deuda p\u00fablica de las comunidades aut\u00f3nomas sigue creciendo sin freno<\/strong>, a pesar de los l\u00edmites establecidos para el endeudamiento regional y de las dificultades que las autonom\u00edas encuentran a la hora de pedir dinero a los mercados. Seg\u00fan los datos publicados hoy por el <a href=\"http:\/\/www.bde.es\" rel=\"external nofollow\">Banco de Espa\u00f1a<\/a>, referidos al primer trimestre de 2012, las administraciones regionales acumulan una deuda de 145.117,6 millones de euros. Si se le suma la correspondiente a las empresas p\u00fablicas regionales, que es de 13.191 millones, <strong>el total de la deuda p\u00fablica auton\u00f3mica alcanza los 158.308,6 millones de euros<\/strong>.<\/p>\n<p>Por lo que se refiere a Extremadura, <strong>el endeudamiento de la Administraci\u00f3n regional se sit\u00faa en el primer trimestre del a\u00f1o en 2.044,7 millones de euros, un 1,2% m\u00e1s que el trimestre anterior<\/strong>. Es la sexta regi\u00f3n con mejor evoluci\u00f3n. La media aument\u00f3 el 3,6%. Con respecto al mismo periodo del a\u00f1o anterior, la deuda extreme\u00f1a ha subido un 12,3%, mientras que la media lo ha hecho en un 15,7%.<\/p>\n<p><strong>La evoluci\u00f3n es m\u00e1s negativa en el terreno de las empresas p\u00fablicas auton\u00f3micas<\/strong>. La deuda de las extreme\u00f1as sube hasta los 27 millones de euros, un 20,3%, el segundo mayor aumento trimestral, frente a una media que baja el 4,9%. Con respecto al \u00faltimo a\u00f1o, el endeudamiento de las empresas p\u00fablicas extreme\u00f1as desciende un 2,5%, mientras que la media lo hace en un 12,2%.<\/p>\n<p>Sumando ambas partidas, <strong>la deuda p\u00fablica total de Extremadura asciende ya a 2.071,6 millones de euros, un 1,4% m\u00e1s en el \u00faltimo trimestre<\/strong> (la mitad que la media) y un 12,1% m\u00e1s en el \u00faltimo a\u00f1o (s\u00f3lo 0,6 puntos menos que la media).<\/p>\n<p>La ratio de deuda total por habitante indica que en Extremadura es de 1.872 euros, frente a los 3.365 euros de la media nacional. <strong>La regi\u00f3n recupera su posici\u00f3n como comunidad aut\u00f3noma con menor deuda total por habitante<\/strong>, en una clasificaci\u00f3n que encabeza Catalu\u00f1a con casi 6.400 euros por habitante.<\/p>\n<p>&nbsp;<\/p>\n<p style=\"text-align: center;\"><img loading=\"lazy\" class=\"aligncenter\" style=\"vertical-align: middle;\" src=\"\/extredato\/wp-content\/uploads\/sites\/17\/2012\/06\/deuda-total.jpg\" alt=\"\" width=\"507\" height=\"310\" \/><\/p>\n<p>&nbsp;<\/p>\n<p>En cuanto al PIB,<strong> el endeudamiento total represente al 11,9% del PIB<\/strong> (11,7% por la Administraci\u00f3n y 0,2% por las empresas p\u00fablicas), frente al 14,7% de la media. Extremadura es la octava regi\u00f3n en deuda total sobre PIB. No obstante, la diferencia se ha recortado en 0,6 puntos en el primer trimestre del a\u00f1o.<\/p>\n<p>Entrando en el tipo de instrumentos de deuda que utiliza la Administraci\u00f3n extreme\u00f1a, <strong>el incremento registrado en el \u00faltimo trimestre se centra en el cap\u00edtulo de t\u00edtulos de valores<\/strong>, puesto la deuda extreme\u00f1a emitida a trav\u00e9s de obligaciones ha pasado de 41 a 66 millones tras la <a href=\"https:\/\/blogs.hoy.es\/extredato\/2012\/03\/21\/la-junta-paga-060-puntos-mas-de-diferencial-por-las-nuevas-obligaciones\/\">emisi\u00f3n del pasado mes de marzo<\/a>, ya avanzada en este blog. Por su parte, la deuda contra\u00edda a trav\u00e9s de pr\u00e9stamos ha bajado en un mill\u00f3n de euros. No obstante, dentro de este cap\u00edtulo se ha producido una reestructuraci\u00f3n, con una reducci\u00f3n de la deuda a corto plazo a cambio de un aumento de la deuda a largo plazo.<\/p>\n<p>&nbsp;<\/p>\n<!-- AddThis Advanced Settings generic via filter on the_content --><!-- AddThis Share Buttons generic via filter on the_content -->","protected":false},"excerpt":{"rendered":"<p>La deuda p\u00fablica de las comunidades aut\u00f3nomas sigue creciendo sin freno, a pesar de los l\u00edmites establecidos para el endeudamiento regional y de las dificultades que las autonom\u00edas encuentran a la hora de pedir dinero a los mercados. Seg\u00fan los datos publicados hoy por el Banco de Espa\u00f1a, referidos al primer trimestre de 2012, las [&hellip;]<!-- AddThis Advanced Settings generic via filter on get_the_excerpt --><!-- AddThis Share Buttons generic via filter on get_the_excerpt --><\/p>\n","protected":false},"author":21,"featured_media":0,"comment_status":"open","ping_status":"closed","sticky":false,"template":"","format":"standard","meta":[],"categories":[2],"tags":[45,121,148,270],"_links":{"self":[{"href":"https:\/\/blogs.hoy.es\/extredato\/wp-json\/wp\/v2\/posts\/53"}],"collection":[{"href":"https:\/\/blogs.hoy.es\/extredato\/wp-json\/wp\/v2\/posts"}],"about":[{"href":"https:\/\/blogs.hoy.es\/extredato\/wp-json\/wp\/v2\/types\/post"}],"author":[{"embeddable":true,"href":"https:\/\/blogs.hoy.es\/extredato\/wp-json\/wp\/v2\/users\/21"}],"replies":[{"embeddable":true,"href":"https:\/\/blogs.hoy.es\/extredato\/wp-json\/wp\/v2\/comments?post=53"}],"version-history":[{"count":0,"href":"https:\/\/blogs.hoy.es\/extredato\/wp-json\/wp\/v2\/posts\/53\/revisions"}],"wp:attachment":[{"href":"https:\/\/blogs.hoy.es\/extredato\/wp-json\/wp\/v2\/media?parent=53"}],"wp:term":[{"taxonomy":"category","embeddable":true,"href":"https:\/\/blogs.hoy.es\/extredato\/wp-json\/wp\/v2\/categories?post=53"},{"taxonomy":"post_tag","embeddable":true,"href":"https:\/\/blogs.hoy.es\/extredato\/wp-json\/wp\/v2\/tags?post=53"}],"curies":[{"name":"wp","href":"https:\/\/api.w.org\/{rel}","templated":true}]}}