{"id":56,"date":"2012-06-18T11:44:32","date_gmt":"2012-06-18T10:44:32","guid":{"rendered":"http:\/\/blogs.hoy.es\/extredato\/?p=56"},"modified":"2012-06-18T11:44:32","modified_gmt":"2012-06-18T10:44:32","slug":"los-extremenos-han-reducido-un-5-sus-creditos-y-depositos-bancarios-en-el-ultimo-ano","status":"publish","type":"post","link":"https:\/\/blogs.hoy.es\/extredato\/2012\/06\/18\/los-extremenos-han-reducido-un-5-sus-creditos-y-depositos-bancarios-en-el-ultimo-ano\/","title":{"rendered":"Los extreme\u00f1os han reducido un 5% sus cr\u00e9ditos y dep\u00f3sitos bancarios en el \u00faltimo a\u00f1o"},"content":{"rendered":"<p><strong>Uno de los term\u00f3metros m\u00e1s importantes para seguir la evoluci\u00f3n de la crisis es el de los cr\u00e9ditos y dep\u00f3sitos en entidades de cr\u00e9dito<\/strong>. Y, por lo que se refiere a los extreme\u00f1os, los \u00faltimos datos revelan que <strong>contin\u00faa la tendencia a la baja iniciada a finales de 2010<\/strong>. Seg\u00fan las cifras publicadas hoy por el <a href=\"http:\/\/www.bde.es\/webbde\/es\/estadis\/infoest\/bolest.html\" rel=\"external nofollow\">Banco de Espa\u00f1a<\/a>, los cr\u00e9ditos y los dep\u00f3sitos bancarios <strong>se han reducido en Extremadura m\u00e1s de un 5% en el \u00faltimo a\u00f1o, muy por encima de la media espa\u00f1ola.<\/strong><\/p>\n<p>A 31 de marzo de 2012, <strong>los extreme\u00f1os<\/strong> (incluidos particulares, empresas y administraciones p\u00fablicas) <strong>mantienen cr\u00e9ditos por valor de 21.993,7 millones de euros<\/strong>, un 3,6% menos que el trimestre anterior y un 5,4% menos que un a\u00f1o antes. La media nacional es de -0,9% y -3,3%, respectivamente. Entrando en m\u00e1s detalle, se constata que <strong>las administraciones p\u00fablicas extreme\u00f1as siguen tomando m\u00e1s dinero prestado<\/strong> de las entidades de cr\u00e9dito, hasta un total de 1.979,5 millones de euros, un 4,8% m\u00e1s en los \u00faltimos doce meses. En cambio, <strong>ciudadanos y empresas<\/strong> (t\u00e9cnicamente, &#8220;otros sectores residentes&#8221;) <strong>aumentan con fuerza el ritmo de reducci\u00f3n de cr\u00e9ditos<\/strong>, pues recortan m\u00e1s de 800 millones, un 4% en el \u00faltimo trimestre y un 6,3% interanual, hasta situarse en 20.014,2 millones de euros. Este esfuerzo parece ir encaminado a la <strong>necesaria rebaja del endeudamiento privado<\/strong> que se\u00f1alan algunos economistas como un <strong>requisito imprescindible para corregir los desequilibrios de fondo de la econom\u00eda espa\u00f1ola<\/strong>.<\/p>\n<p>En cuando a los dep\u00f3sitos, <strong>los extreme\u00f1os ten\u00edan en marzo en sus cuentas un total de 16.863 millones<\/strong> de euros, un 2,5% menos que el trimestre anterior y un 5,3% menos que un a\u00f1o antes. En Espa\u00f1a, los dep\u00f3sitos totales crecieron un 0,5% en el \u00faltimo trimestre, pero bajaron un 3,8% interanual. En el caso de las administraciones p\u00fablicas extreme\u00f1as, sus dep\u00f3sitos se han reducido de manera muy notable, un 10,2% en el trimestre y casi un 39% en el \u00faltimo a\u00f1o, hasta situarse en 547,6 millones de euros. En comparaci\u00f3n con los cr\u00e9ditos, <strong>las administraciones extreme\u00f1as deben 1.432 millones de euros m\u00e1s que lo que tienen en dep\u00f3sitos<\/strong>.<\/p>\n<p>Por lo que se refiere a los<strong> dep\u00f3sitos de ciudadanos y empresas, \u00e9stos han bajado hasta los 16.315,3 millones<\/strong> de euros, lo que supone un 2,3% menos en el \u00faltimo trimestre y un 3,5% menos en el \u00faltimo a\u00f1o. La diferencia con los cr\u00e9ditos arroja un <strong>saldo deudor de casi 3.700 millones de euros<\/strong>. Ello <strong>supone una reducci\u00f3n de en torno a un 40% con respecto a la brecha m\u00e1xima, alcanzada a mediados de 2008, y una vuelta a niveles m\u00e1s moderados del a\u00f1o 2006<\/strong>.<\/p>\n<p>Del total de dep\u00f3sitos, los extreme\u00f1os tienen casi el <strong>52% en dep\u00f3sitos a plazo fijo<\/strong>, el 35% en dep\u00f3sitos de ahorro y el 13% en cuentas a la vista.<\/p>\n<p style=\"text-align: center;\"><img loading=\"lazy\" class=\"aligncenter\" style=\"vertical-align: middle;\" src=\"\/extredato\/wp-content\/uploads\/sites\/17\/2012\/06\/creditos-depositos-1T2012.jpg\" alt=\"\" width=\"582\" height=\"355\" \/><\/p>\n<!-- AddThis Advanced Settings generic via filter on the_content --><!-- AddThis Share Buttons generic via filter on the_content -->","protected":false},"excerpt":{"rendered":"<p>Uno de los term\u00f3metros m\u00e1s importantes para seguir la evoluci\u00f3n de la crisis es el de los cr\u00e9ditos y dep\u00f3sitos en entidades de cr\u00e9dito. Y, por lo que se refiere a los extreme\u00f1os, los \u00faltimos datos revelan que contin\u00faa la tendencia a la baja iniciada a finales de 2010. Seg\u00fan las cifras publicadas hoy por [&hellip;]<!-- AddThis Advanced Settings generic via filter on get_the_excerpt --><!-- AddThis Share Buttons generic via filter on get_the_excerpt --><\/p>\n","protected":false},"author":21,"featured_media":0,"comment_status":"open","ping_status":"closed","sticky":false,"template":"","format":"standard","meta":[],"categories":[2,4],"tags":[16,108,116,134,148],"_links":{"self":[{"href":"https:\/\/blogs.hoy.es\/extredato\/wp-json\/wp\/v2\/posts\/56"}],"collection":[{"href":"https:\/\/blogs.hoy.es\/extredato\/wp-json\/wp\/v2\/posts"}],"about":[{"href":"https:\/\/blogs.hoy.es\/extredato\/wp-json\/wp\/v2\/types\/post"}],"author":[{"embeddable":true,"href":"https:\/\/blogs.hoy.es\/extredato\/wp-json\/wp\/v2\/users\/21"}],"replies":[{"embeddable":true,"href":"https:\/\/blogs.hoy.es\/extredato\/wp-json\/wp\/v2\/comments?post=56"}],"version-history":[{"count":0,"href":"https:\/\/blogs.hoy.es\/extredato\/wp-json\/wp\/v2\/posts\/56\/revisions"}],"wp:attachment":[{"href":"https:\/\/blogs.hoy.es\/extredato\/wp-json\/wp\/v2\/media?parent=56"}],"wp:term":[{"taxonomy":"category","embeddable":true,"href":"https:\/\/blogs.hoy.es\/extredato\/wp-json\/wp\/v2\/categories?post=56"},{"taxonomy":"post_tag","embeddable":true,"href":"https:\/\/blogs.hoy.es\/extredato\/wp-json\/wp\/v2\/tags?post=56"}],"curies":[{"name":"wp","href":"https:\/\/api.w.org\/{rel}","templated":true}]}}