{"id":61,"date":"2012-06-26T12:43:42","date_gmt":"2012-06-26T11:43:42","guid":{"rendered":"http:\/\/blogs.hoy.es\/extredato\/?p=61"},"modified":"2012-06-26T12:43:42","modified_gmt":"2012-06-26T11:43:42","slug":"la-economia-extremena-cayo-un-18-en-el-primer-trimestre-de-2012","status":"publish","type":"post","link":"https:\/\/blogs.hoy.es\/extredato\/2012\/06\/26\/la-economia-extremena-cayo-un-18-en-el-primer-trimestre-de-2012\/","title":{"rendered":"La econom\u00eda extreme\u00f1a cay\u00f3 un 1,8% en el primer trimestre de 2012"},"content":{"rendered":"<p>El Instituto de Estad\u00edstica de Extremadura (IEEX) confirma lo que ya se tem\u00eda: que <strong>la econom\u00eda extreme\u00f1a est\u00e1 experimentando una recesi\u00f3n mucho m\u00e1s dur0 que la media nacional<\/strong>. En concreto, y seg\u00fan los datos de la <a href=\"http:\/\/www.estadisticaextremadura.com\/gestore\/docs\/varios\/coyuntura_trimestral\/2012\/\/coyuntit2012.pdf\" rel=\"external nofollow\">Contabilidad Trimestral de Extremadura <\/a>reci\u00e9n publicados -con la nueva base 2008 del INE-, el PIB extreme\u00f1o <strong>cay\u00f3 un 1,8% interanual en el primer trimestre de 2012, un desplome m\u00e1s de cuatro veces mayor que el de la econom\u00eda nacional<\/strong>, que baj\u00f3 el 0,4% en el mismo periodo. El retroceso calculado por el IEEX es una d\u00e9cima superior al que hace dos semanas dio a conocer la Fundaci\u00f3n Caja Extremadura en su <a href=\"http:\/\/www.fundacioncajaextremadura.es\/publicaciones\/Boletin1-2012.pdf\" rel=\"external nofollow\">Bolet\u00edn de Coyuntura Econ\u00f3mica<\/a>.<\/p>\n<p>Con respecto al \u00faltimo trimestre de 2011, el PIB regional ha descendido un 0,4%, una d\u00e9cima m\u00e1s que la media del pa\u00eds.<\/p>\n<p><strong>El \u00fanico sector que est\u00e1 tirando de la econom\u00eda extreme\u00f1a es el agroganadero<\/strong>.\u00a0A pesar de que ha retrocedido un 0,1% intertrimestral, en los \u00faltimos doce meses acumula un avance del 3,1%, casi cuatro veces m\u00e1s que la agricultura nacional. Entre los sectores que retroceden, la industria baja un 0,2% interanual, un dato relativamente positivo si se compara con la ca\u00edda del 3% de la industria nacional. La construcci\u00f3n, que es el sector con peor evoluci\u00f3n, desciende un 4,9%, cuatro d\u00e9cimas menos que la media del pa\u00eds. <strong>El sector decisivo en la abultada ca\u00edda interanual de la econom\u00eda es el de los servicios, pues pierde un 2,3%<\/strong>, que contrasta con la subida del 0,8% de la media nacional. <strong>Los positivos datos del turismo y el comercio exterior no parecen suficientes para amortiguar este duro retroceso<\/strong> del sector con m\u00e1s peso de la econom\u00eda extreme\u00f1a.<\/p>\n<p>El IEEX no ofrece previsiones oficiales para los siguientes trimestres, pero, <strong>si se dan por buenas las estimaciones de la Fundaci\u00f3n Caja Extremadura, cabe esperar que la ca\u00edda del PIB extreme\u00f1o se vaya aminorando a medida que avanza 2012<\/strong>, en una tendencia inversa a la media nacional, de tal forma que Extremadura podr\u00eda cerrar el a\u00f1o con una ca\u00edda interanual de &#8216;s\u00f3lo&#8217; el 0,7%, frente a un retroceso del 3,5% de la econom\u00eda espa\u00f1ola.<\/p>\n<!-- AddThis Advanced Settings generic via filter on the_content --><!-- AddThis Share Buttons generic via filter on the_content -->","protected":false},"excerpt":{"rendered":"<p>El Instituto de Estad\u00edstica de Extremadura (IEEX) confirma lo que ya se tem\u00eda: que la econom\u00eda extreme\u00f1a est\u00e1 experimentando una recesi\u00f3n mucho m\u00e1s dur0 que la media nacional. En concreto, y seg\u00fan los datos de la Contabilidad Trimestral de Extremadura reci\u00e9n publicados -con la nueva base 2008 del INE-, el PIB extreme\u00f1o cay\u00f3 un 1,8% [&hellip;]<!-- AddThis Advanced Settings generic via filter on get_the_excerpt --><!-- AddThis Share Buttons generic via filter on get_the_excerpt --><\/p>\n","protected":false},"author":21,"featured_media":0,"comment_status":"open","ping_status":"closed","sticky":false,"template":"","format":"standard","meta":[],"categories":[2],"tags":[10,103,148,161,196,270],"_links":{"self":[{"href":"https:\/\/blogs.hoy.es\/extredato\/wp-json\/wp\/v2\/posts\/61"}],"collection":[{"href":"https:\/\/blogs.hoy.es\/extredato\/wp-json\/wp\/v2\/posts"}],"about":[{"href":"https:\/\/blogs.hoy.es\/extredato\/wp-json\/wp\/v2\/types\/post"}],"author":[{"embeddable":true,"href":"https:\/\/blogs.hoy.es\/extredato\/wp-json\/wp\/v2\/users\/21"}],"replies":[{"embeddable":true,"href":"https:\/\/blogs.hoy.es\/extredato\/wp-json\/wp\/v2\/comments?post=61"}],"version-history":[{"count":0,"href":"https:\/\/blogs.hoy.es\/extredato\/wp-json\/wp\/v2\/posts\/61\/revisions"}],"wp:attachment":[{"href":"https:\/\/blogs.hoy.es\/extredato\/wp-json\/wp\/v2\/media?parent=61"}],"wp:term":[{"taxonomy":"category","embeddable":true,"href":"https:\/\/blogs.hoy.es\/extredato\/wp-json\/wp\/v2\/categories?post=61"},{"taxonomy":"post_tag","embeddable":true,"href":"https:\/\/blogs.hoy.es\/extredato\/wp-json\/wp\/v2\/tags?post=61"}],"curies":[{"name":"wp","href":"https:\/\/api.w.org\/{rel}","templated":true}]}}