{"id":64,"date":"2012-07-09T15:54:28","date_gmt":"2012-07-09T14:54:28","guid":{"rendered":"http:\/\/blogs.hoy.es\/extredato\/?p=64"},"modified":"2012-07-09T15:54:28","modified_gmt":"2012-07-09T14:54:28","slug":"extremadura-cobrara-927-millones-por-la-liquidacion-del-sistema-de-financiacion-de-2010","status":"publish","type":"post","link":"https:\/\/blogs.hoy.es\/extredato\/2012\/07\/09\/extremadura-cobrara-927-millones-por-la-liquidacion-del-sistema-de-financiacion-de-2010\/","title":{"rendered":"Extremadura cobrar\u00e1 92,7 millones por la liquidaci\u00f3n del sistema de financiaci\u00f3n de 2010"},"content":{"rendered":"<p><strong>La liquidaci\u00f3n del sistema de financiaci\u00f3n auton\u00f3mica correspondiente a 2010 no va a suponer un varapalo econ\u00f3mico para las regiones<\/strong> como lo fue en los dos a\u00f1os anteriores, cuando se vieron obligadas a empezar a devolver lo cobrado de m\u00e1s en los ejercicios 2008 y 2009. Seg\u00fan <a href=\"http:\/\/www.minhap.gob.es\/Documentacion\/Publico\/PortalVarios\/FinanciacionTerritorial\/Autonomica\/Publicaciones%20Financiacion\/Cuadros%20Liquidaci%C3%B3n%202010.pdf\" rel=\"external nofollow\">los datos del Ministerio de Hacienda y Administraciones P\u00fablicas<\/a>, la liquidaci\u00f3n de 2010 <strong>arroja un resultado positivo de 10.010,9 millones de euros<\/strong>, a favor de las comunidades. Descontados los anticipos concedidos con cargo a esa cuant\u00eda, el saldo pendiente de pagar a las regiones es de 5.102,1 millones de euros.<\/p>\n<p>Por lo que se refiere a <strong>Extremadura<\/strong>, la liquidaci\u00f3n del ejercicio 2010 le concede el <strong>derecho a cobrar 190,1 millones de euros, de los que 92,7 millones est\u00e1n pendientes de pago por parte del Estado<\/strong>, puesto que el resto ya lo ha recibido la Administraci\u00f3n extreme\u00f1a en distintos anticipos.<\/p>\n<p>Estas liquidaciones positivas indican que <strong>el dinero adelantado por el Estado<\/strong> a las comunidades aut\u00f3nomas en 2010 <strong>ha sido finalmente inferior<\/strong> a la suma de los rendimientos tributarios definitivos y de los fondos de convergencia correspondientes a ese ejercicio. <strong>En 2008 y 2009, ocurri\u00f3 lo contrario<\/strong>, de tal manera que a Extremadura (como al resto de comunidades) le result\u00f3 a devolver 252,3 y 764,4 millones, respectivamente.<\/p>\n<p>En general, <strong>el sistema de financiaci\u00f3n auton\u00f3mica gener\u00f3 en 2010 para Extremadura unos recursos totales de 3.100,6 millones de euros<\/strong>, con el siguiente desglose:<\/p>\n<p>&nbsp;<\/p>\n<table width=\"303\" border=\"0\" cellspacing=\"0\" cellpadding=\"0\">\n<colgroup>\n<col width=\"171\" \/>\n<col width=\"65\" \/> <\/colgroup>\n<tbody>\n<tr>\n<td width=\"171\" height=\"15\">IRPF (50%)<\/td>\n<td align=\"right\" width=\"65\">525,1<\/td>\n<\/tr>\n<tr>\n<td height=\"15\">IVA (50%)<\/td>\n<td align=\"right\">527,5<\/td>\n<\/tr>\n<tr>\n<td height=\"15\">Impuestos Especiales (58%)<\/td>\n<td align=\"right\">338,2<\/td>\n<\/tr>\n<tr>\n<td height=\"15\">Tributos no sujetos a liquidaci\u00f3n*<\/td>\n<td align=\"right\">279,1<\/td>\n<\/tr>\n<tr>\n<td height=\"15\">Fondo de Garant\u00eda<\/td>\n<td align=\"right\">679,6<\/td>\n<\/tr>\n<tr>\n<td height=\"15\">Fondo de Suficiencia Global<\/td>\n<td align=\"right\">586,7<\/td>\n<\/tr>\n<tr>\n<td height=\"15\">Fondo de Convergencia<\/td>\n<td align=\"right\">164,5<\/td>\n<\/tr>\n<tr>\n<td style=\"text-align: right;\" height=\"15\">Recursos totales<\/td>\n<td align=\"right\">3.100,6<\/td>\n<\/tr>\n<\/tbody>\n<\/table>\n<p><span style=\"font-size: x-small;\"><em>* Impuesto sobre Sucesiones y Donaciones, Impuesto sobre Transmisiones y Actos Jur\u00eddicos Documentados, Tributos sobre el Juego, Tasas por servicios transferidos, Impuesto Especial sobre Determinados Medios de Transporte e Impuesto sobre las Ventas Minoristas de Determinados Hidrocarburos<\/em><\/span>.<\/p>\n<!-- AddThis Advanced Settings generic via filter on the_content --><!-- AddThis Share Buttons generic via filter on the_content -->","protected":false},"excerpt":{"rendered":"<p>La liquidaci\u00f3n del sistema de financiaci\u00f3n auton\u00f3mica correspondiente a 2010 no va a suponer un varapalo econ\u00f3mico para las regiones como lo fue en los dos a\u00f1os anteriores, cuando se vieron obligadas a empezar a devolver lo cobrado de m\u00e1s en los ejercicios 2008 y 2009. Seg\u00fan los datos del Ministerio de Hacienda y Administraciones [&hellip;]<!-- AddThis Advanced Settings generic via filter on get_the_excerpt --><!-- AddThis Share Buttons generic via filter on get_the_excerpt --><\/p>\n","protected":false},"author":21,"featured_media":0,"comment_status":"open","ping_status":"closed","sticky":false,"template":"","format":"standard","meta":[],"categories":[2,6],"tags":[8,148,155,156,157,191,200,202,221,325],"_links":{"self":[{"href":"https:\/\/blogs.hoy.es\/extredato\/wp-json\/wp\/v2\/posts\/64"}],"collection":[{"href":"https:\/\/blogs.hoy.es\/extredato\/wp-json\/wp\/v2\/posts"}],"about":[{"href":"https:\/\/blogs.hoy.es\/extredato\/wp-json\/wp\/v2\/types\/post"}],"author":[{"embeddable":true,"href":"https:\/\/blogs.hoy.es\/extredato\/wp-json\/wp\/v2\/users\/21"}],"replies":[{"embeddable":true,"href":"https:\/\/blogs.hoy.es\/extredato\/wp-json\/wp\/v2\/comments?post=64"}],"version-history":[{"count":0,"href":"https:\/\/blogs.hoy.es\/extredato\/wp-json\/wp\/v2\/posts\/64\/revisions"}],"wp:attachment":[{"href":"https:\/\/blogs.hoy.es\/extredato\/wp-json\/wp\/v2\/media?parent=64"}],"wp:term":[{"taxonomy":"category","embeddable":true,"href":"https:\/\/blogs.hoy.es\/extredato\/wp-json\/wp\/v2\/categories?post=64"},{"taxonomy":"post_tag","embeddable":true,"href":"https:\/\/blogs.hoy.es\/extredato\/wp-json\/wp\/v2\/tags?post=64"}],"curies":[{"name":"wp","href":"https:\/\/api.w.org\/{rel}","templated":true}]}}