{"id":68,"date":"2012-07-17T12:00:08","date_gmt":"2012-07-17T11:00:08","guid":{"rendered":"http:\/\/blogs.hoy.es\/extredato\/?p=68"},"modified":"2012-07-17T12:00:08","modified_gmt":"2012-07-17T11:00:08","slug":"la-salida-de-extranjero-clave-bajada-poblacion-extremadura","status":"publish","type":"post","link":"https:\/\/blogs.hoy.es\/extredato\/2012\/07\/17\/la-salida-de-extranjero-clave-bajada-poblacion-extremadura\/","title":{"rendered":"La salida de extranjeros, clave en la bajada de la poblaci\u00f3n extreme\u00f1a"},"content":{"rendered":"<p><strong>La crisis est\u00e1 haciendo mella en la evoluci\u00f3n de la poblaci\u00f3n extreme\u00f1a<\/strong>. Durante los \u00faltimos a\u00f1os, la llegada de extranjeros hab\u00eda sido un factor decisivo para el crecimiento del n\u00famero de habitantes en Extremadura, al igual que en el resto de Espa\u00f1a. Sin embargo, <strong>el elevado volumen de paro causado por la crisis est\u00e1 dando la vuelta a este fen\u00f3meno, puesto que est\u00e1 disminuyendo la entrada de inmigrantes y, al mismo tiempo, est\u00e1 aumentando su salida de Espa\u00f1a<\/strong>. As\u00ed lo reflejan <a href=\"http:\/\/www.ine.es\/jaxi\/menu.do?type=pcaxis&#038;path=%2Ft20%2Fp259&#038;file=inebase&#038;L=0\" rel=\"external nofollow\">las estimaciones sobre poblaci\u00f3n y evoluci\u00f3n demogr\u00e1fica actual<\/a> correspondientes al primer semestre de 2012 que ha publicado hoy el Instituto Nacional de Estad\u00edstica.<\/p>\n<p>En cifras globales, y <strong>a fecha de 1 de julio de 2012, Extremadura cuenta con 1.081.821 habitantes<\/strong> (hay que recordar que este n\u00famero es inferior al del padr\u00f3n oficial debido a la diferente metodolog\u00eda estad\u00edstica, como ya explicamos <a href=\"https:\/\/blogs.hoy.es\/extredato\/?p=7\">en este blog<\/a>). Ello <strong>supone una reducci\u00f3n del 0,12% en comparaci\u00f3n con el inicio del a\u00f1o<\/strong> y tambi\u00e9n con respecto a los habitantes que hab\u00eda hace un a\u00f1o en la regi\u00f3n. Por provincias, Badajoz tiene 679.028 (-0,01% en el semestre) y C\u00e1ceres 402.793 (-0,29%).<\/p>\n<p>Por lo que se refiere al <strong>movimiento natural de la poblaci\u00f3n extreme\u00f1a<\/strong>, las estimaciones <strong>apenas reflejan variaciones sobre el a\u00f1o anterior<\/strong>. Se calcula que en el primer semestre ha habido <strong>4.927 nacimientos y 5.295 defunciones<\/strong>, cifras que suponen aproximadamente el 50% de lo acumulado en 2011, por lo que cabe deducir que <strong>hay una cierta estabilidad<\/strong>. De todos modos, <strong>el saldo sigue siendo negativo<\/strong>, en concreto en 368 personas. Ahora bien, si se analizan los datos por provincias, en Badajoz hay 117 nacimientos m\u00e1s que defunciones, mientras que en C\u00e1ceres la mortalidad supera en 485 personas a la natalidad, un contraste que se viene repitiendo desde hace tiempo.<\/p>\n<p><strong>En cuanto a las migraciones, Extremadura est\u00e1 empezando a perder lo ganado en los \u00faltimos a\u00f1os.<\/strong> Por un lado, l<strong>as migraciones dentro del pa\u00eds arrojan un resultado negativo de 424 personas<\/strong>. Si se compara este semestre con las 610 acumuladas en todo 2011, parece claro que se est\u00e1 acentuando la p\u00e9rdida de poblaci\u00f3n. Pero hay que hacer un matiz importante: <strong>el saldo negativo no aumenta por el crecimiento de las emigraciones<\/strong> (7.031, que alcanzan el 47,5% del a\u00f1o anterior), <strong>sino por el desdenso de las inmigraciones<\/strong> (6.606, que s\u00f3lo llegan hasta el 45,6% de lo registrado en todo 2011). Por provincias, Badajoz pierde 62 habitantes y C\u00e1ceres 363.<\/p>\n<p><strong>Las migraciones exteriores son las que muestran la peor evoluci\u00f3n<\/strong>. En Extremadura, los datos acumulados en el primer semestre registran <strong>un saldo negativo de 453 personas<\/strong>, debido a que las emigraciones (1.714) superaron a las inmigraciones (1.261). Las cifras llaman mucho m\u00e1s la atenci\u00f3n si se comparan con las registradas en todo 2011, cuando se alcanz\u00f3 un saldo positivo de 1.129 personas. \u00bfA qu\u00e9 se debe esa diferencia? A los extranjeros. <strong>Es cierto que el saldo negativo de espa\u00f1oles est\u00e1 creciendo<\/strong>, pues en el primer semestre ha sido de 209 frente a los 382 totales del a\u00f1o anterior. Estos <strong>datos vuelven a enfriar la repetida idea de que se est\u00e1 produciendo una emigraci\u00f3n m\u00e1s o menos masiva<\/strong> desde Extremadura a otros pa\u00edses.<\/p>\n<p>Pero <strong>la clave est\u00e1 en el cambio radical de tendencia de los extranjeros<\/strong>. En 2011, la llegada de inmigrantes desde otros pa\u00edses super\u00f3 en 1.510 personas a las salidas, lo cual supon\u00eda una importante inyecci\u00f3n de poblaci\u00f3n para Extremadura. En cambio, e<strong>n los seis primeros meses del a\u00f1o aparece un saldo negativo de 245 personas, por lo que la salida de extranjeros comienza a ser un factor decisivo en la evoluci\u00f3n negativa de la poblaci\u00f3n extreme\u00f1a<\/strong>. No obstante, este cambio de tendencia es muy similar al que se est\u00e1 produciendo en otras comunidades espa\u00f1olas.<\/p>\n<p>Habr\u00e1 que esperar a las pr\u00f3ximas estimaciones del INE para <strong>ver si este crecimiento de la emigraci\u00f3n, sobre todo de extranjeros, se potencia a\u00fan m\u00e1s (como es f\u00e1cil esperar) en el segundo semestre del a\u00f1o<\/strong>, en vista de las malas perspectivas econ\u00f3micas que nos aguardan.<\/p>\n<!-- AddThis Advanced Settings generic via filter on the_content --><!-- AddThis Share Buttons generic via filter on the_content -->","protected":false},"excerpt":{"rendered":"<p>La crisis est\u00e1 haciendo mella en la evoluci\u00f3n de la poblaci\u00f3n extreme\u00f1a. Durante los \u00faltimos a\u00f1os, la llegada de extranjeros hab\u00eda sido un factor decisivo para el crecimiento del n\u00famero de habitantes en Extremadura, al igual que en el resto de Espa\u00f1a. Sin embargo, el elevado volumen de paro causado por la crisis est\u00e1 dando [&hellip;]<!-- AddThis Advanced Settings generic via filter on get_the_excerpt --><!-- AddThis Share Buttons generic via filter on get_the_excerpt --><\/p>\n","protected":false},"author":21,"featured_media":0,"comment_status":"open","ping_status":"closed","sticky":false,"template":"","format":"standard","meta":[],"categories":[3],"tags":[10,115,129,148,193,195,237,249,274],"_links":{"self":[{"href":"https:\/\/blogs.hoy.es\/extredato\/wp-json\/wp\/v2\/posts\/68"}],"collection":[{"href":"https:\/\/blogs.hoy.es\/extredato\/wp-json\/wp\/v2\/posts"}],"about":[{"href":"https:\/\/blogs.hoy.es\/extredato\/wp-json\/wp\/v2\/types\/post"}],"author":[{"embeddable":true,"href":"https:\/\/blogs.hoy.es\/extredato\/wp-json\/wp\/v2\/users\/21"}],"replies":[{"embeddable":true,"href":"https:\/\/blogs.hoy.es\/extredato\/wp-json\/wp\/v2\/comments?post=68"}],"version-history":[{"count":0,"href":"https:\/\/blogs.hoy.es\/extredato\/wp-json\/wp\/v2\/posts\/68\/revisions"}],"wp:attachment":[{"href":"https:\/\/blogs.hoy.es\/extredato\/wp-json\/wp\/v2\/media?parent=68"}],"wp:term":[{"taxonomy":"category","embeddable":true,"href":"https:\/\/blogs.hoy.es\/extredato\/wp-json\/wp\/v2\/categories?post=68"},{"taxonomy":"post_tag","embeddable":true,"href":"https:\/\/blogs.hoy.es\/extredato\/wp-json\/wp\/v2\/tags?post=68"}],"curies":[{"name":"wp","href":"https:\/\/api.w.org\/{rel}","templated":true}]}}