{"id":72,"date":"2012-07-30T11:50:42","date_gmt":"2012-07-30T10:50:42","guid":{"rendered":"http:\/\/blogs.hoy.es\/extredato\/?p=72"},"modified":"2012-07-30T11:50:42","modified_gmt":"2012-07-30T10:50:42","slug":"extremadura-acumula-un-deficit-presupuestario-de-151-millones-hasta-junio","status":"publish","type":"post","link":"https:\/\/blogs.hoy.es\/extredato\/2012\/07\/30\/extremadura-acumula-un-deficit-presupuestario-de-151-millones-hasta-junio\/","title":{"rendered":"Extremadura acumula un d\u00e9ficit presupuestario de 151 millones hasta junio"},"content":{"rendered":"<p><strong>La ejecuci\u00f3n presupuestaria de la Administraci\u00f3n extreme\u00f1a parece que avanza dentro de los cauces previstos<\/strong>. Seg\u00fan el informe de ejecuci\u00f3n trimestral publicado hoy por el Gobierno regional en el <a href=\"http:\/\/doe.juntaex.es\/pdfs\/doe\/2012\/1460o\/12061192.pdf\" rel=\"external nofollow\">Diario Oficial de Extremadura<\/a>, la ejecuci\u00f3n de <strong>los ingresos y los gastos no financieros<\/strong> en el primer semestre de 2012 muestra un <strong>nivel casi id\u00e9ntico: 37,7% y 37,4% del presupuesto inicial<\/strong>, respectivamente. Ello supone que la aplicaci\u00f3n de <strong>los gastos se est\u00e1 manteniendo por debajo del ritmo de ingresos de las arcas regionales<\/strong>, un factor positivo si se tiene en cuenta que impedir el crecimiento descontrolado de los gastos es <strong>requisito imprescindible para poder cumplir las previsiones y los compromisos de d\u00e9ficit<\/strong>.<\/p>\n<p>De enero a junio, por operaciones no financieras (corrientes y de capital) se han reconocido unos derechos (ingresos) de 1.626.952.267,60 euros y unas obligaciones (gastos) de 1.778.853.460,99 euros. <strong>El resultado de estas operaciones no financieras arroja un d\u00e9ficit presupuestario de 151.901.193,39 euros<\/strong>. La cifra es alta, pero representa <strong>apenas un tercio del d\u00e9ficit no financiero previsto para todo el ejercicio<\/strong> (443 millones), es decir, el mismo nivel que la ejecuci\u00f3n presupuestaria.<\/p>\n<p>Esos casi 152 millones de euros ser\u00e1n la base que tomar\u00e1 la Intervenci\u00f3n General del Estado para calcular, aplicando determinados ajustes, el d\u00e9ficit en t\u00e9rminos de Contabilidad Nacional, que es la cifra oficial de referencia y se dar\u00e1 a conocer en septiembre. En el primer trimestre, seg\u00fan los datos del Ministerio de Hacienda, Extremadura registr\u00f3 un d\u00e9ficit de 40 millones de euros, equivalente al 0,23% del PIB.<\/p>\n<p>Si al d\u00e9ficit presupuestario no financiero se las variaciones de activos y pasivos financieros (estas \u00faltimas son las de endeudamiento), se obtiene <strong>un saldo presupuestario negativo de 110,2 millones de euros<\/strong>.<\/p>\n<p>En cuanto a las <strong>operaciones relacionadas con la tesorer\u00eda<\/strong>, en el primer semestre del a\u00f1o se ha registrado un <strong>d\u00e9ficit de caja no financiero de 11.860.383,39 euros<\/strong>. Sumadas las operaciones financieras, el saldo de caja es positivo en 34,3 millones de euros.<\/p>\n<p>&nbsp;<\/p>\n<p>&nbsp;<\/p>\n<!-- AddThis Advanced Settings generic via filter on the_content --><!-- AddThis Share Buttons generic via filter on the_content -->","protected":false},"excerpt":{"rendered":"<p>La ejecuci\u00f3n presupuestaria de la Administraci\u00f3n extreme\u00f1a parece que avanza dentro de los cauces previstos. Seg\u00fan el informe de ejecuci\u00f3n trimestral publicado hoy por el Gobierno regional en el Diario Oficial de Extremadura, la ejecuci\u00f3n de los ingresos y los gastos no financieros en el primer semestre de 2012 muestra un nivel casi id\u00e9ntico: 37,7% [&hellip;]<!-- AddThis Advanced Settings generic via filter on get_the_excerpt --><!-- AddThis Share Buttons generic via filter on get_the_excerpt --><\/p>\n","protected":false},"author":21,"featured_media":0,"comment_status":"open","ping_status":"closed","sticky":false,"template":"","format":"standard","meta":[],"categories":[6],"tags":[10,114,126,148,210,282,318,331],"_links":{"self":[{"href":"https:\/\/blogs.hoy.es\/extredato\/wp-json\/wp\/v2\/posts\/72"}],"collection":[{"href":"https:\/\/blogs.hoy.es\/extredato\/wp-json\/wp\/v2\/posts"}],"about":[{"href":"https:\/\/blogs.hoy.es\/extredato\/wp-json\/wp\/v2\/types\/post"}],"author":[{"embeddable":true,"href":"https:\/\/blogs.hoy.es\/extredato\/wp-json\/wp\/v2\/users\/21"}],"replies":[{"embeddable":true,"href":"https:\/\/blogs.hoy.es\/extredato\/wp-json\/wp\/v2\/comments?post=72"}],"version-history":[{"count":0,"href":"https:\/\/blogs.hoy.es\/extredato\/wp-json\/wp\/v2\/posts\/72\/revisions"}],"wp:attachment":[{"href":"https:\/\/blogs.hoy.es\/extredato\/wp-json\/wp\/v2\/media?parent=72"}],"wp:term":[{"taxonomy":"category","embeddable":true,"href":"https:\/\/blogs.hoy.es\/extredato\/wp-json\/wp\/v2\/categories?post=72"},{"taxonomy":"post_tag","embeddable":true,"href":"https:\/\/blogs.hoy.es\/extredato\/wp-json\/wp\/v2\/tags?post=72"}],"curies":[{"name":"wp","href":"https:\/\/api.w.org\/{rel}","templated":true}]}}