{"id":75,"date":"2012-07-31T13:37:55","date_gmt":"2012-07-31T12:37:55","guid":{"rendered":"http:\/\/blogs.hoy.es\/extredato\/?p=75"},"modified":"2012-07-31T13:37:55","modified_gmt":"2012-07-31T12:37:55","slug":"extremadura-reduce-en-el-segundo-trimestre-la-caida-de-la-recaudacion","status":"publish","type":"post","link":"https:\/\/blogs.hoy.es\/extredato\/2012\/07\/31\/extremadura-reduce-en-el-segundo-trimestre-la-caida-de-la-recaudacion\/","title":{"rendered":"Extremadura reduce en el segundo trimestre la ca\u00edda de la recaudaci\u00f3n tributaria"},"content":{"rendered":"<p>La <strong>mejora de la recaudaci\u00f3n tributaria registrada en el segundo trimestre<\/strong> del a\u00f1o ha permitido al Estado y, en particular, a Extremadura reducir la notable ca\u00edda de ingresos con la que arranc\u00f3 este 2012. Seg\u00fan los datos publicados hoy por la <a href=\"http:\/\/www.agenciatributaria.es\" rel=\"external nofollow\">Agencia Tributaria<\/a>, <strong>la recaudaci\u00f3n de impuestos acumula a finales de junio en la regi\u00f3n un descenso del 12,5%<\/strong> en comparaci\u00f3n con el mismo periodo del a\u00f1o pasado, <strong>muy por debajo del 21,2% que se registr\u00f3 en el primer trimestre<\/strong>. El Estado, por su parte, ha obtenido un 3,6% menos, lo que supone una mejora de 2,3 puntos con respecto al trimestre anterior.<\/p>\n<p><strong>Extremadura, adem\u00e1s, deja de ser la regi\u00f3n con la mayor ca\u00edda de la recaudaci\u00f3n tributaria del pa\u00eds<\/strong>, pues Cantabria, Asturias y Castilla y Le\u00f3n han experimentado una peor evoluci\u00f3n, aunque los ingresos impositivos en Extremadura se siguen viendo lastrados por la negativa marcha de la econom\u00eda extreme\u00f1a.<\/p>\n<p>En total, las administraciones p\u00fablicas han recaudado en la regi\u00f3n 344,9 millones de euros, frente a los 394,3 millones del mismo semestre del a\u00f1o anterior. Por cap\u00edtulos, 261,3 millones corresponden a impuestos directos, 76,6 a indirectos y 7 por tasas y precios p\u00fablicos.<\/p>\n<p>De nuevo,<strong> el IVA es, con diferencia, el impuesto con peor recaudaci\u00f3n<\/strong>: 78,7 millones, un 29,5% menos que el a\u00f1o anterior, mientras que la media cae solo el 10%. El Estado prev\u00e9 corregir esta reducci\u00f3n con la subida de tipos que entrar\u00e1 en vigor el pr\u00f3ximo 1 de septiembre, aunque esa mejora est\u00e1 supeditada a una condici\u00f3n: que no se hunda el consumo.<\/p>\n<p>Por el <strong>IRPF<\/strong>, que es la partida de mayor peso, se han obtenido 236,9 millones de euros,<strong> un 5,8% menos que en 2011,<\/strong> en contraste con el aumento del 1,9% del total del pa\u00eds.<\/p>\n<p>Hay que recordar, no obstante, que <strong>estas ca\u00eddas de la recaudaci\u00f3n, que no incluyen la evoluci\u00f3n de los impuestos cedidos<\/strong> (como Sucesiones o Transmisiones) <strong>ni los tributos propios<\/strong> (como el &#8216;impuesto a las el\u00e9ctricas&#8217;), <strong>no tendr\u00e1n una incidencia inmediata en los ingresos de la Junta de Extremadura<\/strong>, pues el Estado continuar\u00e1 realizando sus transferencia con arreglo a las previsiones presupuestarias. El efecto, si la tendencia negativa no se corrige, se notar\u00e1 <strong>dentro de dos a\u00f1os<\/strong>, cuando se liquide el actual ejercicio del sistema de financiaci\u00f3n auton\u00f3mica y, en su caso, haya que devolver lo ingresado de m\u00e1s.<\/p>\n<p>&nbsp;<\/p>\n<p>&nbsp;<\/p>\n<!-- AddThis Advanced Settings generic via filter on the_content --><!-- AddThis Share Buttons generic via filter on the_content -->","protected":false},"excerpt":{"rendered":"<p>La mejora de la recaudaci\u00f3n tributaria registrada en el segundo trimestre del a\u00f1o ha permitido al Estado y, en particular, a Extremadura reducir la notable ca\u00edda de ingresos con la que arranc\u00f3 este 2012. Seg\u00fan los datos publicados hoy por la Agencia Tributaria, la recaudaci\u00f3n de impuestos acumula a finales de junio en la regi\u00f3n [&hellip;]<!-- AddThis Advanced Settings generic via filter on get_the_excerpt --><!-- AddThis Share Buttons generic via filter on get_the_excerpt --><\/p>\n","protected":false},"author":21,"featured_media":0,"comment_status":"open","ping_status":"closed","sticky":false,"template":"","format":"standard","meta":[],"categories":[5],"tags":[10,148,190,200,202,210,291,318],"_links":{"self":[{"href":"https:\/\/blogs.hoy.es\/extredato\/wp-json\/wp\/v2\/posts\/75"}],"collection":[{"href":"https:\/\/blogs.hoy.es\/extredato\/wp-json\/wp\/v2\/posts"}],"about":[{"href":"https:\/\/blogs.hoy.es\/extredato\/wp-json\/wp\/v2\/types\/post"}],"author":[{"embeddable":true,"href":"https:\/\/blogs.hoy.es\/extredato\/wp-json\/wp\/v2\/users\/21"}],"replies":[{"embeddable":true,"href":"https:\/\/blogs.hoy.es\/extredato\/wp-json\/wp\/v2\/comments?post=75"}],"version-history":[{"count":0,"href":"https:\/\/blogs.hoy.es\/extredato\/wp-json\/wp\/v2\/posts\/75\/revisions"}],"wp:attachment":[{"href":"https:\/\/blogs.hoy.es\/extredato\/wp-json\/wp\/v2\/media?parent=75"}],"wp:term":[{"taxonomy":"category","embeddable":true,"href":"https:\/\/blogs.hoy.es\/extredato\/wp-json\/wp\/v2\/categories?post=75"},{"taxonomy":"post_tag","embeddable":true,"href":"https:\/\/blogs.hoy.es\/extredato\/wp-json\/wp\/v2\/tags?post=75"}],"curies":[{"name":"wp","href":"https:\/\/api.w.org\/{rel}","templated":true}]}}