{"id":8,"date":"2012-01-18T13:15:33","date_gmt":"2012-01-18T13:15:33","guid":{"rendered":"http:\/\/blogs.hoy.es\/extredato\/?p=8"},"modified":"2012-01-18T13:15:33","modified_gmt":"2012-01-18T13:15:33","slug":"envejeciendo-a-marchas-forzadas","status":"publish","type":"post","link":"https:\/\/blogs.hoy.es\/extredato\/2012\/01\/18\/envejeciendo-a-marchas-forzadas\/","title":{"rendered":"Envejeciendo a marchas forzadas"},"content":{"rendered":"<p>Las estad\u00edsticas sobre poblaci\u00f3n no suelen dar muy buenas noticias a los extreme\u00f1os. Y los datos definitivos sobre <a title=\"Movimiento Natural de la Poblaci\u00f3n\" href=\"http:\/\/www.ine.es\/jaxi\/menu.do?type=pcaxis&#038;path=%2Ft20%2Fe301&#038;file=inebase&#038;L=0\" target=\"_blank\" rel=\"external nofollow\">movimiento natural de la poblaci\u00f3n e indicadores demogr\u00e1ficos hasta 2010<\/a> que ha publicado hoy el INE siguen esa l\u00ednea.<\/p>\n<p><strong>Por segundo a\u00f1o consecutivo, en 2010 descendi\u00f3 el n\u00famero de nacimientos en Extremadura, hasta situarse en 10.128<\/strong> (un 1,8% menos que el a\u00f1o anterior). Y eso que el n\u00famero de nacimientos de madre extranjera ha marcado un r\u00e9cord de 755, aunque su peso en la regi\u00f3n (7,5% sobre el total) est\u00e1 muy lejos de la media nacional (20,4%). Es cierto que esos m\u00e1s de 10.000 nacimientos siguen estando por encima de los que se registraban a principios de la d\u00e9cada, pero <strong>parece iniciarse una tendencia a la baja<\/strong>.<\/p>\n<p>Por el contario, <strong>el n\u00famero de defunciones crece por segundo a\u00f1o y alcanza las 10.816<\/strong>, un 0,63% m\u00e1s que en 2009. De ah\u00ed que <strong>el saldo vegetativo de la poblaci\u00f3n arroje un resultado negativo de 688 personas<\/strong>. La regi\u00f3n se aleja, por tanto, del saldo positivo registrado en 2008 (294 personas), el primero en much\u00edsimo tiempo.<\/p>\n<p>En el total de Espa\u00f1a, los nacimientos (485.252) se reducen m\u00e1s que las defunciones (380.234): -1,71%, frente a -0,78%. Por eso, el saldo vegetativo se reduce a 105.018 personas, un 1,03% menos que el a\u00f1o anterior.<\/p>\n<p>En cuanto a los matrimonios de extreme\u00f1os, en 2010 se celebraron 3.849 uniones de diferente sexo, un 7,87% menos, y 36 del mismo sexo, un 38,5% m\u00e1s. Entre los primeros, y continuando con la tendencia de los \u00faltimos a\u00f1os, <strong>se constata que cada vez menos extreme\u00f1os deciden casarse por la Iglesia<\/strong>: 2.331 matrimonios, un 14,7% menos que en 2009 y casi la mitad que en 2001. En sentido contrario, las uniones exclusivamente civiles (de diferente sexo) no dejan de crecer y alcanzan ya las 1.512.<\/p>\n<p><strong>Lo m\u00e1s preocupante es observar algunos de los principales indicadores demogr\u00e1ficos. Uno de ellos es la edad media de la maternidad<\/strong>, que vuelve a subir y se sit\u00faa en 31,2 a\u00f1os, cifra id\u00e9ntica a la media. La esperanza de vida tanto al nacer (81 a\u00f1os) como a los 65 a\u00f1os (19,7) contin\u00faa en ascenso. La mayor esperanza de vida y el descenso de la natalidad hacen que la edad mediana de la poblaci\u00f3n alcance los 40,62 a\u00f1os y que el \u00edndice de envejecimiento rebase ya el 120%, lo que quiere decir que hay un 20% m\u00e1s de personas mayores de 65 a\u00f1os que de j\u00f3venes menores de 16 a\u00f1os, mientras que en Espa\u00f1a ese porcentaje se mantiene en torno al 6%.<\/p>\n<p><strong>El problema del envejecimiento de la poblaci\u00f3n no es exclusivo de Extremadura<\/strong> (ni siquiera es la regi\u00f3n con peores datos), ni de Espa\u00f1a, pues lo padece un buen n\u00famero de pa\u00edses occidentales. Sin embargo, es una cuesti\u00f3n que pocas veces se plantea en los discursos de nuestros pol\u00edticos, si no es para hablar del futuro de la Seguridad Social. <strong>Sus repercusiones son suficientemente importantes como para que fuera un tema de preocupaci\u00f3n para los gobernantes,<\/strong> pero parece que muchos no son conscientes del riesgo, sobre todo en vista de los recortes que se est\u00e1n produciendo en las medidas de fomento de la natalidad y de conciliaci\u00f3n de la vida laboral y familiar. Ojo a la bola que se va formando&#8230;<\/p>\n<!-- AddThis Advanced Settings generic via filter on the_content --><!-- AddThis Share Buttons generic via filter on the_content -->","protected":false},"excerpt":{"rendered":"<p>Las estad\u00edsticas sobre poblaci\u00f3n no suelen dar muy buenas noticias a los extreme\u00f1os. Y los datos definitivos sobre movimiento natural de la poblaci\u00f3n e indicadores demogr\u00e1ficos hasta 2010 que ha publicado hoy el INE siguen esa l\u00ednea. Por segundo a\u00f1o consecutivo, en 2010 descendi\u00f3 el n\u00famero de nacimientos en Extremadura, hasta situarse en 10.128 (un [&hellip;]<!-- AddThis Advanced Settings generic via filter on get_the_excerpt --><!-- AddThis Share Buttons generic via filter on get_the_excerpt --><\/p>\n","protected":false},"author":21,"featured_media":0,"comment_status":"open","ping_status":"closed","sticky":false,"template":"","format":"standard","meta":[],"categories":[3],"tags":[115,136,148,193,231,232,246,249,274,309],"_links":{"self":[{"href":"https:\/\/blogs.hoy.es\/extredato\/wp-json\/wp\/v2\/posts\/8"}],"collection":[{"href":"https:\/\/blogs.hoy.es\/extredato\/wp-json\/wp\/v2\/posts"}],"about":[{"href":"https:\/\/blogs.hoy.es\/extredato\/wp-json\/wp\/v2\/types\/post"}],"author":[{"embeddable":true,"href":"https:\/\/blogs.hoy.es\/extredato\/wp-json\/wp\/v2\/users\/21"}],"replies":[{"embeddable":true,"href":"https:\/\/blogs.hoy.es\/extredato\/wp-json\/wp\/v2\/comments?post=8"}],"version-history":[{"count":0,"href":"https:\/\/blogs.hoy.es\/extredato\/wp-json\/wp\/v2\/posts\/8\/revisions"}],"wp:attachment":[{"href":"https:\/\/blogs.hoy.es\/extredato\/wp-json\/wp\/v2\/media?parent=8"}],"wp:term":[{"taxonomy":"category","embeddable":true,"href":"https:\/\/blogs.hoy.es\/extredato\/wp-json\/wp\/v2\/categories?post=8"},{"taxonomy":"post_tag","embeddable":true,"href":"https:\/\/blogs.hoy.es\/extredato\/wp-json\/wp\/v2\/tags?post=8"}],"curies":[{"name":"wp","href":"https:\/\/api.w.org\/{rel}","templated":true}]}}