{"id":81,"date":"2012-09-14T10:54:41","date_gmt":"2012-09-14T09:54:41","guid":{"rendered":"http:\/\/blogs.hoy.es\/extredato\/?p=81"},"modified":"2012-09-14T10:54:41","modified_gmt":"2012-09-14T09:54:41","slug":"la-deuda-publica-extremena-echo-el-freno-en-el-segundo-trimestre","status":"publish","type":"post","link":"https:\/\/blogs.hoy.es\/extredato\/2012\/09\/14\/la-deuda-publica-extremena-echo-el-freno-en-el-segundo-trimestre\/","title":{"rendered":"La deuda p\u00fablica extreme\u00f1a ech\u00f3 el freno en el segundo trimestre"},"content":{"rendered":"<p><strong>El endeudamiento de las comunidades aut\u00f3nomas continu\u00f3 creciendo en el segundo trimestre del a\u00f1o, aunque lo hizo a un menor ritmo<\/strong> que a principios de 2012. Y <strong>entre las regiones que m\u00e1s echaron el freno en ese periodo se encuentra Extremadura<\/strong>.\u00a0Seg\u00fan los datos publicados hoy por el <a href=\"http:\/\/www.bde.es\/webbde\/es\/estadis\/infoest\/bolest13.html\" rel=\"external nofollow\">Banco de Espa\u00f1a<\/a>, referidos al pasado 30 de junio, <strong>la deuda p\u00fablica extreme\u00f1a acumula un total de 2.078,6 millones de euros<\/strong>, solo un 0,3% m\u00e1s que en marzo, mientras que la media nacional avanz\u00f3 el 2,6%. Extremadura es la <strong>tercera comunidad con mejor evoluci\u00f3n en el segundo trimestre<\/strong>. Con respecto al PIB, la deuda extreme\u00f1a <strong>equivale al 11,9% de la econom\u00eda regional<\/strong>, lo que supone <strong>3,5 puntos menos que la media<\/strong>.<\/p>\n<p>Con respecto a junio de 2011, la deuda p\u00fablica extreme\u00f1a ha crecido un 2%, frente a un incremento del 8,7% de la media auton\u00f3mica, de modo que la regi\u00f3n se sit\u00faa como<strong> la cuarta con menor avance en los \u00faltimos doce meses.<\/strong><\/p>\n<p>El grueso de la deuda p\u00fablica extreme\u00f1a corresponde a la <strong>Administraci\u00f3n regional<\/strong>, que alcanza los 2.053,1 millones de euros. Es <strong>solo un 0,4% m\u00e1s que trimestre anterior, un crecimiento siete veces menor que la media<\/strong>. En el \u00faltimo a\u00f1o sube un 1,8%, frente al 11% de la media nacional. Esta deuda representa el 11,8% del PIB extreme\u00f1o, 2,4 puntos inferior a la media.<\/p>\n<p><strong>Mejor evoluci\u00f3n presenta en el segundo trimestre el endeudamiento de las empresas p\u00fablicas extreme\u00f1as, que cae un 5,4%<\/strong>, hasta los 25,5 millones de euros, mientras que el total nacional se mantuvo sin cambios. Con respecto al PIB, la deuda de las empresas p\u00fablicas extreme\u00f1as baja al 0,1%, frente al 1,2% de la media auton\u00f3mica.<\/p>\n<p><strong>Extremadura se mantiene como la regi\u00f3n con menor deuda p\u00fablica total por habitante, con 1.878 euros<\/strong>, muy lejos de los 3.463 euros de la media nacional. En el otro extremo se encuentra Catalu\u00f1a, con 6.651 euros, m\u00e1s del triple de la extreme\u00f1a.<\/p>\n<p>Si se analiza con detalle la estructura de la deuda p\u00fablica de la Administraci\u00f3n extreme\u00f1a, de los 2.053 millones de euros, <strong>solo 185 millones, es decir, el 9%, son pr\u00e9stamos a corto plazo <\/strong>(con vencimiento inferior a un a\u00f1o)<strong> con las instituciones financieras<\/strong>.<\/p>\n<!-- AddThis Advanced Settings generic via filter on the_content --><!-- AddThis Share Buttons generic via filter on the_content -->","protected":false},"excerpt":{"rendered":"<p>El endeudamiento de las comunidades aut\u00f3nomas continu\u00f3 creciendo en el segundo trimestre del a\u00f1o, aunque lo hizo a un menor ritmo que a principios de 2012. Y entre las regiones que m\u00e1s echaron el freno en ese periodo se encuentra Extremadura.\u00a0Seg\u00fan los datos publicados hoy por el Banco de Espa\u00f1a, referidos al pasado 30 de [&hellip;]<!-- AddThis Advanced Settings generic via filter on get_the_excerpt --><!-- AddThis Share Buttons generic via filter on get_the_excerpt --><\/p>\n","protected":false},"author":21,"featured_media":0,"comment_status":"open","ping_status":"closed","sticky":false,"template":"","format":"standard","meta":[],"categories":[2,4],"tags":[45,121,148,270,318],"_links":{"self":[{"href":"https:\/\/blogs.hoy.es\/extredato\/wp-json\/wp\/v2\/posts\/81"}],"collection":[{"href":"https:\/\/blogs.hoy.es\/extredato\/wp-json\/wp\/v2\/posts"}],"about":[{"href":"https:\/\/blogs.hoy.es\/extredato\/wp-json\/wp\/v2\/types\/post"}],"author":[{"embeddable":true,"href":"https:\/\/blogs.hoy.es\/extredato\/wp-json\/wp\/v2\/users\/21"}],"replies":[{"embeddable":true,"href":"https:\/\/blogs.hoy.es\/extredato\/wp-json\/wp\/v2\/comments?post=81"}],"version-history":[{"count":0,"href":"https:\/\/blogs.hoy.es\/extredato\/wp-json\/wp\/v2\/posts\/81\/revisions"}],"wp:attachment":[{"href":"https:\/\/blogs.hoy.es\/extredato\/wp-json\/wp\/v2\/media?parent=81"}],"wp:term":[{"taxonomy":"category","embeddable":true,"href":"https:\/\/blogs.hoy.es\/extredato\/wp-json\/wp\/v2\/categories?post=81"},{"taxonomy":"post_tag","embeddable":true,"href":"https:\/\/blogs.hoy.es\/extredato\/wp-json\/wp\/v2\/tags?post=81"}],"curies":[{"name":"wp","href":"https:\/\/api.w.org\/{rel}","templated":true}]}}