{"id":84,"date":"2012-09-18T12:19:32","date_gmt":"2012-09-18T11:19:32","guid":{"rendered":"http:\/\/blogs.hoy.es\/extredato\/?p=84"},"modified":"2012-09-18T12:19:32","modified_gmt":"2012-09-18T11:19:32","slug":"los-creditos-rozan-una-caida-interanual-del-7-en-extremadura","status":"publish","type":"post","link":"https:\/\/blogs.hoy.es\/extredato\/2012\/09\/18\/los-creditos-rozan-una-caida-interanual-del-7-en-extremadura\/","title":{"rendered":"Los cr\u00e9ditos rozan una ca\u00edda interanual del 7% en Extremadura"},"content":{"rendered":"<p><strong>La reducci\u00f3n de los cr\u00e9ditos pendientes de los extreme\u00f1os se aceler\u00f3 en el segundo trimestre de este a\u00f1o<\/strong> y acumula ya una ca\u00edda interanual del 6,8%. Seg\u00fan los datos publicados hoy por el <a href=\"http:\/\/www.bde.es\/webbde\/es\/estadis\/infoest\/bolest.html\" rel=\"external nofollow\">Banco de Espa\u00f1a<\/a>, referidos al 30 de junio, <strong>los extreme\u00f1os deb\u00edan a las entidades financieras un total de 21.690,2 millones de euros<\/strong>. De ellos,\u00a019.828,4 millones correspond\u00edan a particulares y empresas, que son quienes est\u00e1n rebajando m\u00e1s su deuda en el \u00faltimo a\u00f1o, con un 6,9%. El resto, 1.861,8 millones, estaba en manos de las administraciones p\u00fablicas, que han recortado sus cr\u00e9ditos pendientes un 4,9% con respecto a junio de 2011.<\/p>\n<p><strong>Extremadura es la cuarta regi\u00f3n con mayor disminuci\u00f3n de los cr\u00e9ditos, m\u00e1s del doble que la media nacional<\/strong>, situada en el 3,3%. No obstante, esta rebaja del endeudamiento, sobre todo el privado, es se\u00f1alada por los economistas como <strong>un elemento positivo, pues va en la l\u00ednea de la correcci\u00f3n de los desequilibrios de fondo de la econom\u00eda espa\u00f1ola<\/strong>.<\/p>\n<p>En cuando a los <strong>dep\u00f3sitos<\/strong> de los extreme\u00f1os en entidades financieras,<strong> la ca\u00edda interanual se ha suavizado hasta el 4,3%, la segunda menor de todo el pa\u00eds, gracias a que en el segundo trimestre se produjo un aumento del 0,9%.<\/strong> El volumen acumulado a finales de junio es de 17.019 millones de euros. A esta mejora trimestral han contribuido con mayor fuerza las administraciones p\u00fablicas extreme\u00f1as, con un aumento del 23%, hasta casi alcanzar los 674 millones de euros, mientras que particulares y empresas han aportado un 0,2% m\u00e1s que en marzo y se quedan en 16.345 millones.<\/p>\n<p>En comparaci\u00f3n con junio de 2011, las administraciones extreme\u00f1as han conseguido aumentar sus dep\u00f3sitos un 1%, mientras que empresas y particulares los reducen un 4,5%. Entre estos \u00faltimos, <strong>el mayor descenso se produce entre los dep\u00f3sitos a plazo fijo<\/strong>, que se sit\u00faan en 8.321,6 millones, un 7,1% menos, seguidos de las cuentas a la vista (2.304 millones, un 4% menos) y de las libretas de ahorro (5.719,4 millones, un 0,6% menos).<\/p>\n<!-- AddThis Advanced Settings generic via filter on the_content --><!-- AddThis Share Buttons generic via filter on the_content -->","protected":false},"excerpt":{"rendered":"<p>La reducci\u00f3n de los cr\u00e9ditos pendientes de los extreme\u00f1os se aceler\u00f3 en el segundo trimestre de este a\u00f1o y acumula ya una ca\u00edda interanual del 6,8%. Seg\u00fan los datos publicados hoy por el Banco de Espa\u00f1a, referidos al 30 de junio, los extreme\u00f1os deb\u00edan a las entidades financieras un total de 21.690,2 millones de euros. [&hellip;]<!-- AddThis Advanced Settings generic via filter on get_the_excerpt --><!-- AddThis Share Buttons generic via filter on get_the_excerpt --><\/p>\n","protected":false},"author":21,"featured_media":0,"comment_status":"open","ping_status":"closed","sticky":false,"template":"","format":"standard","meta":[],"categories":[4],"tags":[10,45,108,116,148,318],"_links":{"self":[{"href":"https:\/\/blogs.hoy.es\/extredato\/wp-json\/wp\/v2\/posts\/84"}],"collection":[{"href":"https:\/\/blogs.hoy.es\/extredato\/wp-json\/wp\/v2\/posts"}],"about":[{"href":"https:\/\/blogs.hoy.es\/extredato\/wp-json\/wp\/v2\/types\/post"}],"author":[{"embeddable":true,"href":"https:\/\/blogs.hoy.es\/extredato\/wp-json\/wp\/v2\/users\/21"}],"replies":[{"embeddable":true,"href":"https:\/\/blogs.hoy.es\/extredato\/wp-json\/wp\/v2\/comments?post=84"}],"version-history":[{"count":0,"href":"https:\/\/blogs.hoy.es\/extredato\/wp-json\/wp\/v2\/posts\/84\/revisions"}],"wp:attachment":[{"href":"https:\/\/blogs.hoy.es\/extredato\/wp-json\/wp\/v2\/media?parent=84"}],"wp:term":[{"taxonomy":"category","embeddable":true,"href":"https:\/\/blogs.hoy.es\/extredato\/wp-json\/wp\/v2\/categories?post=84"},{"taxonomy":"post_tag","embeddable":true,"href":"https:\/\/blogs.hoy.es\/extredato\/wp-json\/wp\/v2\/tags?post=84"}],"curies":[{"name":"wp","href":"https:\/\/api.w.org\/{rel}","templated":true}]}}