{"id":86,"date":"2012-10-23T08:35:43","date_gmt":"2012-10-23T07:35:43","guid":{"rendered":"http:\/\/blogs.hoy.es\/extredato\/?p=86"},"modified":"2012-10-23T08:35:43","modified_gmt":"2012-10-23T07:35:43","slug":"extremadura-perdera-poblacion-en-2012","status":"publish","type":"post","link":"https:\/\/blogs.hoy.es\/extredato\/2012\/10\/23\/extremadura-perdera-poblacion-en-2012\/","title":{"rendered":"Extremadura perder\u00e1 poblaci\u00f3n en 2012"},"content":{"rendered":"<p><strong>El a\u00f1o 2012 ser\u00e1 el secundo consecutivo en que Extremadura perder\u00e1 poblaci\u00f3n<\/strong>. En esta direcci\u00f3n apuntan los datos sobre estimaciones de poblaci\u00f3n actual del tercer trimestre del a\u00f1o que el INE acaba de dar a conocer. Seg\u00fan esas cifras, <strong>tanto el movimiento natural de la poblaci\u00f3n como las migraciones est\u00e1n contribuyendo conjuntamente a reducir el n\u00famero de habitantes de la regi\u00f3n<\/strong>. Y se confirma, como ya comentamos <a href=\"https:\/\/blogs.hoy.es\/extredato\/2012\/07\/17\/la-salida-de-extranjero-clave-bajada-poblacion-extremadura\/\">en este blog<\/a>, que <strong>la emigraci\u00f3n de los extranjeros est\u00e1 resultando decisiva en la negativa evoluci\u00f3n de la poblaci\u00f3n extreme\u00f1a<\/strong>.<\/p>\n<p><strong>El INE calcula que, a 1 de octubre de 2012, Extremadura tiene 1.081.322 habitantes<\/strong> (no hay que olvidar que esta estad\u00edstica siempre da cifras inferiores a las del Padr\u00f3n). <strong>En comparaci\u00f3n con el inicio del a\u00f1o, la regi\u00f3n ha perdido 1.745 personas<\/strong>, un 0,16%. En esta reducci\u00f3n <strong>pesa m\u00e1s la peor evoluci\u00f3n de la provincia de C\u00e1ceres<\/strong>, que se deja 1.580 habitantes (-0,39%), frente a los 165 menos de la provincia de Badajoz (-0,02%).<\/p>\n<p>Uno de los factores que explican esta desfavorable tendencia es el movimiento natural de la poblaci\u00f3n. <strong>La diferencia entre nacimientos y defunciones en los tres primeros trimestres del a\u00f1o arroja un saldo negativo de 629 habitantes<\/strong>. Si se tiene en cuenta que el saldo de todo 2011 fue de 711 personas menos, parece razonable pensar que <strong>el saldo vegetativo va a ser m\u00e1s negativo en 2012<\/strong>. Y en este asunto la clave est\u00e1 en la provincia de <strong>C\u00e1ceres, que en lo que va de a\u00f1o ha perdido 754 habitantes, mientras que Badajoz ha ganado 124.<\/strong><\/p>\n<p><strong>Pero la raz\u00f3n principal del retroceso de la poblaci\u00f3n extreme\u00f1a est\u00e1 en las migraciones, tanto las interiores como las exteriores<\/strong>. Por lo que se refiere a las producidas dentro del pa\u00eds, y seg\u00fan estas estimaciones del INE, Extremadura ven\u00eda registrando saldos interauton\u00f3micos positivos hasta 2010. Pero en 2011 se invirti\u00f3 la tendencia, puesto que las salidas a otras regiones superaron en 610 personas a las entradas. <strong>Y en los tres primeros trimestres de 2012 ya se ha llegado a las 664 personas menos<\/strong>.<\/p>\n<p>Por el lado de las <strong>migraciones exteriores<\/strong>, el INE confirma lo que apuntaba el trimestre anterior: que <strong>Extremadura est\u00e1 registrando en 2012 un saldo negativo, fundamentalmente por los extranjeros<\/strong>. Si en 2011 la regi\u00f3n gan\u00f3 1.510 extranjeros, entre enero y septiembre de este a\u00f1o <strong>ya ha perdido 257<\/strong>. Es decir, que este a\u00f1o se marchan a otros pa\u00edses m\u00e1s inmigrantes que los que llegan. Ello es fruto tanto de la mayor emigraci\u00f3n como de la menor inmigraci\u00f3n de extranjeros.<\/p>\n<p><strong>El saldo de espa\u00f1oles tambi\u00e9n es negativo en este periodo, en 195 personas<\/strong>, pero la cifra podr\u00eda quedar la final por debajo de los 382 del a\u00f1o anterior. <strong>Este dato rompe con la idea generalizada de que hay una emigraci\u00f3n masiva de extreme\u00f1os<\/strong> -como el resto de los espa\u00f1oles- al extranjero. En general, el saldo negativo total por salidas al extranjero, de 452 habitantes menos, es uno de los m\u00e1s bajos del pa\u00eds.<\/p>\n<p>Los datos aqu\u00ed expuestos proceden, como se ha apuntado, de los <strong>saldos migratorios<\/strong>, es decir, de la diferencia entre emigraciones e inmigraciones. Este aspecto es importante, porque <strong>mirar solo una parte de la estad\u00edstica puede conducir -y conduce, de hecho- a conclusiones err\u00f3neas<\/strong>. Por ejemplo, con motivo de la publicaci\u00f3n de estos datos, <strong>numerosos medios de comunicaci\u00f3n han alertado de que 420.150 espa\u00f1oles se han marchado del pa\u00eds en lo que va de a\u00f1o<\/strong>, como una consecuencia l\u00f3gica de la crisis. <strong>Y aqu\u00ed hay dos errores<\/strong>. El primero est\u00e1 en que de esos emigrantes, solo 54.912 son espa\u00f1oles. Y el segundo error consiste en no restar las m\u00e1s de 282.000 personas que han llegado a Espa\u00f1a en ese mismo periodo. <strong>En rigor, habr\u00eda que decir que el pa\u00eds ha perdido 137.628 habitantes por las migraciones al extranjero<\/strong>. Y de ellos solo 25.539 son espa\u00f1oles. <strong>Son cifras importantes, s\u00ed, pero menos alarmistas y m\u00e1s cercanas a la realidad.<\/strong><\/p>\n<!-- AddThis Advanced Settings generic via filter on the_content --><!-- AddThis Share Buttons generic via filter on the_content -->","protected":false},"excerpt":{"rendered":"<p>El a\u00f1o 2012 ser\u00e1 el secundo consecutivo en que Extremadura perder\u00e1 poblaci\u00f3n. En esta direcci\u00f3n apuntan los datos sobre estimaciones de poblaci\u00f3n actual del tercer trimestre del a\u00f1o que el INE acaba de dar a conocer. Seg\u00fan esas cifras, tanto el movimiento natural de la poblaci\u00f3n como las migraciones est\u00e1n contribuyendo conjuntamente a reducir el [&hellip;]<!-- AddThis Advanced Settings generic via filter on get_the_excerpt --><!-- AddThis Share Buttons generic via filter on get_the_excerpt --><\/p>\n","protected":false},"author":21,"featured_media":0,"comment_status":"open","ping_status":"closed","sticky":false,"template":"","format":"standard","meta":[],"categories":[3],"tags":[10,129,142,148,195,274,309],"_links":{"self":[{"href":"https:\/\/blogs.hoy.es\/extredato\/wp-json\/wp\/v2\/posts\/86"}],"collection":[{"href":"https:\/\/blogs.hoy.es\/extredato\/wp-json\/wp\/v2\/posts"}],"about":[{"href":"https:\/\/blogs.hoy.es\/extredato\/wp-json\/wp\/v2\/types\/post"}],"author":[{"embeddable":true,"href":"https:\/\/blogs.hoy.es\/extredato\/wp-json\/wp\/v2\/users\/21"}],"replies":[{"embeddable":true,"href":"https:\/\/blogs.hoy.es\/extredato\/wp-json\/wp\/v2\/comments?post=86"}],"version-history":[{"count":0,"href":"https:\/\/blogs.hoy.es\/extredato\/wp-json\/wp\/v2\/posts\/86\/revisions"}],"wp:attachment":[{"href":"https:\/\/blogs.hoy.es\/extredato\/wp-json\/wp\/v2\/media?parent=86"}],"wp:term":[{"taxonomy":"category","embeddable":true,"href":"https:\/\/blogs.hoy.es\/extredato\/wp-json\/wp\/v2\/categories?post=86"},{"taxonomy":"post_tag","embeddable":true,"href":"https:\/\/blogs.hoy.es\/extredato\/wp-json\/wp\/v2\/tags?post=86"}],"curies":[{"name":"wp","href":"https:\/\/api.w.org\/{rel}","templated":true}]}}