{"id":142,"date":"2012-08-20T09:03:30","date_gmt":"2012-08-20T09:03:30","guid":{"rendered":"http:\/\/blogs.hoy.es\/extremaduraenlista\/?p=142"},"modified":"2012-08-20T09:03:30","modified_gmt":"2012-08-20T09:03:30","slug":"disney-pasea-el-nombre-de-merida-por-todo-el-mundo","status":"publish","type":"post","link":"https:\/\/blogs.hoy.es\/extremaduraenlista\/2012\/08\/20\/disney-pasea-el-nombre-de-merida-por-todo-el-mundo\/","title":{"rendered":"Disney pasea el nombre de M\u00e9rida por todo el mundo"},"content":{"rendered":"<div id=\"attachment_146\" style=\"width: 640px\" class=\"wp-caption aligncenter\"><a href=\"\/extremaduraenlista\/wp-content\/uploads\/sites\/20\/2012\/08\/la-foto-de-M\u00e9rida.jpg\"><img aria-describedby=\"caption-attachment-146\" loading=\"lazy\" class=\"size-full wp-image-146\" title=\"La joven portagonista de Brave que lleva el nombre de M\u00e9rida\" src=\"\/extremaduraenlista\/wp-content\/uploads\/sites\/20\/2012\/08\/la-foto-de-M\u00e9rida.jpg\" alt=\"La joven portagonista de Brave que lleva el nombre de M\u00e9rida\" width=\"630\" height=\"500\" srcset=\"https:\/\/static-blogs.hoy.es\/wp-content\/uploads\/sites\/20\/2012\/08\/la-foto-de-M\u00e9rida.jpg 630w, https:\/\/static-blogs.hoy.es\/wp-content\/uploads\/sites\/20\/2012\/08\/la-foto-de-M\u00e9rida-300x238.jpg 300w\" sizes=\"(max-width: 630px) 100vw, 630px\" \/><\/a><p id=\"caption-attachment-146\" class=\"wp-caption-text\">La joven portagonista de Brave que lleva el nombre de M\u00e9rida<\/p><\/div>\n<p>Desde hace unos d\u00edas est\u00e1 en las carteleras la \u00faltima pel\u00edcula de <strong>Disney<\/strong> titulada<a href=\"http:\/\/www.disney.es\/brave\/index.jsp\" rel=\"external nofollow\"> <strong>&#8216;Brave&#8217;<\/strong> (Indomable)<\/a> y cuya protagonista es una joven princesa de larga melena pelirroja y de nombre muy familiar para los extreme\u00f1os. Y es que sus autores decidieron bautizarla como <strong>M\u00e9rida<\/strong>, el nombre de la capital de <strong>Extremadura<\/strong>, que a su vez dio nombre a las M\u00e9ridas de <strong>M\u00e9xico<\/strong> y <strong>Venezuela<\/strong>. No se sabe si la elecci\u00f3n es casual o no pero el caso es que de forma indirecta esta acci\u00f3n de Disney va a servir para pasear el nombre de <strong>M\u00e9rida<\/strong> por todo el mundo.<\/p>\n<p>Durante la reciente visita a <strong>Espa\u00f1a<\/strong> que hicieron los hermanos <strong>Ramiro y Carolina L\u00f3pez Dau<\/strong>, dos de los animadores de la compa\u00f1\u00eda <strong>Pixar<\/strong> que vinieron a pomocionar la pel\u00edcula, fueron preguntados por esta coincidencia y dijeron desconocer de d\u00f3nde proviene la elecci\u00f3n del nombre de la princesa aunque bromearon con la idea de que &#8220;puede haber sido de alg\u00fan extreme\u00f1o suelto por Pixar&#8221;.<\/p>\n<p>Sea como sea la pel\u00edcula ha vuelo a ser un \u00e9xito de Disney y se ha convertido en una de las cintas del verano igual que ha ocurrido en los \u00faltimos a\u00f1os con otras pel\u00edculas de la factor\u00eda Disney-Pixar tan conocidas como <strong>&#8216;Buscando a Nemo<\/strong>&#8216;,<strong> &#8216;Los incre\u00edbles&#8217;<\/strong>, <strong>&#8216;Ratatouille&#8217;<\/strong>, <strong>&#8216;Walle&#8217;<\/strong> o la trilog\u00eda de <strong>&#8216;Toy Story<\/strong>&#8216;. En el caso de &#8216;Brave&#8217; se cuestion\u00f3 que la cinta perd\u00eda un poco el sello de Pixar, -la compa\u00f1\u00eda de animaci\u00f3n por ordenador que despunt\u00f3 tras ser comprada por <strong>Steve Jobs<\/strong> tras salir de <strong>Apple<\/strong> y asociarse posteriormente a la superpoderosa Disney-, para someterse en cierta forma a \u00e9sta y volver a traer la figura de la t\u00edpica princesa. Sin embargo, esto no es del todo cierto porque la princesa M\u00e9rida no responde al estereotipo cl\u00e1sico sino que rompe moldes al ser una joven rebelde que prefiere disparar con su arco, montar en su caballo <strong>Angus<\/strong> antes que someterse a los designios reales y elegir pretendientes.<\/p>\n<p>Precisamente ese cambio de guion, de princesa dulce que busca pr\u00edncipe por el de princesa rebelde que prefiere disparar con arco antes que elegir novio, ha propiciado toda una serie de teor\u00edas como la que plantea que Disney podr\u00eda estar tanteando el mercado gay y la princesa M\u00e9rida <a href=\"http:\/\/www.elconfidencial.com\/alma-corazon-vida\/2012\/06\/29\/las-empresas-tantean-el-mercado-gay-es-lesbiana-la-nueva-princesa-disney-100966\/\" rel=\"external nofollow\">podr\u00eda ser su primera princesa homosexua<\/a>l. El debate se plante\u00f3 en norteam\u00e9rica justo cuando se estrenaba la pel\u00edcula y ni\u00a0 Disney ni Pixar confirmaron ni desmintieron nada.<\/p>\n<p>Al margen de esas teor\u00edas y pol\u00e9micas y volviendo al principio, <strong>la ciudad de M\u00e9rida<\/strong> puede saborear una peque\u00f1a parte del \u00e9xito de la pel\u00edcula ya que contribuir\u00e1 a poner su nombre en la mente de un mont\u00f3n de ni\u00f1os de medio mundo y qui\u00e9n sabe si alguno puede sentir curiosidad y buscar de d\u00f3nde procede el nombre de tan at\u00edpica princesa.<\/p>\n<p>Siguiendo en el cap\u00edtulo anecd\u00f3tico o casual en relaci\u00f3n al nombre de <strong>M\u00e9rida<\/strong>, en pa\u00edses Europeos como <strong>Polonia<\/strong> en muchos aseos p\u00fablicos se puede encontrar tambi\u00e9n en las m\u00e1quinas que se utilizan para secar la manos. Al parecer una de las empresas m\u00e1s conocidas del pa\u00eds de art\u00edculos de uso sanitario y dom\u00e9stico lleva el nombre de M\u00e9rida.<\/p>\n<div id=\"attachment_147\" style=\"width: 586px\" class=\"wp-caption aligncenter\"><a href=\"\/extremaduraenlista\/wp-content\/uploads\/sites\/20\/2012\/08\/Sanitarios-M\u00e9rida.jpg\"><img aria-describedby=\"caption-attachment-147\" loading=\"lazy\" class=\" wp-image-147 \" title=\"El nombre de M\u00e9rida en las m\u00e1quinas para secar manos de los aseos p\u00fablicos en Polonia.\" src=\"\/extremaduraenlista\/wp-content\/uploads\/sites\/20\/2012\/08\/Sanitarios-M\u00e9rida.jpg\" alt=\"El nombre de M\u00e9rida en las m\u00e1quinas para secar manos de los aseos p\u00fablicos en Polonia.\" width=\"576\" height=\"430\" srcset=\"https:\/\/static-blogs.hoy.es\/wp-content\/uploads\/sites\/20\/2012\/08\/Sanitarios-M\u00e9rida.jpg 640w, https:\/\/static-blogs.hoy.es\/wp-content\/uploads\/sites\/20\/2012\/08\/Sanitarios-M\u00e9rida-300x224.jpg 300w\" sizes=\"(max-width: 576px) 100vw, 576px\" \/><\/a><p id=\"caption-attachment-147\" class=\"wp-caption-text\">El nombre de M\u00e9rida en las m\u00e1quinas para secar las manos de los aseos p\u00fablicos en Polonia.<\/p><\/div>\n<p>&nbsp;<\/p>\n<!-- AddThis Advanced Settings generic via filter on the_content --><!-- AddThis Share Buttons generic via filter on the_content -->","protected":false},"excerpt":{"rendered":"<p>Desde hace unos d\u00edas est\u00e1 en las carteleras la \u00faltima pel\u00edcula de Disney titulada &#8216;Brave&#8217; (Indomable) y cuya protagonista es una joven princesa de larga melena pelirroja y de nombre muy familiar para los extreme\u00f1os. Y es que sus autores decidieron bautizarla como M\u00e9rida, el nombre de la capital de Extremadura, que a su vez [&hellip;]<!-- AddThis Advanced Settings generic via filter on get_the_excerpt --><!-- AddThis Share Buttons generic via filter on get_the_excerpt --><\/p>\n","protected":false},"author":25,"featured_media":0,"comment_status":"open","ping_status":"closed","sticky":false,"template":"","format":"standard","meta":[],"categories":[2,4],"tags":[33,45,60,80,193,269],"_links":{"self":[{"href":"https:\/\/blogs.hoy.es\/extremaduraenlista\/wp-json\/wp\/v2\/posts\/142"}],"collection":[{"href":"https:\/\/blogs.hoy.es\/extremaduraenlista\/wp-json\/wp\/v2\/posts"}],"about":[{"href":"https:\/\/blogs.hoy.es\/extremaduraenlista\/wp-json\/wp\/v2\/types\/post"}],"author":[{"embeddable":true,"href":"https:\/\/blogs.hoy.es\/extremaduraenlista\/wp-json\/wp\/v2\/users\/25"}],"replies":[{"embeddable":true,"href":"https:\/\/blogs.hoy.es\/extremaduraenlista\/wp-json\/wp\/v2\/comments?post=142"}],"version-history":[{"count":0,"href":"https:\/\/blogs.hoy.es\/extremaduraenlista\/wp-json\/wp\/v2\/posts\/142\/revisions"}],"wp:attachment":[{"href":"https:\/\/blogs.hoy.es\/extremaduraenlista\/wp-json\/wp\/v2\/media?parent=142"}],"wp:term":[{"taxonomy":"category","embeddable":true,"href":"https:\/\/blogs.hoy.es\/extremaduraenlista\/wp-json\/wp\/v2\/categories?post=142"},{"taxonomy":"post_tag","embeddable":true,"href":"https:\/\/blogs.hoy.es\/extremaduraenlista\/wp-json\/wp\/v2\/tags?post=142"}],"curies":[{"name":"wp","href":"https:\/\/api.w.org\/{rel}","templated":true}]}}