{"id":153,"date":"2012-09-07T16:08:42","date_gmt":"2012-09-07T16:08:42","guid":{"rendered":"http:\/\/blogs.hoy.es\/extremaduraenlista\/?p=153"},"modified":"2012-09-07T16:08:42","modified_gmt":"2012-09-07T16:08:42","slug":"el-padre-de-badajoz-que-no-vio-a-su-hija-convertirse-en-una-estrella","status":"publish","type":"post","link":"https:\/\/blogs.hoy.es\/extremaduraenlista\/2012\/09\/07\/el-padre-de-badajoz-que-no-vio-a-su-hija-convertirse-en-una-estrella\/","title":{"rendered":"El padre de Badajoz que no vio a su hija convertirse en una estrella"},"content":{"rendered":"<div id=\"attachment_154\" style=\"width: 250px\" class=\"wp-caption aligncenter\"><a href=\"\/extremaduraenlista\/wp-content\/uploads\/sites\/20\/2012\/09\/NOOMI.jpg\"><img aria-describedby=\"caption-attachment-154\" loading=\"lazy\" class=\" wp-image-154    \" title=\"La actriz sueca Noomi Rapace, de origen pacense.\" src=\"\/extremaduraenlista\/wp-content\/uploads\/sites\/20\/2012\/09\/NOOMI.jpg\" alt=\"La actriz sueca Noomi Rapace, de origen pacense.\" width=\"240\" height=\"362\" \/><\/a><p id=\"caption-attachment-154\" class=\"wp-caption-text\">La actriz sueca Noomi Rapace, de origen pacense.<\/p><\/div>\n<p>Ha sido una de las actrices del verano por su papel en la pel\u00edcula<a href=\"http:\/\/www.prometheus-movie.com\/\" rel=\"external nofollow\"> &#8216;Prometheus&#8217; <\/a>de <strong>Ridley Scott<\/strong> y sobre todo por la escena de la ces\u00e1rea que se realiza ella misma con la ayuda de un robot medicalizado para extraerse una criatura extra\u00f1a que ha invadido su cuerpo. En las pr\u00f3ximas semanas estrenar\u00e1 su nueva pel\u00edcula <strong>&#8216;Passion&#8217;<\/strong> de otro conocido director <strong>Brian de Palma<\/strong>, que estos d\u00edas presenta en el <strong>Festival de Cannes<\/strong>, y no para de encadenar un rodaje con otro.<\/p>\n<p>La sueca <strong>Noomi Rapace<\/strong> es una de las actrices del momento, con una de las carreras m\u00e1s fulgurantes en el mundo del cine europeo y americano, con la que todos los directores quieren rodar, y todo gracias al personaje de <strong>Lisbeth Salander<\/strong>, que protagoniz\u00f3 en su pa\u00eds natal cuando se decidi\u00f3 llevar a la pantalla la triolog\u00eda <strong>Millennium<\/strong> del escritor ya fallecido <strong>Stieg Larsson<\/strong>. El \u00e9xito de los libros y de las pel\u00edculas catapult\u00f3 a la menuda actriz sueca hasta el punto de que, salvando las distancias, ya la comparan con otras consagradas actrices procedentes del pa\u00eds n\u00f3rdico como <strong><a href=\"http:\/\/es.wikipedia.org\/wiki\/Ingrid_Bergman\" rel=\"external nofollow\">Ingrid Bergman<\/a><\/strong> o <strong>Greta Garbo, que tambi\u00e9n triunfaron en Hollywood<\/strong>.<\/p>\n<p><a href=\"http:\/\/www.imdb.com\/name\/nm0636426\/\" rel=\"external nofollow\">En todas las biograf\u00edas de <strong>Rapace<\/strong><\/a> se recoge que es hija de la actriz sueca <strong>Nina Nor\u00e9n<\/strong> y del cantaor de flamenco <strong>Rogelio Dur\u00e1n<\/strong>. Este \u00faltimo era un cantaor de <strong>Badajoz<\/strong> al que la actriz no pudo conocer hasta despu\u00e9s de haber cumplido los 15 a\u00f1os debido a que el m\u00fasico ten\u00eda otra familia y no sab\u00eda de la existencia de la futura estrella. Desgraciadamente cuando recuperaron el contacto no pudieron disfrutar mucho el uno del otro porque el cantaor pacense\u00a0 falleci\u00f3 en 2007.<\/p>\n<p>Hace un par de a\u00f1os cuando Noomi empez\u00f3 a despuntar como <strong>Lisbeth<\/strong>, la periodista de HOY <strong>Mercedes Barrado<\/strong> hizo una extensa informaci\u00f3n sobre <a href=\"http:\/\/www.hoy.es\/20100129\/sociedad\/padre-pacense-lisbeth-salander-20100129.html\" rel=\"external nofollow\">el padre pacense de Lisbeth Salander<\/a> en la que contaba que \u00e9ste nunca perdi\u00f3 el contacto con la ciudad que le vio nacer y que conservaba en la ciudad algunas amistades como la locutora de radio <strong>Mar\u00eda Jes\u00fas de las Heras<\/strong>. En ese trabajo recordaba que <strong>Noomi Rapace<\/strong> cont\u00f3 en algunas entrevistas que atribu\u00eda a la herencia gen\u00e9tica paterna la intensidad volc\u00e1nica de algunos de sus rasgos o una extra\u00f1a fuerza interna que ella diferenciaba de su herencia biol\u00f3gica n\u00f3rdica.<\/p>\n<p>Seguro que <strong>Rogelio Dur\u00e1n o Rogelio de Badajoz<\/strong> estar\u00eda orgulloso de ver como su hija se ha convertido en una estrella m\u00e1s del firmamento hollywoodiense que estos d\u00edas pasea por la alfombra roja del Festival de Cannes para presentar su \u00faltima pel\u00edcula <strong>&#8216;Passion&#8217;<\/strong> y a la que lo mismo reclaman directores americanos que europeos. De momento ya ha tenido ocasi\u00f3n de rodar con reconocidos directores como <strong>Brian de Palma<\/strong>, <strong>Ridley Scott<\/strong>, <strong>Guy Ritchie<\/strong> y con actores como <strong>Jude Law<\/strong>, <strong>Robert Dawney Jr<\/strong>. o <strong>Charlize Theron<\/strong>.<\/p>\n<div id=\"attachment_155\" style=\"width: 650px\" class=\"wp-caption aligncenter\"><a href=\"\/extremaduraenlista\/wp-content\/uploads\/sites\/20\/2012\/09\/M12-446383250.jpg\"><img aria-describedby=\"caption-attachment-155\" loading=\"lazy\" class=\" wp-image-155 \" title=\"Noomi Rapace con el director Brian de Palma en el Festival de Cannes.\" src=\"\/extremaduraenlista\/wp-content\/uploads\/sites\/20\/2012\/09\/M12-446383250.jpg\" alt=\"Noomi Rapace con el director Brian de Palma en el Festival de Cannes.\" width=\"640\" height=\"426\" srcset=\"https:\/\/static-blogs.hoy.es\/wp-content\/uploads\/sites\/20\/2012\/09\/M12-446383250.jpg 800w, https:\/\/static-blogs.hoy.es\/wp-content\/uploads\/sites\/20\/2012\/09\/M12-446383250-300x200.jpg 300w, https:\/\/static-blogs.hoy.es\/wp-content\/uploads\/sites\/20\/2012\/09\/M12-446383250-768x512.jpg 768w\" sizes=\"(max-width: 640px) 100vw, 640px\" \/><\/a><p id=\"caption-attachment-155\" class=\"wp-caption-text\">Noomi Rapace con el director Brian de Palma en el Festival de Cannes.<\/p><\/div>\n<p>Aunque el cantaor pacense no ha podido conocer el \u00e9xito de su hija s\u00ed que su nombre aparece junto al de ella en todas las biograf\u00edas oficiales y art\u00edsticas que se publican como en la wikipedia, en IMDB, y en p\u00e1ginas especializadas de cine.<\/p>\n<p>&nbsp;<\/p>\n<!-- AddThis Advanced Settings generic via filter on the_content --><!-- AddThis Share Buttons generic via filter on the_content -->","protected":false},"excerpt":{"rendered":"<p>Ha sido una de las actrices del verano por su papel en la pel\u00edcula &#8216;Prometheus&#8217; de Ridley Scott y sobre todo por la escena de la ces\u00e1rea que se realiza ella misma con la ayuda de un robot medicalizado para extraerse una criatura extra\u00f1a que ha invadido su cuerpo. En las pr\u00f3ximas semanas estrenar\u00e1 su [&hellip;]<!-- AddThis Advanced Settings generic via filter on get_the_excerpt --><!-- AddThis Share Buttons generic via filter on get_the_excerpt --><\/p>\n","protected":false},"author":25,"featured_media":0,"comment_status":"open","ping_status":"closed","sticky":false,"template":"","format":"standard","meta":[],"categories":[4],"tags":[36,60,102,210,270,271],"_links":{"self":[{"href":"https:\/\/blogs.hoy.es\/extremaduraenlista\/wp-json\/wp\/v2\/posts\/153"}],"collection":[{"href":"https:\/\/blogs.hoy.es\/extremaduraenlista\/wp-json\/wp\/v2\/posts"}],"about":[{"href":"https:\/\/blogs.hoy.es\/extremaduraenlista\/wp-json\/wp\/v2\/types\/post"}],"author":[{"embeddable":true,"href":"https:\/\/blogs.hoy.es\/extremaduraenlista\/wp-json\/wp\/v2\/users\/25"}],"replies":[{"embeddable":true,"href":"https:\/\/blogs.hoy.es\/extremaduraenlista\/wp-json\/wp\/v2\/comments?post=153"}],"version-history":[{"count":0,"href":"https:\/\/blogs.hoy.es\/extremaduraenlista\/wp-json\/wp\/v2\/posts\/153\/revisions"}],"wp:attachment":[{"href":"https:\/\/blogs.hoy.es\/extremaduraenlista\/wp-json\/wp\/v2\/media?parent=153"}],"wp:term":[{"taxonomy":"category","embeddable":true,"href":"https:\/\/blogs.hoy.es\/extremaduraenlista\/wp-json\/wp\/v2\/categories?post=153"},{"taxonomy":"post_tag","embeddable":true,"href":"https:\/\/blogs.hoy.es\/extremaduraenlista\/wp-json\/wp\/v2\/tags?post=153"}],"curies":[{"name":"wp","href":"https:\/\/api.w.org\/{rel}","templated":true}]}}