{"id":1005,"date":"2014-06-23T17:58:02","date_gmt":"2014-06-23T15:58:02","guid":{"rendered":"http:\/\/blogs.hoy.es\/extremadurasecreta\/?p=1005"},"modified":"2018-06-21T09:35:54","modified_gmt":"2018-06-21T07:35:54","slug":"la-laguna-de-las-encantas","status":"publish","type":"post","link":"https:\/\/blogs.hoy.es\/extremadurasecreta\/2014\/06\/23\/la-laguna-de-las-encantas\/","title":{"rendered":"La laguna de las encant\u00e1s"},"content":{"rendered":"<p>&nbsp;<\/p>\n<div id=\"attachment_1006\" style=\"width: 233px\" class=\"wp-caption alignleft\"><a href=\"\/extremadurasecreta\/wp-content\/uploads\/sites\/16\/2014\/06\/Laguna-de-las-encantas-blog-copia_680x916.jpg\"><img aria-describedby=\"caption-attachment-1006\" loading=\"lazy\" class=\"wp-image-1006 size-medium\" title=\"Laguna de las encantas-blog copia_680x916\" src=\"https:\/\/static-blogs.hoy.es\/wp-content\/uploads\/sites\/16\/2014\/06\/Laguna-de-las-encantas-blog-copia_680x916-223x300.jpg\" width=\"223\" height=\"300\" srcset=\"https:\/\/static-blogs.hoy.es\/wp-content\/uploads\/sites\/16\/2014\/06\/Laguna-de-las-encantas-blog-copia_680x916-223x300.jpg 223w, https:\/\/static-blogs.hoy.es\/wp-content\/uploads\/sites\/16\/2014\/06\/Laguna-de-las-encantas-blog-copia_680x916.jpg 680w\" sizes=\"(max-width: 223px) 100vw, 223px\" \/><\/a><p id=\"caption-attachment-1006\" class=\"wp-caption-text\">Borja Gonz\u00e1lez Hoyos<\/p><\/div>\n<p><span style=\"text-align: justify;\">La m\u00edtica <\/span><a style=\"text-align: justify;\" title=\"El fuego m\u00e1gico de San Juan\" href=\"https:\/\/blogs.hoy.es\/extremadurasecreta\/2013\/06\/19\/el-fuego-magico-de-san-juan\/\"><strong>noche de San Juan<\/strong>,<\/a><span style=\"text-align: justify;\"> concretamente desde las doce de la noche del d\u00eda 23 hasta el amanecer del 24 de junio, era la noche m\u00e1s corta y esperada del a\u00f1o por campesinos de toda Europa, incluidos los extreme\u00f1os.<\/span><\/p>\n<p style=\"text-align: justify;\"><strong><a title=\"Supersticiones extreme\u00f1as\" href=\"http:\/\/books.google.es\/books\/about\/Supersticiones_extreme%C3%B1as.html?hl=es&amp;id=hug8PQAACAAJ\" rel=\"external nofollow\">Publio Hurtado<\/a><\/strong> ya aseguraba en 1902 que en esa noche m\u00e1gica<em> \u201c<strong>se abren de par en par las invisibles puertas de <a title=\"La Mansabor\u00e1, la encantada de C\u00e1ceres\" href=\"https:\/\/blogs.hoy.es\/extremadurasecreta\/2013\/04\/23\/la-mansabora-la-encantada-de-caceres\/\">las grutas y palacios encantados<\/a><\/strong>, <strong><a title=\"Las malas muertes de las Reinas Moras\" href=\"https:\/\/blogs.hoy.es\/extremadurasecreta\/2012\/06\/12\/las-malas-muertes-de-las-reinas-moras\/\">las reinas moras <\/a><\/strong>y las infantas prisioneras de un ensalmo, que los habitan , salen de su paseo anual suspirando por el tard\u00edo milagro de su redenci\u00f3n;<a title=\"El gallinero encantado\" href=\"https:\/\/blogs.hoy.es\/extremadurasecreta\/2012\/04\/03\/huevos-de-oro-el-gallinero-encantado\/\"> <strong>las gallinas y polluelos de vistoso plumaje<\/strong><\/a>, las vacas y <a title=\"Los pastores que so\u00f1aban con tesoros y una cabra blanquecina\" href=\"https:\/\/blogs.hoy.es\/extremadurasecreta\/2012\/09\/17\/los-pastores-que-sonaban-con-tesoros-y-una-cabra-blanquecina\/\">cabritas<\/a> de pelo plateado y cuernos de oro surgen del centro de la tierra a lucir sus preciados atav\u00edos; <strong><a title=\"La piedra del tesoro\" href=\"https:\/\/blogs.hoy.es\/extremadurasecreta\/2012\/03\/19\/la-piedra-del-tesoro\/\">las losas que ocultan los tesoros se remueven<\/a><\/strong> y dejan al descubierto las inapreciables riquezas que guardan a los rar\u00edsimos mortales predestinados a su hallazgo; las <a title=\"Plantas m\u00e1gicas, los secretos del curandero\" href=\"https:\/\/blogs.hoy.es\/extremadurasecreta\/2012\/05\/22\/plantas-magicas-hierbas-que-sanan\/\">plantas venenosas<\/a> pierden su da\u00f1ina propiedad;<a title=\"Ni tanto ni tan calvo: los crecepelos m\u00e1gicos\" href=\"https:\/\/blogs.hoy.es\/extremadurasecreta\/2014\/05\/26\/ni-tanto-ni-tan-calvo-los-crecepelos-magicos\/\"> <strong>las salut\u00edferas centuplican sus virtudes<\/strong> y el <strong>roc\u00edo de esta noche<\/strong> <\/a>no s\u00f3lo cura cien enfermedades, sino que hermosea y rejuvenece\u201d<\/em>.<\/p>\n<p style=\"text-align: justify;\">Bien lo sab\u00edan nuestros abuelos y lo intuimos nosotros, porque de un tiempo a esta parte hemos tenido el buen seso de recuperar leyendas y mitos que a punto estuvieron de irse a pique en la laguna del olvido.<\/p>\n<p style=\"text-align: justify;\">Algo de esto es lo que ha pasado con la leyenda de \u201cLas Encant\u00e1s\u201d, \u201cLas Encantadas\u201d o \u201cLas tres damas\u201d, como las conocen en <strong>Montijo<\/strong>. All\u00ed, \u00a0en el camino viejo de<strong> Barba\u00f1o<\/strong> (un antiguo cordel medieval y pastoril que enlazaba con la Ca\u00f1ada Real Soriana), ha resurgido de la nada,\u00a0 <a title=\"la laguna de las encantadas recupera su atractivo\" href=\"http:\/\/www.hoy.es\/prensa\/20070125\/prov_badajoz\/laguna-encantadas-recupera-atractivo_20070125.html\" rel=\"external nofollow\">gracias a los vecinos<\/a>, \u00a0la legendaria y m\u00edtica \u201c<strong>Laguna de Las Encant\u00e1s<\/strong>\u201d.<\/p>\n<div id=\"attachment_1007\" style=\"width: 1034px\" class=\"wp-caption aligncenter\"><a href=\"\/extremadurasecreta\/wp-content\/uploads\/sites\/16\/2014\/06\/Brozas-Valencia-de-Alc\u00e1ntara-15-junio-2014-203_edited.jpg\"><img aria-describedby=\"caption-attachment-1007\" loading=\"lazy\" class=\"wp-image-1007 size-large\" title=\"Brozas, Valencia de Alc\u00e1ntara, 15 junio 2014 203_edited\" src=\"https:\/\/static-blogs.hoy.es\/wp-content\/uploads\/sites\/16\/2014\/06\/Brozas-Valencia-de-Alc\u00e1ntara-15-junio-2014-203_edited-1024x681.jpg\" width=\"1024\" height=\"681\" srcset=\"https:\/\/static-blogs.hoy.es\/wp-content\/uploads\/sites\/16\/2014\/06\/Brozas-Valencia-de-Alc\u00e1ntara-15-junio-2014-203_edited-1024x681.jpg 1024w, https:\/\/static-blogs.hoy.es\/wp-content\/uploads\/sites\/16\/2014\/06\/Brozas-Valencia-de-Alc\u00e1ntara-15-junio-2014-203_edited-300x200.jpg 300w, https:\/\/static-blogs.hoy.es\/wp-content\/uploads\/sites\/16\/2014\/06\/Brozas-Valencia-de-Alc\u00e1ntara-15-junio-2014-203_edited-768x511.jpg 768w, https:\/\/static-blogs.hoy.es\/wp-content\/uploads\/sites\/16\/2014\/06\/Brozas-Valencia-de-Alc\u00e1ntara-15-junio-2014-203_edited.jpg 1936w\" sizes=\"(max-width: 1024px) 100vw, 1024px\" \/><\/a><p id=\"caption-attachment-1007\" class=\"wp-caption-text\">Una de las encantadas de agua, emergiendo de la laguna (A. Briz)<\/p><\/div>\n<p style=\"text-align: justify;\">Cuenta la leyenda, escrita ya para la posteridad a la vera de sus aguas, que hace muchos a\u00f1os, en una <strong>noche de San Juan<\/strong>, tres hermanas de nombre Mar\u00eda contemplan las estrellas, que por alguna extra\u00f1a raz\u00f3n se muestran muy bajas, grandes y brillantes. Las j\u00f3venes\u00a0\u00a0 se acercan, curiosas, a verlas reflejadas en las aguas verdes de la laguna, y el encanto se produce de inmediato. Obedeciendo a un irreprimible impulso, deciden ba\u00f1arse en aquella laguna sin fondo, y se lanzan a sus aguas para nunca m\u00e1s volver a salir a su superficie.<\/p>\n<p style=\"text-align: justify;\">Desde entonces, duermen para siempre en el fondo de sus aguas, despertando solamente en la <strong>Noche de San Juan<\/strong> para aquellos privilegiados que consigan llegar a la laguna con un vaso de agua en la cabeza del que no hayan derramado ni una sola gota en todo el camino. Afirman los m\u00e1s viejos del pueblo que si alg\u00fan afortunado lo consigue, las tres encantadas emergen de las aguas y danzan para \u00e9l, para despu\u00e9s concederle un deseo.<\/p>\n<div id=\"attachment_1008\" style=\"width: 978px\" class=\"wp-caption aligncenter\"><a href=\"\/extremadurasecreta\/wp-content\/uploads\/sites\/16\/2014\/06\/Brozas-Valencia-de-Alc\u00e1ntara-15-junio-2014-221_edited_968x644.jpg\"><img aria-describedby=\"caption-attachment-1008\" loading=\"lazy\" class=\"wp-image-1008 size-full\" title=\"Brozas, Valencia de Alc\u00e1ntara, 15 junio 2014 221_edited_968x644\" src=\"https:\/\/static-blogs.hoy.es\/wp-content\/uploads\/sites\/16\/2014\/06\/Brozas-Valencia-de-Alc\u00e1ntara-15-junio-2014-221_edited_968x644.jpg\" width=\"968\" height=\"644\" srcset=\"https:\/\/static-blogs.hoy.es\/wp-content\/uploads\/sites\/16\/2014\/06\/Brozas-Valencia-de-Alc\u00e1ntara-15-junio-2014-221_edited_968x644.jpg 968w, https:\/\/static-blogs.hoy.es\/wp-content\/uploads\/sites\/16\/2014\/06\/Brozas-Valencia-de-Alc\u00e1ntara-15-junio-2014-221_edited_968x644-300x200.jpg 300w, https:\/\/static-blogs.hoy.es\/wp-content\/uploads\/sites\/16\/2014\/06\/Brozas-Valencia-de-Alc\u00e1ntara-15-junio-2014-221_edited_968x644-768x511.jpg 768w\" sizes=\"(max-width: 968px) 100vw, 968px\" \/><\/a><p id=\"caption-attachment-1008\" class=\"wp-caption-text\">La leyenda de las Encantadas, recuperada (A. Briz)<\/p><\/div>\n<p style=\"text-align: justify;\">Ahora, gracias a los esfuerzos de la archivera municipal, <strong>Antonia G\u00f3mez Quintana<\/strong>, y de estudiantes del pueblo, esta leyenda se ha recuperado como tradici\u00f3n, y cada a\u00f1o, al anochecer del 23 de junio, desde el centro de la poblaci\u00f3n parte una aut\u00e9ntica romer\u00eda laica que cumple con el ritual de portar hasta la laguna un vaso de agua (ya no es en la cabeza, sino en la mano). Si el caminante consigue no derramar ni una sola gota hasta llegar a la laguna, y siendo ya las 12 de la noche, vacia el vaso al tiempo que formulan tres deseos, las encantadas se encargar\u00e1n de convertirlos en realidad.<\/p>\n<p style=\"text-align: justify;\">Y alg\u00fan deseo se habr\u00e1n concedido las encantadas a ellas mismas, porque hace solo unos a\u00f1os el humedal estaba cegado por basura, escombros y desperdicios, maleza y arbustos secos. Ahora, si tiene usted la suerte de acercarse al atardecer como lo hicimos nosotros, podr\u00e1n sentir el cimbreo de los juncos meci\u00e9ndose en el viento, el aleteo de un pato entre sus aguas, y all\u00e1, en el centro, las ondas conc\u00e9ntricas que anuncian los suspiros liberados por las damas encantadas del agua.<\/p>\n<p>&nbsp;<\/p>\n<p>&nbsp;<\/p>\n<!-- AddThis Advanced Settings generic via filter on the_content --><!-- AddThis Share Buttons generic via filter on the_content -->","protected":false},"excerpt":{"rendered":"<p>&nbsp; La m\u00edtica noche de San Juan, concretamente desde las doce de la noche del d\u00eda 23 hasta el amanecer del 24 de junio, era la noche m\u00e1s corta y esperada del a\u00f1o por campesinos de toda Europa, incluidos los extreme\u00f1os. Publio Hurtado ya aseguraba en 1902 que en esa noche m\u00e1gica \u201cse abren de [&hellip;]<!-- AddThis Advanced Settings generic via filter on get_the_excerpt --><!-- AddThis Share Buttons generic via filter on get_the_excerpt --><\/p>\n","protected":false},"author":20,"featured_media":0,"comment_status":"open","ping_status":"closed","sticky":false,"template":"","format":"standard","meta":[],"categories":[9],"tags":[465,695,739,740,757,866,902,999],"_links":{"self":[{"href":"https:\/\/blogs.hoy.es\/extremadurasecreta\/wp-json\/wp\/v2\/posts\/1005"}],"collection":[{"href":"https:\/\/blogs.hoy.es\/extremadurasecreta\/wp-json\/wp\/v2\/posts"}],"about":[{"href":"https:\/\/blogs.hoy.es\/extremadurasecreta\/wp-json\/wp\/v2\/types\/post"}],"author":[{"embeddable":true,"href":"https:\/\/blogs.hoy.es\/extremadurasecreta\/wp-json\/wp\/v2\/users\/20"}],"replies":[{"embeddable":true,"href":"https:\/\/blogs.hoy.es\/extremadurasecreta\/wp-json\/wp\/v2\/comments?post=1005"}],"version-history":[{"count":2,"href":"https:\/\/blogs.hoy.es\/extremadurasecreta\/wp-json\/wp\/v2\/posts\/1005\/revisions"}],"predecessor-version":[{"id":1553,"href":"https:\/\/blogs.hoy.es\/extremadurasecreta\/wp-json\/wp\/v2\/posts\/1005\/revisions\/1553"}],"wp:attachment":[{"href":"https:\/\/blogs.hoy.es\/extremadurasecreta\/wp-json\/wp\/v2\/media?parent=1005"}],"wp:term":[{"taxonomy":"category","embeddable":true,"href":"https:\/\/blogs.hoy.es\/extremadurasecreta\/wp-json\/wp\/v2\/categories?post=1005"},{"taxonomy":"post_tag","embeddable":true,"href":"https:\/\/blogs.hoy.es\/extremadurasecreta\/wp-json\/wp\/v2\/tags?post=1005"}],"curies":[{"name":"wp","href":"https:\/\/api.w.org\/{rel}","templated":true}]}}