{"id":1016,"date":"2014-07-09T17:03:14","date_gmt":"2014-07-09T15:03:14","guid":{"rendered":"http:\/\/blogs.hoy.es\/extremadurasecreta\/?p=1016"},"modified":"2014-07-09T17:03:14","modified_gmt":"2014-07-09T15:03:14","slug":"donde-esta-el-becerro-de-oro","status":"publish","type":"post","link":"https:\/\/blogs.hoy.es\/extremadurasecreta\/2014\/07\/09\/donde-esta-el-becerro-de-oro\/","title":{"rendered":"\u00bfD\u00f3nde est\u00e1 el becerro de oro?"},"content":{"rendered":"<p>&nbsp;<\/p>\n<div id=\"attachment_1017\" style=\"width: 310px\" class=\"wp-caption alignleft\"><a href=\"\/extremadurasecreta\/wp-content\/uploads\/sites\/16\/2014\/07\/vetones-peque-2.jpg\"><img aria-describedby=\"caption-attachment-1017\" loading=\"lazy\" class=\"size-medium wp-image-1017\" title=\"vetones peque (2)\" src=\"\/extremadurasecreta\/wp-content\/uploads\/sites\/16\/2014\/07\/vetones-peque-2.jpg\" alt=\"\" width=\"300\" height=\"293\" srcset=\"https:\/\/static-blogs.hoy.es\/wp-content\/uploads\/sites\/16\/2014\/07\/vetones-peque-2.jpg 1546w, https:\/\/static-blogs.hoy.es\/wp-content\/uploads\/sites\/16\/2014\/07\/vetones-peque-2-300x294.jpg 300w, https:\/\/static-blogs.hoy.es\/wp-content\/uploads\/sites\/16\/2014\/07\/vetones-peque-2-768x753.jpg 768w, https:\/\/static-blogs.hoy.es\/wp-content\/uploads\/sites\/16\/2014\/07\/vetones-peque-2-1024x1003.jpg 1024w\" sizes=\"(max-width: 300px) 100vw, 300px\" \/><\/a><p id=\"caption-attachment-1017\" class=\"wp-caption-text\">Ilustraci\u00f3n: Borja Gonz\u00e1lez Hoyos<\/p><\/div>\n<p style=\"text-align: justify;\">El<a title=\"El castillo del Becerro de Oro\" href=\"https:\/\/blogs.hoy.es\/extremadurasecreta\/2013\/11\/07\/el-castillo-del-becerro-de-oro\/\"> <strong>becerro de oro<\/strong><\/a>, ese dios pagano al que los israelitas adoraron en el desierto dando la espalda al dios de Mois\u00e9s, vino\u00a0 a ocultarse a Extremadura.<\/p>\n<p style=\"text-align: justify;\">Numerosos lugares de nuestra tierra, de los que ya hablaremos, pueden presumir de guardar en sus entra\u00f1as becerros de oro, pieles de bueyes\u00a0 rellenos de monedas y fulgurantes tesoros astados.<\/p>\n<p style=\"text-align: justify;\">Y a veces, solo a veces, la leyenda se hace tan real que termina dando nombre a un valle, a una fuente, a un prado, a un cerro e incluso a un pueblo entero.<\/p>\n<p style=\"text-align: justify;\">Ya sabemos que <strong><a title=\"El oro y el moro\" href=\"https:\/\/blogs.hoy.es\/extremadurasecreta\/2012\/05\/29\/el-oro-y-el-moro-2\/\">tesoros y moros<\/a><\/strong> van indisolublemente unidos en <strong>Extremadura<\/strong>, y as\u00ed le contaba <strong>Eugenia Martin, <\/strong>\u00a0al investigador <strong><a title=\"Las Hurdes, visi\u00f3n interior\" href=\"http:\/\/dialnet.unirioja.es\/servlet\/libro?codigo=226028\" rel=\"external nofollow\">Felix\u00a0 Barroso<\/a>,<\/strong>\u00a0la historia de c\u00f3mo su marido <strong>Jose Rea\u00f1o<\/strong>, cuando hizo el servicio militar en<strong> Melilla<\/strong>, oy\u00f3 contar \u201ca un moro\u201d que en el <strong>Valle de los Becerrinos<\/strong>, en su misma alquer\u00eda de <strong>Aceitunilla<\/strong>, exist\u00eda un tesoro de un valor incalculable.<\/p>\n<p style=\"text-align: justify;\">Y no solo lo dec\u00eda el moro, que tambi\u00e9n lo dice la copla:<\/p>\n<div id=\"attachment_1019\" style=\"width: 310px\" class=\"wp-caption alignright\"><a href=\"\/extremadurasecreta\/wp-content\/uploads\/sites\/16\/2014\/07\/Aceitunilla-Las-Hurdes-13-360_edited_968x644.jpg\"><img aria-describedby=\"caption-attachment-1019\" loading=\"lazy\" class=\"size-medium wp-image-1019\" title=\"Aceitunilla Las Hurdes 13 360_edited_968x644\" src=\"\/extremadurasecreta\/wp-content\/uploads\/sites\/16\/2014\/07\/Aceitunilla-Las-Hurdes-13-360_edited_968x644.jpg\" alt=\"\" width=\"300\" height=\"199\" srcset=\"https:\/\/static-blogs.hoy.es\/wp-content\/uploads\/sites\/16\/2014\/07\/Aceitunilla-Las-Hurdes-13-360_edited_968x644.jpg 968w, https:\/\/static-blogs.hoy.es\/wp-content\/uploads\/sites\/16\/2014\/07\/Aceitunilla-Las-Hurdes-13-360_edited_968x644-300x200.jpg 300w, https:\/\/static-blogs.hoy.es\/wp-content\/uploads\/sites\/16\/2014\/07\/Aceitunilla-Las-Hurdes-13-360_edited_968x644-768x511.jpg 768w\" sizes=\"(max-width: 300px) 100vw, 300px\" \/><\/a><p id=\"caption-attachment-1019\" class=\"wp-caption-text\">En el valle de los Becerrinos, en Aceitunilla, hay un tesoro escondido (A. Briz)<\/p><\/div>\n<div class=\"mceTemp\"><\/div>\n<p style=\"text-align: justify;\"><em>\u201cEn los propios Becerrinos<\/em><\/p>\n<p style=\"text-align: justify;\"><em>Hay un tesoro en monedas<\/em><\/p>\n<p style=\"text-align: justify;\"><em>Que est\u00e1 muy bien enterrado<\/em><\/p>\n<p style=\"text-align: justify;\"><em>A coz de una madro\u00f1era\u201d<\/em><\/p>\n<p style=\"text-align: justify;\">Y madro\u00f1eras hay tambi\u00e9n en <strong>Las Casas de Belvis<\/strong>, un lugar donde las tierras son llanas y f\u00e9rtiles, muy adecuadas para el cultivo de cereales, olivos, vi\u00f1as y frutales, por lo que los romanos edificaron sus lugares de descanso para los viajeros, posadas y tabernas. \u00a0All\u00ed\u00a0se encuentra la<em><a title=\"Las casas de Belv\u00eds\" href=\"http:\/\/www.lascasasdebelvis.es\/historia-de-la-comarca\/periodo-romano\/\" rel=\"external nofollow\"> <strong>Fuente del Toro<\/strong><\/a><\/em>, donde se cuenta que los antiguos romanos, ante el temor de ataques enemigos, guardaron todo sus oro en un sarc\u00f3fago y lo envolvieron en una piel de toro, para despu\u00e9s arrojarlo a la fuente, de donde viene su nombre. Lo cierto es que all\u00ed se han encontrado restos de mosaicos, as\u00ed como un sarc\u00f3fago y una inscripci\u00f3n que ahora ocupa el dintel de un corral cercano.<\/p>\n<p style=\"text-align: justify;\">Tambi\u00e9n un emblem\u00e1tico prado del monte <strong>de Ahigal <\/strong>lleva el sugerente nombre del <a title=\"Animales guias en Extremadura I\" href=\"http:\/\/www.funjdiaz.net\/folklore\/07ficha.php?ID=2492\" rel=\"external nofollow\">\u201c<strong>Prao del Toro<\/strong><\/a>\u201d, que tiene esa denominaci\u00f3n porque en ese lugar anta\u00f1o se encontraba la escultura de un morlaco en piedra gran\u00edtica, lo que viene a ser<strong> <a title=\"De vetones y verracos\" href=\"https:\/\/blogs.hoy.es\/extremadurasecreta\/2012\/03\/27\/de-vetones-y-verracos\/\">un verraco<\/a>.<\/strong>\u00a0Y como ya sabemos que siempre se ha cre\u00eddo que <a title=\"So\u00f1ando con verracos y tesoros\" href=\"https:\/\/blogs.hoy.es\/extremadurasecreta\/2012\/12\/12\/sonando-con-verracos-y-tesoros\/\">donde hay un verraco hay un tesoro<\/a>, la estatua fue destruida en su totalidad para rescatar el oro que llevaba dentro y sus\u00a0 piedras fueron a parar a la pared del cercado.<\/p>\n<p style=\"text-align: justify;\">En <strong>Pasar\u00f3n de la Vera<em> <\/em><\/strong>el insigne investigador<strong><em> <\/em><\/strong><strong><a title=\"Supersticiones Extreme\u00f1as\" href=\"http:\/\/books.google.es\/books\/about\/Supersticiones_extreme%C3%B1as.html?hl=es&#038;id=hug8PQAACAAJ\" rel=\"external nofollow\">Publio Hurtado<\/a><\/strong> hace alusi\u00f3n a un <strong>cerro del Verraco<\/strong>, en el que\u00a0 hab\u00eda un toro petrificado con esta inscripci\u00f3n entre los cuernos:<\/p>\n<p style=\"text-align: justify;\"><em>\u00a0<\/em><\/p>\n<p style=\"text-align: justify;\"><em>\u201cDonde mira el toro<\/em><\/p>\n<p style=\"text-align: justify;\"><em>Est\u00e1 el tesoro\u201d<\/em><\/p>\n<p style=\"text-align: justify;\">No es que la inscripci\u00f3n sea la bomba en cuanto a originalidad, pero es bastante clara, que al fin y al cabo es lo que importa\u2026 Porque \u00a0si hablamos de inscripciones y carteler\u00eda taurina no podemos abandonar la pluma sin mencionar al \u00fanico pueblo con cuernos en el nombre. La plaza de <a title=\"Las malas muertes de las Reinas Moras\" href=\"https:\/\/blogs.hoy.es\/extremadurasecreta\/2012\/06\/12\/las-malas-muertes-de-las-reinas-moras\/\"><strong>Segura de Toro,<\/strong> (pueblo con <\/a><strong><a title=\"Las malas muertes de las Reinas Moras\" href=\"https:\/\/blogs.hoy.es\/extremadurasecreta\/2012\/06\/12\/las-malas-muertes-de-las-reinas-moras\/\">leyenda de Reina Mora<\/a>)<\/strong> acoge una gran escultura de granito prerromana que representa un toro.<\/p>\n<p style=\"text-align: justify;\">Se cree que este toro de piedra se tall\u00f3 en \u00e9poca celta, junto con otros que desaparecieron. En una \u00e9poca posterior los consideraron como s\u00edmbolos de malos augurios y fueron arrojados a la garganta. A\u00f1os despu\u00e9s intentaron rescatarlos, pero solo consiguieron salvar \u00e9ste y sin cabeza.<\/p>\n<p style=\"text-align: justify;\">Cuenta nuestro \u00ednclito historiador<strong><a title=\"Animales gu\u00edas en Extremadura I\" href=\"http:\/\/www.funjdiaz.net\/folklore\/07ficha.php?ID=2492\" rel=\"external nofollow\"> Jose Mar\u00eda Dom\u00ednguez Moreno<\/a><\/strong> que hall\u00e1ndose en el antiguo emplazamiento fue destrozada a golpes de marra con la intenci\u00f3n de desprender la capa de canter\u00eda que, seg\u00fan la creencia popular, era poco menos que la piel que cubr\u00eda la aut\u00e9ntica estatua de un b\u00f3vido de oro.<\/p>\n<p style=\"text-align: justify;\"><strong><a title=\"Pascual Madoz: Diccionario Hist\u00f3rico Geogr\u00e1fico\" href=\"http:\/\/books.google.es\/books\/about\/Diccionario_hist%C3%B3rico_geogr%C3%A1fico_de_Ex.html?id=ik99kgAACAAJ&#038;redir_esc=y\" rel=\"external nofollow\">Madoz<\/a><\/strong>, al referirse a las antig\u00fcedades segure\u00f1as ya citaba al \u201c<em>corpulento toro de piedra berroque\u00f1a, perfectamente trabajado, el cual est\u00e1 ca\u00eddo sobre el lado derecho; un berraco o cerdo de la misma piedra, que hoy forma parte de la pared de un huerto<\/em>\u201d.<\/p>\n<p style=\"text-align: justify;\">Sobre el lado descubierto dicen algunos que se le\u00eda un enigm\u00e1tico letrero:<\/p>\n<a href=\"\/extremadurasecreta\/wp-content\/uploads\/sites\/16\/2014\/07\/Captura-de-pantalla-2014-07-09-15.54.39_edited.jpg\"><img loading=\"lazy\" class=\"size-medium wp-image-1020\" title=\"Captura de pantalla 2014-07-09 15.54.39_edited\" src=\"\/extremadurasecreta\/wp-content\/uploads\/sites\/16\/2014\/07\/Captura-de-pantalla-2014-07-09-15.54.39_edited.jpg\" alt=\"\" width=\"300\" height=\"199\" srcset=\"https:\/\/static-blogs.hoy.es\/wp-content\/uploads\/sites\/16\/2014\/07\/Captura-de-pantalla-2014-07-09-15.54.39_edited.jpg 593w, https:\/\/static-blogs.hoy.es\/wp-content\/uploads\/sites\/16\/2014\/07\/Captura-de-pantalla-2014-07-09-15.54.39_edited-300x199.jpg 300w\" sizes=\"(max-width: 300px) 100vw, 300px\" \/><\/a>\n<p style=\"text-align: justify;\">\u201c<em>El que me rodee del otro lao <\/em><\/p>\n<p style=\"text-align: justify;\"><em>\u00a0ser\u00e1 afortunao<\/em>\u201d<\/p>\n<p style=\"text-align: justify;\">Los buscadores de riquezas consiguieron dar la vuelta a la gigantesca escultura, encontrando no el tesoro so\u00f1ado, sino otro letrero que, con mucha guasa, se re\u00eda de los forzudos mozos y que dec\u00eda:<\/p>\n<p style=\"text-align: justify;\">\u201c<em>Ahora que estoy volteao, <\/em><\/p>\n<p style=\"text-align: justify;\"><em>\u00a0me quedo m\u00e1s descansao<\/em>\u201d.<\/p>\n<p style=\"text-align: justify;\">Mucha gracia no le hizo a los buscadores de tesoros, que enojados por la tomadura de pelo,\u00a0 la emprendieron con la imagen de piedra y la destrozaron. Y es que hay gente con muy poco sentido del humor. Especialmente cuando hay cuernos por medio\u2026<\/p>\n<!-- AddThis Advanced Settings generic via filter on the_content --><!-- AddThis Share Buttons generic via filter on the_content -->","protected":false},"excerpt":{"rendered":"<p>&nbsp; El becerro de oro, ese dios pagano al que los israelitas adoraron en el desierto dando la espalda al dios de Mois\u00e9s, vino\u00a0 a ocultarse a Extremadura. Numerosos lugares de nuestra tierra, de los que ya hablaremos, pueden presumir de guardar en sus entra\u00f1as becerros de oro, pieles de bueyes\u00a0 rellenos de monedas y [&hellip;]<!-- AddThis Advanced Settings generic via filter on get_the_excerpt --><!-- AddThis Share Buttons generic via filter on get_the_excerpt --><\/p>\n","protected":false},"author":20,"featured_media":0,"comment_status":"open","ping_status":"closed","sticky":false,"template":"","format":"standard","meta":[],"categories":[10],"tags":[22,31,132,298,545,750,940,992,1100,1166,1233,1251],"_links":{"self":[{"href":"https:\/\/blogs.hoy.es\/extremadurasecreta\/wp-json\/wp\/v2\/posts\/1016"}],"collection":[{"href":"https:\/\/blogs.hoy.es\/extremadurasecreta\/wp-json\/wp\/v2\/posts"}],"about":[{"href":"https:\/\/blogs.hoy.es\/extremadurasecreta\/wp-json\/wp\/v2\/types\/post"}],"author":[{"embeddable":true,"href":"https:\/\/blogs.hoy.es\/extremadurasecreta\/wp-json\/wp\/v2\/users\/20"}],"replies":[{"embeddable":true,"href":"https:\/\/blogs.hoy.es\/extremadurasecreta\/wp-json\/wp\/v2\/comments?post=1016"}],"version-history":[{"count":0,"href":"https:\/\/blogs.hoy.es\/extremadurasecreta\/wp-json\/wp\/v2\/posts\/1016\/revisions"}],"wp:attachment":[{"href":"https:\/\/blogs.hoy.es\/extremadurasecreta\/wp-json\/wp\/v2\/media?parent=1016"}],"wp:term":[{"taxonomy":"category","embeddable":true,"href":"https:\/\/blogs.hoy.es\/extremadurasecreta\/wp-json\/wp\/v2\/categories?post=1016"},{"taxonomy":"post_tag","embeddable":true,"href":"https:\/\/blogs.hoy.es\/extremadurasecreta\/wp-json\/wp\/v2\/tags?post=1016"}],"curies":[{"name":"wp","href":"https:\/\/api.w.org\/{rel}","templated":true}]}}