{"id":1088,"date":"2015-02-01T23:19:57","date_gmt":"2015-02-01T21:19:57","guid":{"rendered":"http:\/\/blogs.hoy.es\/extremadurasecreta\/?p=1088"},"modified":"2015-02-01T23:19:57","modified_gmt":"2015-02-01T21:19:57","slug":"las-pantarujas-vuelven-a-arder-en-las-hogueras","status":"publish","type":"post","link":"https:\/\/blogs.hoy.es\/extremadurasecreta\/2015\/02\/01\/las-pantarujas-vuelven-a-arder-en-las-hogueras\/","title":{"rendered":"Las pantarujas vuelven a arder en las hogueras"},"content":{"rendered":"<div class=\"mceTemp mceIEcenter\"><\/div>\n<div id=\"attachment_1089\" style=\"width: 275px\" class=\"wp-caption alignleft\"><a href=\"\/extremadurasecreta\/wp-content\/uploads\/sites\/16\/2015\/02\/Pantaruja-p.jpg\"><img aria-describedby=\"caption-attachment-1089\" loading=\"lazy\" class=\"size-medium wp-image-1089\" title=\"Pantaruja p\" src=\"\/extremadurasecreta\/wp-content\/uploads\/sites\/16\/2015\/02\/Pantaruja-p.jpg\" alt=\"\" width=\"265\" height=\"300\" srcset=\"https:\/\/static-blogs.hoy.es\/wp-content\/uploads\/sites\/16\/2015\/02\/Pantaruja-p.jpg 3424w, https:\/\/static-blogs.hoy.es\/wp-content\/uploads\/sites\/16\/2015\/02\/Pantaruja-p-265x300.jpg 265w, https:\/\/static-blogs.hoy.es\/wp-content\/uploads\/sites\/16\/2015\/02\/Pantaruja-p-768x869.jpg 768w, https:\/\/static-blogs.hoy.es\/wp-content\/uploads\/sites\/16\/2015\/02\/Pantaruja-p-905x1024.jpg 905w\" sizes=\"(max-width: 265px) 100vw, 265px\" \/><\/a><p id=\"caption-attachment-1089\" class=\"wp-caption-text\">Ilustraci\u00f3n: Borja Gonz\u00e1lez Hoyos<\/p><\/div>\n<p><em>Llega la noche de las candelas.<\/em><\/p>\n<p><em>\u00a0Cada familia de labrantines<\/em><\/p>\n<p><em>tiene su lumbre junto a la puerta,<\/em><\/p>\n<p><em>y \u00a1ay de la casa sin candelorio!;<\/em><\/p>\n<p><em>\u00a0m\u00e1s le valiera<\/em><\/p>\n<p><em>\u00a0que la tomaran las pantarujas<\/em><\/p>\n<p><em>\u00a0para sus grajas y sus cornejas.<\/em><\/p>\n<p>&nbsp;<\/p>\n<p>&nbsp;<\/p>\n<p>&nbsp;<\/p>\n<p style=\"text-align: justify;\"><a title=\"Las brujas, de Luis Chamizo\" href=\"http:\/\/es.wikisource.org\/wiki\/Las_Brujas\" rel=\"external nofollow\"><strong>Luis Chamizo<\/strong> en su obra <strong>Las brujas<\/strong><\/a> ya menciona a las pantarujas, y es que <a title=\"De Aullones, Pantarujas, Mantarujas y Pamparamantas\" href=\"https:\/\/blogs.hoy.es\/extremadurasecreta\/2012\/02\/27\/de-aullones-pantarujas-pamparullas-y-pamparamantas\/\"><strong>brujas y pantarujas<\/strong> <\/a>primas son, si no hermanas.<\/p>\n<div id=\"attachment_1090\" style=\"width: 970px\" class=\"wp-caption alignleft\"><a href=\"\/extremadurasecreta\/wp-content\/uploads\/sites\/16\/2015\/02\/Pantaruja-Almendralejo-Dolores-Guerrero-Hernandez_edited.jpg\"><img aria-describedby=\"caption-attachment-1090\" loading=\"lazy\" class=\"size-full wp-image-1090\" title=\"Pantaruja Almendralejo Dolores Guerrero Hernandez_edited\" src=\"\/extremadurasecreta\/wp-content\/uploads\/sites\/16\/2015\/02\/Pantaruja-Almendralejo-Dolores-Guerrero-Hernandez_edited.jpg\" alt=\"\" width=\"960\" height=\"720\" srcset=\"https:\/\/static-blogs.hoy.es\/wp-content\/uploads\/sites\/16\/2015\/02\/Pantaruja-Almendralejo-Dolores-Guerrero-Hernandez_edited.jpg 960w, https:\/\/static-blogs.hoy.es\/wp-content\/uploads\/sites\/16\/2015\/02\/Pantaruja-Almendralejo-Dolores-Guerrero-Hernandez_edited-300x225.jpg 300w, https:\/\/static-blogs.hoy.es\/wp-content\/uploads\/sites\/16\/2015\/02\/Pantaruja-Almendralejo-Dolores-Guerrero-Hernandez_edited-768x576.jpg 768w\" sizes=\"(max-width: 960px) 100vw, 960px\" \/><\/a><p id=\"caption-attachment-1090\" class=\"wp-caption-text\">Brujas y pantarujas, primas hermanas (Fotograf\u00eda: Dolores Guerrero Hern\u00e1ndez)<\/p><\/div>\n<p style=\"text-align: justify;\">Anoche <a title=\"Almendralejo\" href=\"  http:\/\/es.wikipedia.org\/wiki\/Almendralejo\">Almendralejo <\/a>ard\u00eda en llamas. Mas de medio centenar de hogueras\u00a0 en las que ard\u00edan unos terribles personajes que aterrorizan a los ni\u00f1os del pueblo: las pantarujas. Pero la historia viene de lejos, con intermedios incluidos.<\/p>\n<p style=\"text-align: justify;\">Hagamos memoria\u2026 Cuando \u00e9ramos celtas, el 1 de febrero celebr\u00e1bamos la fiesta de Imbolc, o de la purificaci\u00f3n, en honor de la diosa Brigit, protectora del hogar, diosa del fuego y cuyo nombre deriva de Bricta, la &#8220;luminosa&#8221;. Imbolc era el d\u00eda en que Brighid recorr\u00eda la tierra y recog\u00eda la le\u00f1a que necesitaba para el resto del invierno.<\/p>\n<p style=\"text-align: justify;\">Cientos de a\u00f1os m\u00e1s tarde, cuando \u00e9ramos romanos, el 2 de Febrero celebr\u00e1bamos la fiesta \u00a0de las luces o de las antorchas: Durante toda la noche anterior, las mujeres acompa\u00f1aban a Dem\u00e9ter con teas encendidas en la b\u00fasqueda de su hija Pers\u00e9fone, que ha sido raptada por Hades -Plut\u00f3n- y llevada a la profundidad de los infiernos.<\/p>\n<p style=\"text-align: justify;\">Tambi\u00e9n cu\u00e1ndo \u00e9ramos romanos ilumin\u00e1bamos las calles\u00a0 con decenas de antorchas y teas en honor de<a title=\"Calendario pagano\" href=\"http:\/\/webs.uvigo.es\/masegosa\/calendario.pdf\" rel=\"external nofollow\"> Februa, madre de Marte<\/a>, a fin de que el dios, movido por el tributo a su madre, nos concediese la victoria sobre los enemigos del Imperio. Tambi\u00e9n ofrec\u00edamos sacrificios a Febrio-Plut\u00f3n para que fuese propicio con las almas de los muertos. Le ofrec\u00edamos v\u00edctimas y nos pasabamos la noche con antorchas encendidas en su honor.<\/p>\n<p style=\"text-align: justify;\">Avanzando en el tiempo, la llegada a nuestras tierras de la iglesia cat\u00f3lica transforma estos rituales en la fiesta de la Candelaria o purificaci\u00f3n de la Virgen tras el parto de Jes\u00fas.<\/p>\n<p style=\"text-align: justify;\">La celebraci\u00f3n de Las Candelas est\u00e1 documentada en Almendralejo desde el siglo XVII, aunque con interrupciones, ya que la celebraci\u00f3n ha tenido diferentes grados de popularidad a lo largo del tiempo, llegando a ser incluso una tradici\u00f3n casi perdida.<\/p>\n<p style=\"text-align: justify;\">Los sexagenarios a\u00fan recuerda cuando las pantarujas estaban prohibidas. aunque a\u00fan as\u00ed ard\u00edan las hogueras\u00a0 gracias a los trastos viejos que cada casa \u00a0hab\u00eda guardado durante el a\u00f1o y sacaba esta noche a la calle \u00a0para que ardiesen en las hogueras populares. La hoguera se completaba, hoy como ayer, con cepas viejas, sarmientos y ramas de olivo recogidos en el campo\u2026 \u00bfRecuerdan que la diosa celta \u00a0Brigit \u00a0recorr\u00eda esta noche el mundo recogiendo la le\u00f1a que necesitaba para el resto del invierno?<\/p>\n<div id=\"attachment_1091\" style=\"width: 481px\" class=\"wp-caption aligncenter\"><a href=\"\/extremadurasecreta\/wp-content\/uploads\/sites\/16\/2015\/02\/dolores-guerrero-alvarez_edited_edited.jpg\"><img aria-describedby=\"caption-attachment-1091\" loading=\"lazy\" class=\"size-full wp-image-1091\" title=\"dolores guerrero alvarez_edited_edited\" src=\"\/extremadurasecreta\/wp-content\/uploads\/sites\/16\/2015\/02\/dolores-guerrero-alvarez_edited_edited.jpg\" alt=\"\" width=\"471\" height=\"485\" srcset=\"https:\/\/static-blogs.hoy.es\/wp-content\/uploads\/sites\/16\/2015\/02\/dolores-guerrero-alvarez_edited_edited.jpg 471w, https:\/\/static-blogs.hoy.es\/wp-content\/uploads\/sites\/16\/2015\/02\/dolores-guerrero-alvarez_edited_edited-291x300.jpg 291w\" sizes=\"(max-width: 471px) 100vw, 471px\" \/><\/a><p id=\"caption-attachment-1091\" class=\"wp-caption-text\">Las pantarujas que ardieron anoche en Almendralejo (Dolores Guerrero)<\/p><\/div>\n<p style=\"text-align: justify;\">Pero volvamos a las pantarujas, que han sido siempre en Extremadura una especie de brujas o fantasmas que aparec\u00edan en las calles oscuras de los pueblos, aunque en Almendralejo no eran m\u00e1s que fantoches disfrazados con cestos en la cabeza y cubiertos por s\u00e1banas blancas\u2026 hasta que en el tercio final del siglo XX se incorporan de nuevo a la tradici\u00f3n, una fiesta que no solo resurge con fuerza, sino que consigue \u00a0convertirse, desde el a\u00f1o 1991, en Fiesta de Inter\u00e9s Tur\u00edstico de Extremadura.<\/p>\n<div id=\"attachment_1092\" style=\"width: 582px\" class=\"wp-caption aligncenter\"><a href=\"\/extremadurasecreta\/wp-content\/uploads\/sites\/16\/2015\/02\/10954536_758900657535820_2592686875459597099_n_edited_edited.jpg\"><img aria-describedby=\"caption-attachment-1092\" loading=\"lazy\" class=\"size-full wp-image-1092\" title=\"10954536_758900657535820_2592686875459597099_n_edited_edited\" src=\"\/extremadurasecreta\/wp-content\/uploads\/sites\/16\/2015\/02\/10954536_758900657535820_2592686875459597099_n_edited_edited.jpg\" alt=\"\" width=\"572\" height=\"826\" srcset=\"https:\/\/static-blogs.hoy.es\/wp-content\/uploads\/sites\/16\/2015\/02\/10954536_758900657535820_2592686875459597099_n_edited_edited.jpg 572w, https:\/\/static-blogs.hoy.es\/wp-content\/uploads\/sites\/16\/2015\/02\/10954536_758900657535820_2592686875459597099_n_edited_edited-208x300.jpg 208w\" sizes=\"(max-width: 572px) 100vw, 572px\" \/><\/a><p id=\"caption-attachment-1092\" class=\"wp-caption-text\">La pantaruja simboliza el mal que tiene que arder, que desaparecer... (Fotograf\u00eda: Dolores Guerrero Hern\u00e1ndez)<\/p><\/div>\n<p style=\"text-align: justify;\">El d\u00eda 1 de febrero, a las 8 en punto de la tarde, comienza el repique de campanas en la Torre de los Almendros de la Iglesia de la Purificaci\u00f3n, una torre que se ilumina s\u00f3lo por este d\u00eda imitando los destellos del fuego, ardiendo como si hubiera una hoguera en su interior. \u00a0Es la se\u00f1al para el encendido de la Candela Oficial. Poco despu\u00e9s los fuegos artificiales se\u00f1alan el momento del encendido del resto de las candelas.<\/p>\n<div id=\"attachment_1093\" style=\"width: 970px\" class=\"wp-caption aligncenter\"><a href=\"\/extremadurasecreta\/wp-content\/uploads\/sites\/16\/2015\/02\/1920569_758926797533206_395705375667874956_n_edited.jpg\"><img aria-describedby=\"caption-attachment-1093\" loading=\"lazy\" class=\"size-full wp-image-1093\" title=\"1920569_758926797533206_395705375667874956_n_edited\" src=\"\/extremadurasecreta\/wp-content\/uploads\/sites\/16\/2015\/02\/1920569_758926797533206_395705375667874956_n_edited.jpg\" alt=\"\" width=\"960\" height=\"720\" srcset=\"https:\/\/static-blogs.hoy.es\/wp-content\/uploads\/sites\/16\/2015\/02\/1920569_758926797533206_395705375667874956_n_edited.jpg 960w, https:\/\/static-blogs.hoy.es\/wp-content\/uploads\/sites\/16\/2015\/02\/1920569_758926797533206_395705375667874956_n_edited-300x225.jpg 300w, https:\/\/static-blogs.hoy.es\/wp-content\/uploads\/sites\/16\/2015\/02\/1920569_758926797533206_395705375667874956_n_edited-768x576.jpg 768w\" sizes=\"(max-width: 960px) 100vw, 960px\" \/><\/a><p id=\"caption-attachment-1093\" class=\"wp-caption-text\">Las hogueras purificaron anoche las calles de Almendralejo (Dolores Guerrero)<\/p><\/div>\n<p style=\"text-align: justify;\">En estas candelas se queman las pantarujas, brujas, demonios y\u00a0 personajes realizados de tela, cart\u00f3n o papel que representan el Mal, con may\u00fasculas, y los malos esp\u00edritus\u2026 Arden para purificar a los vecinos, a las casas,a las calles, al pueblo. Arde el Mal y arden las pantarujas en las hogueras, y un a\u00f1o m\u00e1s Almendralejo se levanta hoy limpio de maldad y a salvo de brujas , fantasmas y demonios. Al menos durante un tiempo\u2026<\/p>\n<p>&nbsp;<\/p>\n<p>&nbsp;<\/p>\n<p>&nbsp;<\/p>\n<p>&nbsp;<\/p>\n<p>&nbsp;<\/p>\n<p>&nbsp;<\/p>\n<p>&nbsp;<\/p>\n<p>&nbsp;<\/p>\n<p>&nbsp;<\/p>\n<p>&nbsp;<\/p>\n<p>&nbsp;<\/p>\n<p>&nbsp;<\/p>\n<!-- AddThis Advanced Settings generic via filter on the_content --><!-- AddThis Share Buttons generic via filter on the_content -->","protected":false},"excerpt":{"rendered":"<p>Llega la noche de las candelas. \u00a0Cada familia de labrantines tiene su lumbre junto a la puerta, y \u00a1ay de la casa sin candelorio!; \u00a0m\u00e1s le valiera \u00a0que la tomaran las pantarujas \u00a0para sus grajas y sus cornejas. &nbsp; &nbsp; &nbsp; Luis Chamizo en su obra Las brujas ya menciona a las pantarujas, y es [&hellip;]<!-- AddThis Advanced Settings generic via filter on get_the_excerpt --><!-- AddThis Share Buttons generic via filter on get_the_excerpt --><\/p>\n","protected":false},"author":20,"featured_media":0,"comment_status":"open","ping_status":"closed","sticky":false,"template":"","format":"standard","meta":[],"categories":[4,7,9],"tags":[61,152,156,498,613,634,678,749,932],"_links":{"self":[{"href":"https:\/\/blogs.hoy.es\/extremadurasecreta\/wp-json\/wp\/v2\/posts\/1088"}],"collection":[{"href":"https:\/\/blogs.hoy.es\/extremadurasecreta\/wp-json\/wp\/v2\/posts"}],"about":[{"href":"https:\/\/blogs.hoy.es\/extremadurasecreta\/wp-json\/wp\/v2\/types\/post"}],"author":[{"embeddable":true,"href":"https:\/\/blogs.hoy.es\/extremadurasecreta\/wp-json\/wp\/v2\/users\/20"}],"replies":[{"embeddable":true,"href":"https:\/\/blogs.hoy.es\/extremadurasecreta\/wp-json\/wp\/v2\/comments?post=1088"}],"version-history":[{"count":0,"href":"https:\/\/blogs.hoy.es\/extremadurasecreta\/wp-json\/wp\/v2\/posts\/1088\/revisions"}],"wp:attachment":[{"href":"https:\/\/blogs.hoy.es\/extremadurasecreta\/wp-json\/wp\/v2\/media?parent=1088"}],"wp:term":[{"taxonomy":"category","embeddable":true,"href":"https:\/\/blogs.hoy.es\/extremadurasecreta\/wp-json\/wp\/v2\/categories?post=1088"},{"taxonomy":"post_tag","embeddable":true,"href":"https:\/\/blogs.hoy.es\/extremadurasecreta\/wp-json\/wp\/v2\/tags?post=1088"}],"curies":[{"name":"wp","href":"https:\/\/api.w.org\/{rel}","templated":true}]}}