{"id":1096,"date":"2015-03-04T22:09:57","date_gmt":"2015-03-04T20:09:57","guid":{"rendered":"http:\/\/blogs.hoy.es\/extremadurasecreta\/?p=1096"},"modified":"2015-03-04T22:09:57","modified_gmt":"2015-03-04T20:09:57","slug":"los-tesoros-de-bodonal-de-la-sierra","status":"publish","type":"post","link":"https:\/\/blogs.hoy.es\/extremadurasecreta\/2015\/03\/04\/los-tesoros-de-bodonal-de-la-sierra\/","title":{"rendered":"Los tesoros de Bodonal de la Sierra"},"content":{"rendered":"<p>&nbsp;<\/p>\n<div class=\"mceTemp mceIEcenter\"><\/div>\n<p>&nbsp;<\/p>\n<p style=\"text-align: justify;\">\n<div id=\"attachment_1100\" style=\"width: 289px\" class=\"wp-caption alignleft\"><a href=\"\/extremadurasecreta\/wp-content\/uploads\/sites\/16\/2015\/03\/tesoro-de-orellana-peque_edited.jpg\"><img aria-describedby=\"caption-attachment-1100\" loading=\"lazy\" class=\"size-medium wp-image-1100\" title=\"tesoro de orellana peque_edited\" src=\"\/extremadurasecreta\/wp-content\/uploads\/sites\/16\/2015\/03\/tesoro-de-orellana-peque_edited.jpg\" alt=\"\" width=\"279\" height=\"300\" srcset=\"https:\/\/static-blogs.hoy.es\/wp-content\/uploads\/sites\/16\/2015\/03\/tesoro-de-orellana-peque_edited.jpg 1250w, https:\/\/static-blogs.hoy.es\/wp-content\/uploads\/sites\/16\/2015\/03\/tesoro-de-orellana-peque_edited-280x300.jpg 280w, https:\/\/static-blogs.hoy.es\/wp-content\/uploads\/sites\/16\/2015\/03\/tesoro-de-orellana-peque_edited-768x824.jpg 768w, https:\/\/static-blogs.hoy.es\/wp-content\/uploads\/sites\/16\/2015\/03\/tesoro-de-orellana-peque_edited-955x1024.jpg 955w\" sizes=\"(max-width: 279px) 100vw, 279px\" \/><\/a><p id=\"caption-attachment-1100\" class=\"wp-caption-text\">Ilustraci\u00f3n: Borja Gonz\u00e1lez Hoyos<\/p><\/div>\n<p style=\"text-align: justify;\">\n<p style=\"text-align: justify;\"><span style=\"font-size: small;\">Hoy se cumplen 72 a\u00f1os de la aparici\u00f3n de<a title=\"El espejo de los dioses\" href=\"https:\/\/www.academia.edu\/4497418\/La_joyer%C3%ADa_en_los_or%C3%ADgenes_de_Extremadura_El_espejo_de_los_dioses_Celestino_P%C3%A9rez_Sebasti%C3%A1n_y_Blanco_Fern%C3%A1ndez_Jose_Luis_2006_Badajoz_174_p%C3%A1gs._Serie_Ataecina._Colecci%C3%B3n_de_Estudios_Hist%C3%B3ricos_de_la_Lusitania_ISBN_84-87622-63-1\" rel=\"external nofollow\"> un tesoro en nuestras tierras<\/a>.\u00a0 Corr\u00eda el 5 de marzo de 1943 cuando tres vecinos de\u00a0 <strong>Bodonal de la Sierra<\/strong>, Julio y Leandro Quintanilla Guerra y \u00a0Manuel Quintanilla Mart\u00edn, empezaron a extraer tierra de un peque\u00f1o mont\u00edculo con la intenci\u00f3n de cerrar una zanja abierta en <em>La piedra El Cano, <\/em>\u00a0dentro de la finca <em>Los Llanos<\/em>. <\/span><\/p>\n<p style=\"text-align: justify;\"><span style=\"font-size: small;\">\u00a0<\/span><\/p>\n<p style=\"text-align: justify;\"><span style=\"font-size: small;\">All\u00ed encontraron, sobre una roca, una vasija de cer\u00e1mica. Jam\u00e1s imaginaron que dentro encontrar\u00edan un tesoro compuesto de 19 piezas de oro macizo de m\u00e1s de un kilo y medio. Las piezas son de la Edad del Bronce y el tesoro se puede contemplar en el Museo Arqueol\u00f3gico Nacional.<\/span><\/p>\n<p style=\"text-align: justify;\"><span style=\"font-size: small;\">\u00a0<\/span><\/p>\n<p style=\"text-align: justify;\"><span style=\"font-size: small;\">De todas las piezas, del siglo XII a. C., tres son brazaletes y 16 son fragmentos de torques o collares, en parte rotos.<\/span><\/p>\n<p style=\"text-align: justify;\"><span style=\"font-size: small;\">\u00a0<\/span><\/p>\n<p style=\"text-align: justify;\">\n<p style=\"text-align: justify;\"><span style=\"font-size: small;\">Los brazaletes se realizaron a partir de lingotes doblados y martilleados, sencillos y de ejecuci\u00f3n tosca presentando secciones poligonales irregulares. Los fragmentos de torques pertenecen a un tipo de collar caracterizado por un grueso alambre con los extremos ensanchados y vueltos, cuyo origen es irland\u00e9s y su \u00e1rea de dispersi\u00f3n abarca Gran Breta\u00f1a y Francia. Su presencia en Extremadura se debe al influjo de las corrientes culturales atl\u00e1nticas del Bronce final que caracterizan la orfebrer\u00eda y metalurgia de esos momentos.<\/span><\/p>\n<p style=\"text-align: justify;\"><span style=\"font-size: small;\">\u00a0<\/span><\/p>\n<div id=\"attachment_1098\" style=\"width: 711px\" class=\"wp-caption aligncenter\"><a href=\"\/extremadurasecreta\/wp-content\/uploads\/sites\/16\/2015\/03\/Tesoro-de-Bodonal-de-la-Sierra-MAN2010-06-18-0.06.56_edited_edited_1288x1880.jpg\"><img aria-describedby=\"caption-attachment-1098\" loading=\"lazy\" class=\"size-large wp-image-1098\" title=\"Tesoro de Bodonal de la Sierra (MAN)2010-06-18 0.06.56_edited_edited_1288x1880\" src=\"\/extremadurasecreta\/wp-content\/uploads\/sites\/16\/2015\/03\/Tesoro-de-Bodonal-de-la-Sierra-MAN2010-06-18-0.06.56_edited_edited_1288x1880.jpg\" alt=\"\" width=\"701\" height=\"1024\" srcset=\"https:\/\/static-blogs.hoy.es\/wp-content\/uploads\/sites\/16\/2015\/03\/Tesoro-de-Bodonal-de-la-Sierra-MAN2010-06-18-0.06.56_edited_edited_1288x1880.jpg 1288w, https:\/\/static-blogs.hoy.es\/wp-content\/uploads\/sites\/16\/2015\/03\/Tesoro-de-Bodonal-de-la-Sierra-MAN2010-06-18-0.06.56_edited_edited_1288x1880-206x300.jpg 206w, https:\/\/static-blogs.hoy.es\/wp-content\/uploads\/sites\/16\/2015\/03\/Tesoro-de-Bodonal-de-la-Sierra-MAN2010-06-18-0.06.56_edited_edited_1288x1880-768x1121.jpg 768w, https:\/\/static-blogs.hoy.es\/wp-content\/uploads\/sites\/16\/2015\/03\/Tesoro-de-Bodonal-de-la-Sierra-MAN2010-06-18-0.06.56_edited_edited_1288x1880-702x1024.jpg 702w\" sizes=\"(max-width: 701px) 100vw, 701px\" \/><\/a><p id=\"caption-attachment-1098\" class=\"wp-caption-text\">El tesoro de Bodonal de la Sierra (A. Briz)<\/p><\/div>\n<p style=\"text-align: justify;\">\n<p style=\"text-align: justify;\"><span style=\"font-size: small;\">Llama la atenci\u00f3n el hecho de que en la proximidad del \u00abtesoro\u00bb haya aparecido en una estela antropom\u00f3rfica de la que solo lo separan unos centenares de \u00a0metros, lo que indica seg\u00fan <a title=\"El antropomorfo de Bodonal de la Sierra\" href=\"https:\/\/www.academia.edu\/2626677\/El_antropomorfo_de_Bodonal_de_la_Sierra_Badajoz_Ensayo_de_interpretaci%C3%B3n_de_las_estelas-guijarro_y_sus_relaciones_atl%C3%A1nticas\" rel=\"external nofollow\">el profesor Luis Berrocal-Rangel<\/a>\u00a0\u00a0que ambos pudieran estar estrechamente relacionados.<\/span><\/p>\n<p style=\"text-align: justify;\"><span style=\"font-size: small;\">\u00a0<\/span><\/p>\n<p style=\"text-align: justify;\"><span style=\"font-size: small;\">Aunque no puede afirmarse que existiera una exclusiva implicaci\u00f3n entre estos antropomorfos y el trabajo o comercio de objetos a\u00fareos, Almagro Gorbea lIega a aventurar el \u00abcar\u00e1cter jer\u00e1rquico de las personas representadas y su posible relaci\u00f3n con sociedades mineras, tal vez especialmente dedicadas a la obtenci\u00f3n de oro\u00bb. <\/span><\/p>\n<p style=\"text-align: justify;\"><span style=\"font-size: small;\">\u00a0<\/span><\/p>\n<div id=\"attachment_1101\" style=\"width: 829px\" class=\"wp-caption aligncenter\"><a href=\"\/extremadurasecreta\/wp-content\/uploads\/sites\/16\/2015\/03\/Tesoro-de-Bodonal-de-la-Sierra-MAN2010-06-18-20.07.00_edited_edited_1245x1556.jpg\"><img aria-describedby=\"caption-attachment-1101\" loading=\"lazy\" class=\"size-large wp-image-1101\" title=\"Tesoro de Bodonal de la Sierra (MAN)2010-06-18 20.07.00_edited_edited_1245x1556\" src=\"\/extremadurasecreta\/wp-content\/uploads\/sites\/16\/2015\/03\/Tesoro-de-Bodonal-de-la-Sierra-MAN2010-06-18-20.07.00_edited_edited_1245x1556.jpg\" alt=\"\" width=\"819\" height=\"1024\" srcset=\"https:\/\/static-blogs.hoy.es\/wp-content\/uploads\/sites\/16\/2015\/03\/Tesoro-de-Bodonal-de-la-Sierra-MAN2010-06-18-20.07.00_edited_edited_1245x1556.jpg 1245w, https:\/\/static-blogs.hoy.es\/wp-content\/uploads\/sites\/16\/2015\/03\/Tesoro-de-Bodonal-de-la-Sierra-MAN2010-06-18-20.07.00_edited_edited_1245x1556-240x300.jpg 240w, https:\/\/static-blogs.hoy.es\/wp-content\/uploads\/sites\/16\/2015\/03\/Tesoro-de-Bodonal-de-la-Sierra-MAN2010-06-18-20.07.00_edited_edited_1245x1556-768x960.jpg 768w, https:\/\/static-blogs.hoy.es\/wp-content\/uploads\/sites\/16\/2015\/03\/Tesoro-de-Bodonal-de-la-Sierra-MAN2010-06-18-20.07.00_edited_edited_1245x1556-819x1024.jpg 819w\" sizes=\"(max-width: 819px) 100vw, 819px\" \/><\/a><p id=\"caption-attachment-1101\" class=\"wp-caption-text\">Tesoro de Bodonal de la Sierra (A. Briz)<\/p><\/div>\n<p style=\"text-align: justify;\">\n<p style=\"text-align: justify;\"><span style=\"font-size: small;\">Esto refuerza la supuesta relaci\u00f3n entre los dos hallazgos de Bodonal, \u00a0bien considerando los fragmentos de torques de oro como material de un aurifer, preparado para su refundici\u00f3n, bien como apreciado ajuar funerario, destruido ritualmente tras la muerte de su due\u00f1o.<\/span><\/p>\n<p style=\"text-align: justify;\"><span style=\"font-size: small;\">\u00a0<\/span><\/p>\n<div id=\"attachment_1102\" style=\"width: 654px\" class=\"wp-caption aligncenter\"><a href=\"\/extremadurasecreta\/wp-content\/uploads\/sites\/16\/2015\/03\/Estela-Bodonal-de-la-SierraIMG_7872-copia_edited_644x968.jpg\"><img aria-describedby=\"caption-attachment-1102\" loading=\"lazy\" class=\"size-full wp-image-1102\" title=\"Estela Bodonal de la SierraIMG_7872 - copia_edited_644x968\" src=\"\/extremadurasecreta\/wp-content\/uploads\/sites\/16\/2015\/03\/Estela-Bodonal-de-la-SierraIMG_7872-copia_edited_644x968.jpg\" alt=\"\" width=\"644\" height=\"968\" srcset=\"https:\/\/static-blogs.hoy.es\/wp-content\/uploads\/sites\/16\/2015\/03\/Estela-Bodonal-de-la-SierraIMG_7872-copia_edited_644x968.jpg 644w, https:\/\/static-blogs.hoy.es\/wp-content\/uploads\/sites\/16\/2015\/03\/Estela-Bodonal-de-la-SierraIMG_7872-copia_edited_644x968-200x300.jpg 200w\" sizes=\"(max-width: 644px) 100vw, 644px\" \/><\/a><p id=\"caption-attachment-1102\" class=\"wp-caption-text\">El antropomorfo de Bodonal (A. Briz)<\/p><\/div>\n<p style=\"text-align: justify;\">\n<p style=\"text-align: justify;\"><span style=\"font-size: small;\">El antropomorfo de Bodonal representa una manifestaci\u00f3n (posiblemente \u00a0p\u00f3stuma) de un personaje, probablemente una mujer, con un gran prestigio social, econ\u00f3mico y religioso. Esta manifestaci\u00f3n, propia del mundo atl\u00e1ntico peninsular, es el \u00faltimo eslab\u00f3n de una tradici\u00f3n de motivos antropomorfos megal\u00edticos, reflejos de cierta religiosidad cuya funci\u00f3n se volvi\u00f3 eminentemente funeraria \u00a0coincidiendo con el Bronce Final Atl\u00e1ntico, \u00e9poca de un gran esplendor en intercambios y en explotaciones metal\u00fargicas, en especial del oro. <\/span><\/p>\n<p style=\"text-align: justify;\"><span style=\"font-size: small;\">\u00a0Tesoros, al fin y al cabo, materiales y m\u00e1gicos, a\u00fareos y p\u00e9treos. Tan desconocidos y atrayentes como nuestros propios antepasados.<\/span><\/p>\n<p style=\"text-align: justify;\"><span style=\"font-size: small;\"><br \/>\n<\/span><\/p>\n<p style=\"text-align: justify;\">\n<p><span style=\"font-size: small;\">\u00a0<\/span><\/p>\n<p>&nbsp;<\/p>\n<!-- AddThis Advanced Settings generic via filter on the_content --><!-- AddThis Share Buttons generic via filter on the_content -->","protected":false},"excerpt":{"rendered":"<p>&nbsp; &nbsp; Hoy se cumplen 72 a\u00f1os de la aparici\u00f3n de un tesoro en nuestras tierras.\u00a0 Corr\u00eda el 5 de marzo de 1943 cuando tres vecinos de\u00a0 Bodonal de la Sierra, Julio y Leandro Quintanilla Guerra y \u00a0Manuel Quintanilla Mart\u00edn, empezaron a extraer tierra de un peque\u00f1o mont\u00edculo con la intenci\u00f3n de cerrar una zanja [&hellip;]<!-- AddThis Advanced Settings generic via filter on get_the_excerpt --><!-- AddThis Share Buttons generic via filter on get_the_excerpt --><\/p>\n","protected":false},"author":20,"featured_media":0,"comment_status":"open","ping_status":"closed","sticky":false,"template":"","format":"standard","meta":[],"categories":[4,7,10],"tags":[85,142,422,484,882,884,917,1166],"_links":{"self":[{"href":"https:\/\/blogs.hoy.es\/extremadurasecreta\/wp-json\/wp\/v2\/posts\/1096"}],"collection":[{"href":"https:\/\/blogs.hoy.es\/extremadurasecreta\/wp-json\/wp\/v2\/posts"}],"about":[{"href":"https:\/\/blogs.hoy.es\/extremadurasecreta\/wp-json\/wp\/v2\/types\/post"}],"author":[{"embeddable":true,"href":"https:\/\/blogs.hoy.es\/extremadurasecreta\/wp-json\/wp\/v2\/users\/20"}],"replies":[{"embeddable":true,"href":"https:\/\/blogs.hoy.es\/extremadurasecreta\/wp-json\/wp\/v2\/comments?post=1096"}],"version-history":[{"count":0,"href":"https:\/\/blogs.hoy.es\/extremadurasecreta\/wp-json\/wp\/v2\/posts\/1096\/revisions"}],"wp:attachment":[{"href":"https:\/\/blogs.hoy.es\/extremadurasecreta\/wp-json\/wp\/v2\/media?parent=1096"}],"wp:term":[{"taxonomy":"category","embeddable":true,"href":"https:\/\/blogs.hoy.es\/extremadurasecreta\/wp-json\/wp\/v2\/categories?post=1096"},{"taxonomy":"post_tag","embeddable":true,"href":"https:\/\/blogs.hoy.es\/extremadurasecreta\/wp-json\/wp\/v2\/tags?post=1096"}],"curies":[{"name":"wp","href":"https:\/\/api.w.org\/{rel}","templated":true}]}}